{"id":55,"date":"2016-11-11T10:11:55","date_gmt":"2016-11-11T09:11:55","guid":{"rendered":"http:\/\/www.lyceelecorbusier.eu\/pratiques-pedagogies\/?p=24"},"modified":"2017-01-24T10:52:42","modified_gmt":"2017-01-24T09:52:42","slug":"thomas-huard","status":"publish","type":"post","link":"https:\/\/www.lyceelecorbusier.eu\/urbanite-engagee\/?p=55","title":{"rendered":"Sol\u00e8ne DIETZ"},"content":{"rendered":"<p><span style=\"font-weight: 400\">Designer graphique de supports imprim\u00e9s, j&#8217;ai d\u00e9cid\u00e9 d&#8217;orienter ma formation vers une dimension sociale du design en int\u00e9grant l&#8217;In Situ Lab de Strasbourg.<\/span><\/p>\n<p><span style=\"font-weight: 400\">Cette ann\u00e9e, je fais partie du laboratoire Urbanit\u00e9 Engag\u00e9e, endroit de r\u00e9flexion commune et d&#8217;exp\u00e9rimentation, principalement \u00e0 la Maison Jeune Citoyen de Schiltigheim, afin de mener une recherche et un projet de dipl\u00f4me autour de l&#8217;expression publique. Mon objectif : r\u00e9int\u00e9grer la forme du d\u00e9bat sur les places de la ville par le biais d&#8217;exp\u00e9rimentations que je vais imaginer, fabriquer et tester tout au long de l&#8217;ann\u00e9e.<\/span><\/p>\n\n<!-- iframe plugin v.5.1 wordpress.org\/plugins\/iframe\/ -->\n<iframe src=\"\/\/player.vimeo.com\/video\/198581793?title=0&#038;amp;amp;byline=0\" width=\"425\" height=\"350\" 0=\"allowFullscreen=&quot;1&quot;&gt;&lt;\/iframe\" scrolling=\"yes\" class=\"iframe-class\" frameborder=\"0\"><\/iframe>\n\n<p>Pour suivre mon projet :<a href=\"https:\/\/lecritypo.tumblr.com\/\"> l&#8217;\u00e9critypo\u00a0<\/a><\/p>\n<p>&nbsp;<\/p>\n","protected":false},"excerpt":{"rendered":"<p>Designer graphique de supports imprim\u00e9s, j&#8217;ai d\u00e9cid\u00e9 d&#8217;orienter ma formation vers une dimension sociale du design en int\u00e9grant l&#8217;In Situ Lab de Strasbourg. Cette ann\u00e9e, je fais partie du laboratoire Urbanit\u00e9 Engag\u00e9e, endroit de r\u00e9flexion commune et d&#8217;exp\u00e9rimentation,&#8230; <a class=\"read-more\" href=\"https:\/\/www.lyceelecorbusier.eu\/urbanite-engagee\/?p=55\">Lire la suite&#8230;<\/a><\/p>\n","protected":false},"author":1,"featured_media":0,"comment_status":"closed","ping_status":"closed","sticky":false,"template":"","format":"standard","meta":[],"categories":[4],"tags":[],"_links":{"self":[{"href":"https:\/\/www.lyceelecorbusier.eu\/urbanite-engagee\/index.php?rest_route=\/wp\/v2\/posts\/55"}],"collection":[{"href":"https:\/\/www.lyceelecorbusier.eu\/urbanite-engagee\/index.php?rest_route=\/wp\/v2\/posts"}],"about":[{"href":"https:\/\/www.lyceelecorbusier.eu\/urbanite-engagee\/index.php?rest_route=\/wp\/v2\/types\/post"}],"author":[{"embeddable":true,"href":"https:\/\/www.lyceelecorbusier.eu\/urbanite-engagee\/index.php?rest_route=\/wp\/v2\/users\/1"}],"replies":[{"embeddable":true,"href":"https:\/\/www.lyceelecorbusier.eu\/urbanite-engagee\/index.php?rest_route=%2Fwp%2Fv2%2Fcomments&post=55"}],"version-history":[{"count":7,"href":"https:\/\/www.lyceelecorbusier.eu\/urbanite-engagee\/index.php?rest_route=\/wp\/v2\/posts\/55\/revisions"}],"predecessor-version":[{"id":191,"href":"https:\/\/www.lyceelecorbusier.eu\/urbanite-engagee\/index.php?rest_route=\/wp\/v2\/posts\/55\/revisions\/191"}],"wp:attachment":[{"href":"https:\/\/www.lyceelecorbusier.eu\/urbanite-engagee\/index.php?rest_route=%2Fwp%2Fv2%2Fmedia&parent=55"}],"wp:term":[{"taxonomy":"category","embeddable":true,"href":"https:\/\/www.lyceelecorbusier.eu\/urbanite-engagee\/index.php?rest_route=%2Fwp%2Fv2%2Fcategories&post=55"},{"taxonomy":"post_tag","embeddable":true,"href":"https:\/\/www.lyceelecorbusier.eu\/urbanite-engagee\/index.php?rest_route=%2Fwp%2Fv2%2Ftags&post=55"}],"curies":[{"name":"wp","href":"https:\/\/api.w.org\/{rel}","templated":true}]}}