{"id":54,"date":"2016-11-11T10:10:26","date_gmt":"2016-11-11T09:10:26","guid":{"rendered":"http:\/\/www.lyceelecorbusier.eu\/pratiques-pedagogies\/?p=21"},"modified":"2017-01-25T09:02:54","modified_gmt":"2017-01-25T08:02:54","slug":"juliette-ganteille","status":"publish","type":"post","link":"https:\/\/www.lyceelecorbusier.eu\/urbanite-engagee\/?p=54","title":{"rendered":"Morgane MARIN"},"content":{"rendered":"<p><span style=\"font-weight: 400\">Originaire du Sud de la France, Morgane a atterri en Alsace pour pr\u00e9parer le Dipl\u00f4me Sup\u00e9rieur des Arts Appliqu\u00e9s avec l\u2019In situ lab. C\u2019est avec le laboratoire Urbanit\u00e9 Engag\u00e9e qu\u2019elle inscrit son projet sur le territoire urbain qui est, pour elle, porteur de valeur. C\u2019est pourquoi elle souhaite d\u00e9velopper et co-concevoir des structures et des dispositifs qui permettent aux femmes d\u2019investir la ville. Pour que la ville devienne un lieu commun du vivre ensemble, chacun.e doit pouvoir s\u2019approprier l\u2019espace public \u00e0 \u00e9galit\u00e9.<\/span><\/p>\n<p>Pour la contacter, c&#8217;est ici : morgane.marin.d@gmail.com<\/p>\n<p>Et pour suivre son projet, par l\u00e0 \u00a0: <em><strong><a href=\"http:\/\/morganemarind.wixsite.com\/placeauxfemmes\">place aux femmes<\/a><\/strong><\/em><\/p>\n<p>&nbsp;<\/p>\n<p><iframe loading=\"lazy\" src=\"https:\/\/player.vimeo.com\/video\/195942381\" width=\"640\" height=\"360\" frameborder=\"0\" title=\"Place aux femmes\" webkitallowfullscreen mozallowfullscreen allowfullscreen><\/iframe><\/p>\n","protected":false},"excerpt":{"rendered":"<p>Originaire du Sud de la France, Morgane a atterri en Alsace pour pr\u00e9parer le Dipl\u00f4me Sup\u00e9rieur des Arts Appliqu\u00e9s avec l\u2019In situ lab. C\u2019est avec le laboratoire Urbanit\u00e9 Engag\u00e9e qu\u2019elle inscrit son projet sur le territoire urbain qui&#8230; <a class=\"read-more\" href=\"https:\/\/www.lyceelecorbusier.eu\/urbanite-engagee\/?p=54\">Lire la suite&#8230;<\/a><\/p>\n","protected":false},"author":1,"featured_media":0,"comment_status":"closed","ping_status":"closed","sticky":false,"template":"","format":"standard","meta":[],"categories":[4],"tags":[],"_links":{"self":[{"href":"https:\/\/www.lyceelecorbusier.eu\/urbanite-engagee\/index.php?rest_route=\/wp\/v2\/posts\/54"}],"collection":[{"href":"https:\/\/www.lyceelecorbusier.eu\/urbanite-engagee\/index.php?rest_route=\/wp\/v2\/posts"}],"about":[{"href":"https:\/\/www.lyceelecorbusier.eu\/urbanite-engagee\/index.php?rest_route=\/wp\/v2\/types\/post"}],"author":[{"embeddable":true,"href":"https:\/\/www.lyceelecorbusier.eu\/urbanite-engagee\/index.php?rest_route=\/wp\/v2\/users\/1"}],"replies":[{"embeddable":true,"href":"https:\/\/www.lyceelecorbusier.eu\/urbanite-engagee\/index.php?rest_route=%2Fwp%2Fv2%2Fcomments&post=54"}],"version-history":[{"count":13,"href":"https:\/\/www.lyceelecorbusier.eu\/urbanite-engagee\/index.php?rest_route=\/wp\/v2\/posts\/54\/revisions"}],"predecessor-version":[{"id":211,"href":"https:\/\/www.lyceelecorbusier.eu\/urbanite-engagee\/index.php?rest_route=\/wp\/v2\/posts\/54\/revisions\/211"}],"wp:attachment":[{"href":"https:\/\/www.lyceelecorbusier.eu\/urbanite-engagee\/index.php?rest_route=%2Fwp%2Fv2%2Fmedia&parent=54"}],"wp:term":[{"taxonomy":"category","embeddable":true,"href":"https:\/\/www.lyceelecorbusier.eu\/urbanite-engagee\/index.php?rest_route=%2Fwp%2Fv2%2Fcategories&post=54"},{"taxonomy":"post_tag","embeddable":true,"href":"https:\/\/www.lyceelecorbusier.eu\/urbanite-engagee\/index.php?rest_route=%2Fwp%2Fv2%2Ftags&post=54"}],"curies":[{"name":"wp","href":"https:\/\/api.w.org\/{rel}","templated":true}]}}