{"id":31,"date":"2016-11-11T10:19:51","date_gmt":"2016-11-11T09:19:51","guid":{"rendered":"http:\/\/www.lyceelecorbusier.eu\/pratiques-pedagogies\/?p=31"},"modified":"2017-01-22T13:45:01","modified_gmt":"2017-01-22T12:45:01","slug":"pauline-molina","status":"publish","type":"post","link":"https:\/\/www.lyceelecorbusier.eu\/urbanite-engagee\/?p=31","title":{"rendered":"Florent ALEXANDRE"},"content":{"rendered":"<p><span style=\"font-weight: 400\">Bonjour !\u00a0<\/span><span style=\"font-size: 1em\">Je suis Florent Alexandre et je suis \u00e9tudiant \u00e0 l\u2019InSituLab pour devenir designer de terrain. Int\u00e9ress\u00e9 tout d\u2019abord par les objets, j\u2019oriente \u00e0 pr\u00e9sent ma r\u00e9flexion autour d\u2019outils pour travailler ensemble. Je profite de cette ann\u00e9e de recherches pour questionner les rapports entre les histoires et les formes d\u2019expressions afin de t\u00e9moigner d\u2019une culture commune. \u201cUrbanit\u00e9 Engag\u00e9e\u201d devient alors pour moi un lieu d\u2019exp\u00e9riences narratives et utopiques pour construire une d\u00e9finition de la citoyennet\u00e9 dans l\u2019espace public.<\/span><\/p>\n<p>Pour suivre mon projet d&#8217;\u00e9tude, rendez-vous sur <em><a href=\"http:\/\/letheatreducommun.tumblr.com\/\">le Th\u00e9\u00e2tre du commun<\/a>.<\/em><\/p>\n<p>Et pour me contacter : falexandre.insitulab@gmail.com.<\/p>\n<p><iframe loading=\"lazy\" src=\"https:\/\/player.vimeo.com\/video\/200545624\" width=\"640\" height=\"360\" frameborder=\"0\" title=\"Place au th&eacute;&acirc;tre du commun !\" webkitallowfullscreen mozallowfullscreen allowfullscreen><\/iframe><\/p>\n","protected":false},"excerpt":{"rendered":"<p>Bonjour !\u00a0Je suis Florent Alexandre et je suis \u00e9tudiant \u00e0 l\u2019InSituLab pour devenir designer de terrain. Int\u00e9ress\u00e9 tout d\u2019abord par les objets, j\u2019oriente \u00e0 pr\u00e9sent ma r\u00e9flexion autour d\u2019outils pour travailler ensemble. Je profite de cette ann\u00e9e de&#8230; <a class=\"read-more\" href=\"https:\/\/www.lyceelecorbusier.eu\/urbanite-engagee\/?p=31\">Lire la suite&#8230;<\/a><\/p>\n","protected":false},"author":1,"featured_media":0,"comment_status":"closed","ping_status":"closed","sticky":false,"template":"","format":"standard","meta":[],"categories":[4],"tags":[],"_links":{"self":[{"href":"https:\/\/www.lyceelecorbusier.eu\/urbanite-engagee\/index.php?rest_route=\/wp\/v2\/posts\/31"}],"collection":[{"href":"https:\/\/www.lyceelecorbusier.eu\/urbanite-engagee\/index.php?rest_route=\/wp\/v2\/posts"}],"about":[{"href":"https:\/\/www.lyceelecorbusier.eu\/urbanite-engagee\/index.php?rest_route=\/wp\/v2\/types\/post"}],"author":[{"embeddable":true,"href":"https:\/\/www.lyceelecorbusier.eu\/urbanite-engagee\/index.php?rest_route=\/wp\/v2\/users\/1"}],"replies":[{"embeddable":true,"href":"https:\/\/www.lyceelecorbusier.eu\/urbanite-engagee\/index.php?rest_route=%2Fwp%2Fv2%2Fcomments&post=31"}],"version-history":[{"count":6,"href":"https:\/\/www.lyceelecorbusier.eu\/urbanite-engagee\/index.php?rest_route=\/wp\/v2\/posts\/31\/revisions"}],"predecessor-version":[{"id":188,"href":"https:\/\/www.lyceelecorbusier.eu\/urbanite-engagee\/index.php?rest_route=\/wp\/v2\/posts\/31\/revisions\/188"}],"wp:attachment":[{"href":"https:\/\/www.lyceelecorbusier.eu\/urbanite-engagee\/index.php?rest_route=%2Fwp%2Fv2%2Fmedia&parent=31"}],"wp:term":[{"taxonomy":"category","embeddable":true,"href":"https:\/\/www.lyceelecorbusier.eu\/urbanite-engagee\/index.php?rest_route=%2Fwp%2Fv2%2Fcategories&post=31"},{"taxonomy":"post_tag","embeddable":true,"href":"https:\/\/www.lyceelecorbusier.eu\/urbanite-engagee\/index.php?rest_route=%2Fwp%2Fv2%2Ftags&post=31"}],"curies":[{"name":"wp","href":"https:\/\/api.w.org\/{rel}","templated":true}]}}