{"id":252,"date":"2017-03-15T09:23:39","date_gmt":"2017-03-15T08:23:39","guid":{"rendered":"http:\/\/www.lyceelecorbusier.eu\/urbanite-engagee\/?p=252"},"modified":"2017-03-15T11:53:44","modified_gmt":"2017-03-15T10:53:44","slug":"restitution-du-seminaire","status":"publish","type":"post","link":"https:\/\/www.lyceelecorbusier.eu\/urbanite-engagee\/?p=252","title":{"rendered":"Restitution du s\u00e9minaire"},"content":{"rendered":"<p><em><strong>Bonjour \u00e0 toutes et \u00e0 tous ! Bienvenue \u00e0 l\u2019ouverture publique de notre caf\u00e9 chantier. Ce chantier est construit par Urbanit\u00e9 Engag\u00e9e, laboratoire de recherche qui se questionne autour de la citoyennet\u00e9 et comment agir dans l\u2019espace public. <\/strong><\/em><\/p>\n<p><em>Cette recherche se construit en temps d\u2019atelier, que nous menons \u00e0 la Maison Jeune Citoyen de Schiltigheim. Depuis maintenant octobre, moment de concr\u00e9tisation de ce laboratoire, une des questions qui nous est souvent pos\u00e9e est la suivante : devons-nous \u00e9crire Urbanit\u00e9 Engag\u00e9e avec S ou sans S ? Ce S semble poser probl\u00e8me, et nous pensons qu\u2019il est temps d\u2019ouvrir le d\u00e9bat avec vous et les intervenant.e.s que nous avons convi\u00e9 aujourd\u2019hui, et que nous remercions vivement de leur pr\u00e9sence. Nous avons aussi mis \u00e0 votre disposition diff\u00e9rents outils qui vont vous permettre d\u2019interagir avec nous. Vous pouvez donc apercevoir\u00a0des supports \u00e0 questions, donc \u00e0 la moindre interrogation, n\u2019h\u00e9sitez pas \u00e0 nous la poser, lever la main, et nos afficheur.se.s ici pr\u00e9sent.e.s pourront les donner \u00e0 voir sur les\u00a0murs. Vous avez aussi devant vous des notes passantes qui vont vous permettre de contribuer \u00e0 la restitution. Au cours de cette journ\u00e9e, nous allons tous les cinq vous pr\u00e9senter nos recherches en chantier. Dans un premier temps, nous \u00e9tablirons les constats que nous avons pu faire dans l\u2019espace urbain, ce qui nous am\u00e8nera \u00e0 nous interroger sur les organisations politiques de la cit\u00e9. Au cours de l\u2019apr\u00e8s-midi, nous nous demanderons comment nous pouvons fabriquer ensemble la ville pour tendre \u00e0 une coop\u00e9ration citoyenne. Enfin, nous vous exposerons des mani\u00e8res alternatives pour habiter la ville selon nos postures de designers. Il est maintenant 10h, c\u2019est l\u2019heure de commencer la construction !\u00a0<\/em><\/p>\n<p><img class=\"alignnone size-medium wp-image-258\" src=\"http:\/\/www.lyceelecorbusier.eu\/urbanite-engagee\/wp-content\/uploads\/sites\/31\/2017\/03\/45555.jpg\" alt=\"\" \/><\/p>\n<p><img class=\"alignnone size-medium wp-image-264\" src=\"http:\/\/www.lyceelecorbusier.eu\/urbanite-engagee\/wp-content\/uploads\/sites\/31\/2017\/03\/444.jpg\" alt=\"\" \/><\/p>\n<p>Le caf\u00e9 ouvert est\u00a0un espace convivial, marqu\u00e9 d&#8217;une ambiance\u00a0chantier. Pourquoi en chantier ? Car notre discours s\u2019enrichit au fur et \u00e0 mesure des id\u00e9es de chacun.e ! Les tables disparates, faites de palettes ou de rouleaux \u00e9lectriques permettent \u00e0 tous et toutes de venir se retrouver autour d\u2019un caf\u00e9.\u00a0Tout autour des tables gravitent des panneaux d\u2019affichage que l\u2019on retrouve dans l\u2019espace urbain. Au fil des d\u00e9bats, les supports\u00a0se remplissent : de citations, d\u2019images et de questions qui permettent \u00e0 la fin de chaque moment une retranscription visuelle de nos propos. C\u2019est un syst\u00e8me collaboratif, o\u00f9 chacun.e peut intervenir. Cette configuration permet des moments d\u2019\u00e9change et de partage entre les intervenant.e.s et le public. Nous, Urbanit\u00e9 Engag\u00e9e, allons d\u2019un espace \u00e0 un autre, passant entre les tables, pour se rapprocher du public. Ces d\u00e9placements permettent de cr\u00e9er des temps de pause mais aussi de changer l\u2019orientation du caf\u00e9, d\u00e9couvrant des nouveaux points de vue.<\/p>\n<p><img class=\"alignnone size-medium wp-image-265\" src=\"http:\/\/www.lyceelecorbusier.eu\/urbanite-engagee\/wp-content\/uploads\/sites\/31\/2017\/03\/4888.jpg\" alt=\"\" \/> \u00a0<img class=\"alignnone size-medium wp-image-267\" src=\"http:\/\/www.lyceelecorbusier.eu\/urbanite-engagee\/wp-content\/uploads\/sites\/31\/2017\/03\/78965.jpg\" alt=\"\" \/><\/p>\n<p>Au moment du d\u00e9jeuner, nous entrons ensemble dans le \u201cDwich Yourself\u201d, coordonn\u00e9 par Julien et Ma\u00ebva. C\u2019est le temps d\u2019un sandwich partag\u00e9 o\u00f9 chacun.e met la main \u00e0 la patte. Plan de travail, d\u00e9coupe et produits frais. \u00c9tudiant.e.s, professionnel.le.s, invit\u00e9.e.s, professeur.e.s se m\u00e9langent et discutent sur un fond musical. Cette pause conviviale et l\u00e9g\u00e8re au milieu de la journ\u00e9e est la bienvenue ! C\u2019est un moment privil\u00e9gi\u00e9 d\u2019\u00e9changes riches et de rencontres impromptues.<\/p>\n<p>Aper\u00e7u de l&#8217;\u00e9dition :<\/p>\n<p><img loading=\"lazy\" class=\"wp-image-272 aligncenter\" src=\"http:\/\/www.lyceelecorbusier.eu\/urbanite-engagee\/wp-content\/uploads\/sites\/31\/2017\/03\/Edition-rencontres-restitution.jpg\" alt=\"\" width=\"843\" height=\"572\" \/><\/p>\n<p><strong>Retrouvez en d\u00e9tails les synth\u00e8ses des diff\u00e9rents moments de la journ\u00e9e <a href=\"http:\/\/www.lyceelecorbusier.eu\/urbanite-engagee\/wp-content\/uploads\/sites\/31\/2017\/03\/Urbe2.pdf\">ici<\/a><\/strong><\/p>\n<p>Le laboratoire tient \u00e0 remercier Gr\u00e9goire Zab\u00e9, Emmanuel Marx, l\u2019atelier Approche.s ! , le collectif Ne Rougissez Pas, Lucile Biarrotte, Alexandre Faivre et Jo\u00eblle Gerber pour leur participation aux d\u00e9bats. A Bruno Lavelle, Jean Obrecht et tous les\u00a0membres de l\u2019in situ lab, en somme \u00e0 tous et toutes les participant.e.s sans lesquelles ce beau moment\u00a0n\u2019aurait pas vu le jour !<\/p>\n<p><img class=\"alignnone size-medium wp-image-289\" src=\"http:\/\/www.lyceelecorbusier.eu\/urbanite-engagee\/wp-content\/uploads\/sites\/31\/2017\/03\/74.jpg\" alt=\"\" \/><\/p>\n<p>&nbsp;<\/p>\n<p>&nbsp;<\/p>\n<p>&nbsp;<\/p>\n","protected":false},"excerpt":{"rendered":"<p>Bonjour \u00e0 toutes et \u00e0 tous ! Bienvenue \u00e0 l\u2019ouverture publique de notre caf\u00e9 chantier. Ce chantier est construit par Urbanit\u00e9 Engag\u00e9e, laboratoire de recherche qui se questionne autour de la citoyennet\u00e9 et comment agir dans l\u2019espace public&#8230;. <a class=\"read-more\" href=\"https:\/\/www.lyceelecorbusier.eu\/urbanite-engagee\/?p=252\">Lire la suite&#8230;<\/a><\/p>\n","protected":false},"author":1,"featured_media":285,"comment_status":"closed","ping_status":"closed","sticky":false,"template":"","format":"standard","meta":[],"categories":[3],"tags":[],"_links":{"self":[{"href":"https:\/\/www.lyceelecorbusier.eu\/urbanite-engagee\/index.php?rest_route=\/wp\/v2\/posts\/252"}],"collection":[{"href":"https:\/\/www.lyceelecorbusier.eu\/urbanite-engagee\/index.php?rest_route=\/wp\/v2\/posts"}],"about":[{"href":"https:\/\/www.lyceelecorbusier.eu\/urbanite-engagee\/index.php?rest_route=\/wp\/v2\/types\/post"}],"author":[{"embeddable":true,"href":"https:\/\/www.lyceelecorbusier.eu\/urbanite-engagee\/index.php?rest_route=\/wp\/v2\/users\/1"}],"replies":[{"embeddable":true,"href":"https:\/\/www.lyceelecorbusier.eu\/urbanite-engagee\/index.php?rest_route=%2Fwp%2Fv2%2Fcomments&post=252"}],"version-history":[{"count":19,"href":"https:\/\/www.lyceelecorbusier.eu\/urbanite-engagee\/index.php?rest_route=\/wp\/v2\/posts\/252\/revisions"}],"predecessor-version":[{"id":301,"href":"https:\/\/www.lyceelecorbusier.eu\/urbanite-engagee\/index.php?rest_route=\/wp\/v2\/posts\/252\/revisions\/301"}],"wp:featuredmedia":[{"embeddable":true,"href":"https:\/\/www.lyceelecorbusier.eu\/urbanite-engagee\/index.php?rest_route=\/wp\/v2\/media\/285"}],"wp:attachment":[{"href":"https:\/\/www.lyceelecorbusier.eu\/urbanite-engagee\/index.php?rest_route=%2Fwp%2Fv2%2Fmedia&parent=252"}],"wp:term":[{"taxonomy":"category","embeddable":true,"href":"https:\/\/www.lyceelecorbusier.eu\/urbanite-engagee\/index.php?rest_route=%2Fwp%2Fv2%2Fcategories&post=252"},{"taxonomy":"post_tag","embeddable":true,"href":"https:\/\/www.lyceelecorbusier.eu\/urbanite-engagee\/index.php?rest_route=%2Fwp%2Fv2%2Ftags&post=252"}],"curies":[{"name":"wp","href":"https:\/\/api.w.org\/{rel}","templated":true}]}}