{"id":232,"date":"2017-02-04T13:19:12","date_gmt":"2017-02-04T12:19:12","guid":{"rendered":"http:\/\/www.lyceelecorbusier.eu\/urbanite-engagee\/?p=232"},"modified":"2017-02-04T14:19:15","modified_gmt":"2017-02-04T13:19:15","slug":"atelier-du-25-janvier","status":"publish","type":"post","link":"https:\/\/www.lyceelecorbusier.eu\/urbanite-engagee\/?p=232","title":{"rendered":"Atelier du 25 Janvier"},"content":{"rendered":"<p>Meubler, cartographier, annoncer, concevoir et imaginer !<\/p>\n<p>Quatri\u00e8me intervention du laboratoire Urbanit\u00e9 Engag\u00e9e pour construire notre ville r\u00eav\u00e9e avec les enfants de la Maison des Jeunes Citoyens. Quelle ville projetons-nous ? Une ville partag\u00e9e, narrative, et imaginative !<\/p>\n<p>Pour lire la restitution des ateliers, c\u2019est <a href=\"http:\/\/www.lyceelecorbusier.eu\/urbanite-engagee\/wp-content\/uploads\/sites\/31\/2017\/02\/restitution4_site.pdf\">ici<\/a><\/p>\n","protected":false},"excerpt":{"rendered":"<p>Meubler, cartographier, annoncer, concevoir et imaginer ! Quatri\u00e8me intervention du laboratoire Urbanit\u00e9 Engag\u00e9e pour construire notre ville r\u00eav\u00e9e avec les enfants de la Maison des Jeunes Citoyens. Quelle ville projetons-nous ? Une ville partag\u00e9e, narrative, et imaginative !&#8230; <a class=\"read-more\" href=\"https:\/\/www.lyceelecorbusier.eu\/urbanite-engagee\/?p=232\">Lire la suite&#8230;<\/a><\/p>\n","protected":false},"author":1,"featured_media":244,"comment_status":"closed","ping_status":"closed","sticky":false,"template":"","format":"standard","meta":[],"categories":[3],"tags":[],"_links":{"self":[{"href":"https:\/\/www.lyceelecorbusier.eu\/urbanite-engagee\/index.php?rest_route=\/wp\/v2\/posts\/232"}],"collection":[{"href":"https:\/\/www.lyceelecorbusier.eu\/urbanite-engagee\/index.php?rest_route=\/wp\/v2\/posts"}],"about":[{"href":"https:\/\/www.lyceelecorbusier.eu\/urbanite-engagee\/index.php?rest_route=\/wp\/v2\/types\/post"}],"author":[{"embeddable":true,"href":"https:\/\/www.lyceelecorbusier.eu\/urbanite-engagee\/index.php?rest_route=\/wp\/v2\/users\/1"}],"replies":[{"embeddable":true,"href":"https:\/\/www.lyceelecorbusier.eu\/urbanite-engagee\/index.php?rest_route=%2Fwp%2Fv2%2Fcomments&post=232"}],"version-history":[{"count":3,"href":"https:\/\/www.lyceelecorbusier.eu\/urbanite-engagee\/index.php?rest_route=\/wp\/v2\/posts\/232\/revisions"}],"predecessor-version":[{"id":239,"href":"https:\/\/www.lyceelecorbusier.eu\/urbanite-engagee\/index.php?rest_route=\/wp\/v2\/posts\/232\/revisions\/239"}],"wp:featuredmedia":[{"embeddable":true,"href":"https:\/\/www.lyceelecorbusier.eu\/urbanite-engagee\/index.php?rest_route=\/wp\/v2\/media\/244"}],"wp:attachment":[{"href":"https:\/\/www.lyceelecorbusier.eu\/urbanite-engagee\/index.php?rest_route=%2Fwp%2Fv2%2Fmedia&parent=232"}],"wp:term":[{"taxonomy":"category","embeddable":true,"href":"https:\/\/www.lyceelecorbusier.eu\/urbanite-engagee\/index.php?rest_route=%2Fwp%2Fv2%2Fcategories&post=232"},{"taxonomy":"post_tag","embeddable":true,"href":"https:\/\/www.lyceelecorbusier.eu\/urbanite-engagee\/index.php?rest_route=%2Fwp%2Fv2%2Ftags&post=232"}],"curies":[{"name":"wp","href":"https:\/\/api.w.org\/{rel}","templated":true}]}}