{"id":219,"date":"2017-02-02T11:53:46","date_gmt":"2017-02-02T10:53:46","guid":{"rendered":"http:\/\/www.lyceelecorbusier.eu\/urbanite-engagee\/?p=219"},"modified":"2017-02-04T17:59:22","modified_gmt":"2017-02-04T16:59:22","slug":"atelier-du-14-decembre","status":"publish","type":"post","link":"https:\/\/www.lyceelecorbusier.eu\/urbanite-engagee\/?p=219","title":{"rendered":"Atelier du 14 d\u00e9cembre"},"content":{"rendered":"<p>B\u00e2tir\u00a0!<\/p>\n<p><span style=\"font-weight: 400\">Troisi\u00e8me intervention du laboratoire Urbanit\u00e9 Engag\u00e9e pour construire notre ville r\u00eav\u00e9e avec les enfants de la Maison des Jeunes Citoyens. Une s\u00e9ance enti\u00e8re pour construire des usages utopiques avec des cartons !<\/span><\/p>\n<p>Pour lire la restitution des ateliers, c\u2019est <a href=\"http:\/\/www.lyceelecorbusier.eu\/urbanite-engagee\/wp-content\/uploads\/sites\/31\/2017\/02\/restitution_atelier3_site.pdf\">ici<\/a>\u00a0!<\/p>\n","protected":false},"excerpt":{"rendered":"<p>B\u00e2tir\u00a0! Troisi\u00e8me intervention du laboratoire Urbanit\u00e9 Engag\u00e9e pour construire notre ville r\u00eav\u00e9e avec les enfants de la Maison des Jeunes Citoyens. Une s\u00e9ance enti\u00e8re pour construire des usages utopiques avec des cartons ! Pour lire la restitution des&#8230; <a class=\"read-more\" href=\"https:\/\/www.lyceelecorbusier.eu\/urbanite-engagee\/?p=219\">Lire la suite&#8230;<\/a><\/p>\n","protected":false},"author":1,"featured_media":227,"comment_status":"closed","ping_status":"closed","sticky":false,"template":"","format":"standard","meta":[],"categories":[3],"tags":[],"_links":{"self":[{"href":"https:\/\/www.lyceelecorbusier.eu\/urbanite-engagee\/index.php?rest_route=\/wp\/v2\/posts\/219"}],"collection":[{"href":"https:\/\/www.lyceelecorbusier.eu\/urbanite-engagee\/index.php?rest_route=\/wp\/v2\/posts"}],"about":[{"href":"https:\/\/www.lyceelecorbusier.eu\/urbanite-engagee\/index.php?rest_route=\/wp\/v2\/types\/post"}],"author":[{"embeddable":true,"href":"https:\/\/www.lyceelecorbusier.eu\/urbanite-engagee\/index.php?rest_route=\/wp\/v2\/users\/1"}],"replies":[{"embeddable":true,"href":"https:\/\/www.lyceelecorbusier.eu\/urbanite-engagee\/index.php?rest_route=%2Fwp%2Fv2%2Fcomments&post=219"}],"version-history":[{"count":8,"href":"https:\/\/www.lyceelecorbusier.eu\/urbanite-engagee\/index.php?rest_route=\/wp\/v2\/posts\/219\/revisions"}],"predecessor-version":[{"id":248,"href":"https:\/\/www.lyceelecorbusier.eu\/urbanite-engagee\/index.php?rest_route=\/wp\/v2\/posts\/219\/revisions\/248"}],"wp:featuredmedia":[{"embeddable":true,"href":"https:\/\/www.lyceelecorbusier.eu\/urbanite-engagee\/index.php?rest_route=\/wp\/v2\/media\/227"}],"wp:attachment":[{"href":"https:\/\/www.lyceelecorbusier.eu\/urbanite-engagee\/index.php?rest_route=%2Fwp%2Fv2%2Fmedia&parent=219"}],"wp:term":[{"taxonomy":"category","embeddable":true,"href":"https:\/\/www.lyceelecorbusier.eu\/urbanite-engagee\/index.php?rest_route=%2Fwp%2Fv2%2Fcategories&post=219"},{"taxonomy":"post_tag","embeddable":true,"href":"https:\/\/www.lyceelecorbusier.eu\/urbanite-engagee\/index.php?rest_route=%2Fwp%2Fv2%2Ftags&post=219"}],"curies":[{"name":"wp","href":"https:\/\/api.w.org\/{rel}","templated":true}]}}