{"id":59,"date":"2016-11-11T10:43:45","date_gmt":"2016-11-11T09:43:45","guid":{"rendered":"http:\/\/www.lyceelecorbusier.eu\/pratiques-pedagogies\/?p=54"},"modified":"2016-11-18T10:04:20","modified_gmt":"2016-11-18T09:04:20","slug":"projet-de-celia","status":"publish","type":"post","link":"https:\/\/www.lyceelecorbusier.eu\/territoires-sensibles\/?p=59","title":{"rendered":"Silence(s)"},"content":{"rendered":"<p style=\"text-align: justify\"><img loading=\"lazy\" class=\"wp-image-126 aligncenter\" src=\"http:\/\/www.lyceelecorbusier.eu\/territoires-sensibles\/wp-content\/uploads\/sites\/30\/2016\/11\/IMG_4888-300x225.png\" alt=\"img_4888\" width=\"469\" height=\"352\" srcset=\"https:\/\/www.lyceelecorbusier.eu\/territoires-sensibles\/wp-content\/uploads\/sites\/30\/2016\/11\/IMG_4888-300x225.png 300w, https:\/\/www.lyceelecorbusier.eu\/territoires-sensibles\/wp-content\/uploads\/sites\/30\/2016\/11\/IMG_4888.png 669w\" sizes=\"(max-width: 469px) 100vw, 469px\" \/><\/p>\n<p style=\"text-align: justify\">Je n\u2019oublie pas mes s\u00e9jours \u00e0 Ia mer en Turquie, remplis d\u2019\u00e9motions. Lorsque je me retrouve face \u00e0 elle, je suis envahi de sensations particuli\u00e8res ; la d\u00e9tente, l&#8217;excitation, la m\u00e9lancolie, la paix. La question des sensations est essentielle pour moi dans un lieu. Ces moments v\u00e9cus permettent d\u2019ancrer des souvenirs. C&#8217;est un moment de d\u00e9tente impos\u00e9, d\u2019\u00e9chappatoire. La vue que m\u2019offre ce paysage me permet de laisser \u00e9chapper mon esprit. Le vent qui souffle me donne des frisons et l\u2019odeur de la mer me r\u00e9chauffe. Je regarde la ville de loin et imagine l\u2019excitation qui y r\u00e8gne. Mais \u00e0 cet instant, c\u2019est le calme qui est pr\u00e9sent autour de moi. Le silence me fait r\u00e9fl\u00e9chir. Je contemple ce qui s\u2019offre \u00e0 moi. Mes oreilles ne m\u2019envoient plus de sons. Je suis comme d\u00e9connect\u00e9. L\u2019odeur de la mer, de la verdure, de la nourriture procure des sensations qui mettent mon corps et mon esprit dans une disposition agr\u00e9able.<\/p>\n<p style=\"text-align: justify\">Pour mon projet d\u2019\u00e9tude, je me consacre aux environnements architecturaux qui nous entourent par les ambiances et les atmosph\u00e8res qui composent un lieu. Mon objectif est de transmettre des \u00e9motions et des sensations aux usagers de cet espace. Je souhaite travailler la question d\u2019exception (luxe, singularit\u00e9) et la fa\u00e7on de lui donner acc\u00e8s.\u2028 Je me focalise sur le bien-\u00eatre psychique et corporel que j\u2019entrevoie comme une\u00a0forme d\u2019exception, que d\u2019autres pointent comme des r\u00e9sistances, dans les soci\u00e9t\u00e9s contemporaines. Afin de faire \u00e9merger cet espace \u00e9motionnel, je concevrai un hammam en r\u00e9fl\u00e9chissant aux mat\u00e9riaux qui constitueront ce lieu.<\/p>\n<p style=\"text-align: justify\">Je questionnerai les composants des bains turcs ainsi que ses origines, la culture des bains en Alsace. La confrontation du corps aux mat\u00e9riaux me permettra de comprendre comment le corps est affect\u00e9 par une mati\u00e8re.<\/p>\n<p>&nbsp;<\/p>\n","protected":false},"excerpt":{"rendered":"<p>Je n\u2019oublie pas mes s\u00e9jours \u00e0 Ia mer en Turquie, remplis d\u2019\u00e9motions. Lorsque je me retrouve face \u00e0 elle, je suis envahi de sensations particuli\u00e8res ; la d\u00e9tente, l&#8217;excitation, la m\u00e9lancolie, la paix. La question des sensations est&#8230; <a class=\"read-more\" href=\"https:\/\/www.lyceelecorbusier.eu\/territoires-sensibles\/?p=59\">Lire la suite&#8230;<\/a><\/p>\n","protected":false},"author":1,"featured_media":0,"comment_status":"closed","ping_status":"closed","sticky":false,"template":"","format":"standard","meta":[],"categories":[9],"tags":[],"_links":{"self":[{"href":"https:\/\/www.lyceelecorbusier.eu\/territoires-sensibles\/index.php?rest_route=\/wp\/v2\/posts\/59"}],"collection":[{"href":"https:\/\/www.lyceelecorbusier.eu\/territoires-sensibles\/index.php?rest_route=\/wp\/v2\/posts"}],"about":[{"href":"https:\/\/www.lyceelecorbusier.eu\/territoires-sensibles\/index.php?rest_route=\/wp\/v2\/types\/post"}],"author":[{"embeddable":true,"href":"https:\/\/www.lyceelecorbusier.eu\/territoires-sensibles\/index.php?rest_route=\/wp\/v2\/users\/1"}],"replies":[{"embeddable":true,"href":"https:\/\/www.lyceelecorbusier.eu\/territoires-sensibles\/index.php?rest_route=%2Fwp%2Fv2%2Fcomments&post=59"}],"version-history":[{"count":10,"href":"https:\/\/www.lyceelecorbusier.eu\/territoires-sensibles\/index.php?rest_route=\/wp\/v2\/posts\/59\/revisions"}],"predecessor-version":[{"id":133,"href":"https:\/\/www.lyceelecorbusier.eu\/territoires-sensibles\/index.php?rest_route=\/wp\/v2\/posts\/59\/revisions\/133"}],"wp:attachment":[{"href":"https:\/\/www.lyceelecorbusier.eu\/territoires-sensibles\/index.php?rest_route=%2Fwp%2Fv2%2Fmedia&parent=59"}],"wp:term":[{"taxonomy":"category","embeddable":true,"href":"https:\/\/www.lyceelecorbusier.eu\/territoires-sensibles\/index.php?rest_route=%2Fwp%2Fv2%2Fcategories&post=59"},{"taxonomy":"post_tag","embeddable":true,"href":"https:\/\/www.lyceelecorbusier.eu\/territoires-sensibles\/index.php?rest_route=%2Fwp%2Fv2%2Ftags&post=59"}],"curies":[{"name":"wp","href":"https:\/\/api.w.org\/{rel}","templated":true}]}}