{"id":54,"date":"2016-11-11T10:10:26","date_gmt":"2016-11-11T09:10:26","guid":{"rendered":"http:\/\/www.lyceelecorbusier.eu\/pratiques-pedagogies\/?p=21"},"modified":"2016-11-17T11:24:17","modified_gmt":"2016-11-17T10:24:17","slug":"juliette-ganteille","status":"publish","type":"post","link":"https:\/\/www.lyceelecorbusier.eu\/territoires-sensibles\/?p=54","title":{"rendered":"Jean-Denis TRIDON"},"content":{"rendered":"<p style=\"text-align: justify\"><span style=\"font-weight: 400\"> \u00c9tudiant bordelais, je suis \u00a0arriv\u00e9 dans la r\u00e9gion alsacienne en int\u00e9grant l&#8217;In Situ Lab du Lyc\u00e9e Le Corbusier \u00e0 Illkirch; j&#8217;ai pour sp\u00e9cialit\u00e9 le design d&#8217;espace. Je m&#8217;int\u00e9resse particuli\u00e8rement aux espaces li\u00e9s \u00e0 des pratiques culturelles, aux lieux qui rendent possible l&#8217;expression, la gen\u00e8se de sensibilit\u00e9s et qui les accompagnent. Je m\u2019interroge sur l\u2019am\u00e9nagement d\u2019espaces culturels publics dans des friches urbaines ou industrielles pour participer \u00e0 la dynamique quotidienne, sociale, \u00e9conomique, culturelle du quartier et de son rayonnement. \u00a0Les ressources mat\u00e9rielles et sensibles du site et de ses environs, son patrimoine, ses usagers, ses ambiances, ses possibilit\u00e9s et les diff\u00e9rents partenaires, animent mes intentions de projet. <\/span><\/p>\n<p style=\"text-align: justify\"><span style=\"font-weight: 400\">Pour me contacter : jdtridon@gmail.com<\/span><\/p>\n","protected":false},"excerpt":{"rendered":"<p>\u00c9tudiant bordelais, je suis \u00a0arriv\u00e9 dans la r\u00e9gion alsacienne en int\u00e9grant l&#8217;In Situ Lab du Lyc\u00e9e Le Corbusier \u00e0 Illkirch; j&#8217;ai pour sp\u00e9cialit\u00e9 le design d&#8217;espace. Je m&#8217;int\u00e9resse particuli\u00e8rement aux espaces li\u00e9s \u00e0 des pratiques culturelles, aux lieux&#8230; <a class=\"read-more\" href=\"https:\/\/www.lyceelecorbusier.eu\/territoires-sensibles\/?p=54\">Lire la suite&#8230;<\/a><\/p>\n","protected":false},"author":1,"featured_media":0,"comment_status":"closed","ping_status":"closed","sticky":false,"template":"","format":"standard","meta":[],"categories":[4],"tags":[],"_links":{"self":[{"href":"https:\/\/www.lyceelecorbusier.eu\/territoires-sensibles\/index.php?rest_route=\/wp\/v2\/posts\/54"}],"collection":[{"href":"https:\/\/www.lyceelecorbusier.eu\/territoires-sensibles\/index.php?rest_route=\/wp\/v2\/posts"}],"about":[{"href":"https:\/\/www.lyceelecorbusier.eu\/territoires-sensibles\/index.php?rest_route=\/wp\/v2\/types\/post"}],"author":[{"embeddable":true,"href":"https:\/\/www.lyceelecorbusier.eu\/territoires-sensibles\/index.php?rest_route=\/wp\/v2\/users\/1"}],"replies":[{"embeddable":true,"href":"https:\/\/www.lyceelecorbusier.eu\/territoires-sensibles\/index.php?rest_route=%2Fwp%2Fv2%2Fcomments&post=54"}],"version-history":[{"count":3,"href":"https:\/\/www.lyceelecorbusier.eu\/territoires-sensibles\/index.php?rest_route=\/wp\/v2\/posts\/54\/revisions"}],"predecessor-version":[{"id":101,"href":"https:\/\/www.lyceelecorbusier.eu\/territoires-sensibles\/index.php?rest_route=\/wp\/v2\/posts\/54\/revisions\/101"}],"wp:attachment":[{"href":"https:\/\/www.lyceelecorbusier.eu\/territoires-sensibles\/index.php?rest_route=%2Fwp%2Fv2%2Fmedia&parent=54"}],"wp:term":[{"taxonomy":"category","embeddable":true,"href":"https:\/\/www.lyceelecorbusier.eu\/territoires-sensibles\/index.php?rest_route=%2Fwp%2Fv2%2Fcategories&post=54"},{"taxonomy":"post_tag","embeddable":true,"href":"https:\/\/www.lyceelecorbusier.eu\/territoires-sensibles\/index.php?rest_route=%2Fwp%2Fv2%2Ftags&post=54"}],"curies":[{"name":"wp","href":"https:\/\/api.w.org\/{rel}","templated":true}]}}