{"id":47,"date":"2016-11-11T10:31:16","date_gmt":"2016-11-11T09:31:16","guid":{"rendered":"http:\/\/www.lyceelecorbusier.eu\/pratiques-pedagogies\/?p=47"},"modified":"2016-11-19T16:19:25","modified_gmt":"2016-11-19T15:19:25","slug":"journal-du-labo-1","status":"publish","type":"post","link":"https:\/\/www.lyceelecorbusier.eu\/territoires-sensibles\/?p=47","title":{"rendered":"Premiers pas sur les rives du Rhin"},"content":{"rendered":"<p><b><img loading=\"lazy\" width=\"225\" height=\"300\" class=\"alignnone size-medium wp-image-211\" src=\"http:\/\/www.lyceelecorbusier.eu\/territoires-sensibles\/wp-content\/uploads\/sites\/30\/2016\/11\/tram-225x300.gif\" alt=\"tram\" \/><img loading=\"lazy\" width=\"225\" height=\"300\" class=\"alignnone size-medium wp-image-212\" src=\"http:\/\/www.lyceelecorbusier.eu\/territoires-sensibles\/wp-content\/uploads\/sites\/30\/2016\/11\/tram-port-225x300.gif\" alt=\"tram-port\" \/><img loading=\"lazy\" class=\"alignnone wp-image-207\" src=\"http:\/\/www.lyceelecorbusier.eu\/territoires-sensibles\/wp-content\/uploads\/sites\/30\/2016\/11\/avenir-port-du-Rhin-300x225.gif\" alt=\"avenir-port-du-rhin\" width=\"396\" height=\"297\" \/><img loading=\"lazy\" class=\"alignnone wp-image-176\" src=\"http:\/\/www.lyceelecorbusier.eu\/territoires-sensibles\/wp-content\/uploads\/sites\/30\/2016\/11\/Ecole-Port-du-Rhin--300x225.gif\" alt=\"ecole-port-du-rhin\" width=\"281\" height=\"211\" \/><img loading=\"lazy\" class=\"alignnone wp-image-178\" src=\"http:\/\/www.lyceelecorbusier.eu\/territoires-sensibles\/wp-content\/uploads\/sites\/30\/2016\/11\/passerelle-Mimram-300x225.gif\" alt=\"passerelle-mimram\" width=\"284\" height=\"213\" \/><img loading=\"lazy\" class=\"alignnone wp-image-177\" src=\"http:\/\/www.lyceelecorbusier.eu\/territoires-sensibles\/wp-content\/uploads\/sites\/30\/2016\/11\/Icentre-s-c-300x225.gif\" alt=\"icentre-s-c\" width=\"283\" height=\"212\" \/><\/b><\/p>\n<p><b>Contexte :<\/b><span style=\"font-weight: 400\"> territoires sensibles, questions environnementales, de bien \u00eatre, de vie, de d\u00e9placement<\/span><\/p>\n<p><span style=\"font-weight: 400\">lieu : port du Rhin, deux c\u00f4t\u00e9s de la fronti\u00e8re<\/span><\/p>\n<p><b>Date et dur\u00e9e :<\/b><span style=\"font-weight: 400\"> 13 octobre 13-17h<\/span><\/p>\n<p><b>Intervenants :<\/b><span style=\"font-weight: 400\">\u00a0 \u00a0\u00e9cole\u00a0du Port du Rhin, drectrice : Madame Anne T<\/span><span style=\"font-weight: 400\">\u00fcrck<\/span><\/p>\n<p>&nbsp;<\/p>\n<p><b>Intervention :<\/b><span style=\"font-weight: 400\"> relev\u00e9s sensibles\u00a0<\/span><\/p>\n<p>&nbsp;<\/p>\n<p><b>Pr\u00e9sentation:<\/b><span style=\"font-weight: 400\"> d\u00e9ambulations \u00e0 v\u00e9lo, \u00e9chelle humaine et \u00e9troite avec l\u2019environnement<\/span><\/p>\n<p><b>Introduction:<\/b><span style=\"font-weight: 400\"> Pour amorcer l\u2019appropriation de territoires, les cerner, les comprendre, \u00a0nous d\u00e9cidons de parcourir le quartier selon les axes N\/S et E\/O, franchir le Rhin, de l&#8217;Ile ses Epis \u00e0 la ville de Kehl en Allemagne, les lieux remarquables, pour essayer de d\u00e9gager des \u00e9l\u00e9ments propices \u00e0 notre action r\u00e9v\u00e9latrice du sensible.<\/span><\/p>\n<p><b>Objectif :<\/b><span style=\"font-weight: 400\">\u00a0Nous allons prospecter des mati\u00e8res et mat\u00e9riaux, s\u2019impr\u00e9gner des ambiances (lumi\u00e8res, odeurs,&#8230;), caract\u00e8res des diff\u00e9rents sites du Port-du-Rhin, observer les flux, les usages, analyser la composition de l\u2019espace et du b\u00e2ti, pour dresser les cartes exhaustives des possibles, les types de population (\u00e2ge, milieu\u2026). Nous allons aussi d\u00e9terminer les zones industrielles, v\u00e9g\u00e9tales, distinguer les zones d\u2019habitations, de passage, de travail et de \u201ctourisme\u201d, mais aussi rep\u00e9rer la pr\u00e9sence du v\u00e9g\u00e9tal ( beaucoup pas beaucoup selon les diff\u00e9rentes zones ) ainsi que les diff\u00e9rents \u00e9l\u00e9ments de communication et d\u2019information de ce territoire.<\/span><\/p>\n<p><b>Dispositifs :<\/b><span style=\"font-weight: 400\"> prises de photos, de vid\u00e9os, de son, relev\u00e9s de strates pour r\u00e9v\u00e9ler les typologies de terrains, \u00e9chantillonnage de mati\u00e8re min\u00e9rale, organique, sonore. Trac\u00e9 de carte \u00e0 partir des points visit\u00e9s, des points de confluence (axes routiers, pi\u00e9tons, v\u00e9los, lieux sp\u00e9cifiques\u2026)<\/span><\/p>\n<p><b>Processus \/ d\u00e9roulement :<\/b><span style=\"font-weight: 400\"> selon les intentions et sensibilit\u00e9s de chacun, les relev\u00e9s seront effectu\u00e9s d\u2019apr\u00e8s les m\u00e9diums les plus pertinents, ex : Ibra int\u00e9ress\u00e9 par les mati\u00e8res = photos + \u00e9chantillons de mati\u00e8res, JD prises de sons et descriptions d\u2019ambiances et d\u2019\u00e9chelles par textes et photo, croquis\u2026.etc etc<\/span><\/p>\n<p><b>Etapes distinctes :<\/b><span style=\"font-weight: 400\"> de l\u2019ouest vers l\u2019est, observations des dynamiques allemandes et comparatif avec France, de point en point d\u00e9finis au pr\u00e9alable sur une carte de visites<\/span><\/p>\n<p><b>Mat\u00e9riel :<\/b><span style=\"font-weight: 400\"> appareils photo, micro, carnets de dessin, pochons pour \u00e9chantillons..<\/span><\/p>\n<p><b>Forme de la documentation :<\/b><span style=\"font-weight: 400\"> des cartographies li\u00e9es aux ressources trouv\u00e9es et rep\u00e9r\u00e9es, marqu\u00e9es, une mat\u00e9riauth\u00e8que ? ambiance-o-th\u00e8que ?<\/span><\/p>\n<p><b>Ressources :<\/b><span style=\"font-weight: 400\"> eau, v\u00e9g\u00e9taux, industries, habitants, travailleurs, \u00e9coles, b\u00e2timents, diff\u00e9rentes \u00e9chelles et r\u00e9partitions des espaces, heatmap des activit\u00e9s, des flux\u2026.<\/span><\/p>\n<p><b>R\u00e9f\u00e9rences: <\/b><span style=\"font-weight: 400\">Asso \u201cAu del\u00e0 des ponts\u201d, et tout ce qui a \u00e9t\u00e9 fait en lien avec\u00a0la sensibilit\u00e9, le territoire etc qu\u2019on peut trouver, les centres socio culturels, les espaces ayant \u00e9t\u00e9 occup\u00e9s et pourquoi etc dresser un historique ?<\/span><\/p>\n<p><strong>Histoire et Avenir du territoire \/ ville et paysage<\/strong><\/p>\n<p><b><img loading=\"lazy\" class=\"alignnone wp-image-170\" src=\"http:\/\/www.lyceelecorbusier.eu\/territoires-sensibles\/wp-content\/uploads\/sites\/30\/2016\/11\/Futur-Zac-des-2-rives-ref-Rue-89-300x181.png\" alt=\"futur-zac-des-2-rives-ref-rue-89\" width=\"296\" height=\"179\" srcset=\"https:\/\/www.lyceelecorbusier.eu\/territoires-sensibles\/wp-content\/uploads\/sites\/30\/2016\/11\/Futur-Zac-des-2-rives-ref-Rue-89-300x181.png 300w, https:\/\/www.lyceelecorbusier.eu\/territoires-sensibles\/wp-content\/uploads\/sites\/30\/2016\/11\/Futur-Zac-des-2-rives-ref-Rue-89-768x464.png 768w, https:\/\/www.lyceelecorbusier.eu\/territoires-sensibles\/wp-content\/uploads\/sites\/30\/2016\/11\/Futur-Zac-des-2-rives-ref-Rue-89.png 900w\" sizes=\"(max-width: 296px) 100vw, 296px\" \/><img loading=\"lazy\" class=\"alignnone wp-image-187\" src=\"http:\/\/www.lyceelecorbusier.eu\/territoires-sensibles\/wp-content\/uploads\/sites\/30\/2016\/11\/Capture-d\u2019e\u0301cran-2016-11-18-a\u0300-19.23.42-300x138.png\" alt=\"Passage du tram pr\u00e9vu au printemps 2017\" width=\"379\" height=\"174\" srcset=\"https:\/\/www.lyceelecorbusier.eu\/territoires-sensibles\/wp-content\/uploads\/sites\/30\/2016\/11\/Capture-d\u2019e\u0301cran-2016-11-18-a\u0300-19.23.42-300x138.png 300w, https:\/\/www.lyceelecorbusier.eu\/territoires-sensibles\/wp-content\/uploads\/sites\/30\/2016\/11\/Capture-d\u2019e\u0301cran-2016-11-18-a\u0300-19.23.42-768x354.png 768w, https:\/\/www.lyceelecorbusier.eu\/territoires-sensibles\/wp-content\/uploads\/sites\/30\/2016\/11\/Capture-d\u2019e\u0301cran-2016-11-18-a\u0300-19.23.42-960x443.png 960w, https:\/\/www.lyceelecorbusier.eu\/territoires-sensibles\/wp-content\/uploads\/sites\/30\/2016\/11\/Capture-d\u2019e\u0301cran-2016-11-18-a\u0300-19.23.42.png 1019w\" sizes=\"(max-width: 379px) 100vw, 379px\" \/><img loading=\"lazy\" class=\"alignnone wp-image-220\" src=\"http:\/\/www.lyceelecorbusier.eu\/territoires-sensibles\/wp-content\/uploads\/sites\/30\/2016\/11\/Stras-rivieres-fleuves-294x300.png\" alt=\"stras-rivieres-fleuves\" width=\"301\" height=\"306\" srcset=\"https:\/\/www.lyceelecorbusier.eu\/territoires-sensibles\/wp-content\/uploads\/sites\/30\/2016\/11\/Stras-rivieres-fleuves-294x300.png 294w, https:\/\/www.lyceelecorbusier.eu\/territoires-sensibles\/wp-content\/uploads\/sites\/30\/2016\/11\/Stras-rivieres-fleuves.png 673w\" sizes=\"(max-width: 301px) 100vw, 301px\" \/><img loading=\"lazy\" class=\"alignnone  wp-image-223\" src=\"http:\/\/www.lyceelecorbusier.eu\/territoires-sensibles\/wp-content\/uploads\/sites\/30\/2016\/11\/devenir-me\u0301tropole-300x193.png\" alt=\"devenir-metropole\" width=\"471\" height=\"303\" srcset=\"https:\/\/www.lyceelecorbusier.eu\/territoires-sensibles\/wp-content\/uploads\/sites\/30\/2016\/11\/devenir-me\u0301tropole-300x193.png 300w, https:\/\/www.lyceelecorbusier.eu\/territoires-sensibles\/wp-content\/uploads\/sites\/30\/2016\/11\/devenir-me\u0301tropole-768x495.png 768w, https:\/\/www.lyceelecorbusier.eu\/territoires-sensibles\/wp-content\/uploads\/sites\/30\/2016\/11\/devenir-me\u0301tropole.png 930w\" sizes=\"(max-width: 471px) 100vw, 471px\" \/><\/b><\/p>\n<p><img loading=\"lazy\" width=\"300\" height=\"248\" class=\"alignnone size-medium wp-image-213\" src=\"http:\/\/www.lyceelecorbusier.eu\/territoires-sensibles\/wp-content\/uploads\/sites\/30\/2016\/11\/Rhin-nourricier-300x248.png\" alt=\"rhin-nourricier\" srcset=\"https:\/\/www.lyceelecorbusier.eu\/territoires-sensibles\/wp-content\/uploads\/sites\/30\/2016\/11\/Rhin-nourricier-300x248.png 300w, https:\/\/www.lyceelecorbusier.eu\/territoires-sensibles\/wp-content\/uploads\/sites\/30\/2016\/11\/Rhin-nourricier.png 452w\" sizes=\"(max-width: 300px) 100vw, 300px\" \/><\/p>\n<p>&nbsp;<\/p>\n<p><b>Territoire en chantier et restructuration de l&#8217;Ile des Epis entre Strasbourg et Kehl\u00a0<\/b><\/p>\n<p class=\"p1\"><b>cf: \u00a0<\/b><strong>conf\u00e9rence<\/strong><b> Strasbourg\/Kehl :<\/b><\/p>\n<p class=\"p1\"><span class=\"s1\"><a href=\"http:\/\/www.google.fr\/url?q=http:\/\/www.citechaillot.fr\/fr\/expositions\/plateforme_de_la_creation_architecturale\/les_rendez-vous_metropolitains\/26041-premier_rendez-vous_strasbourg_kehl.html&amp;sa=U&amp;ved=0ahUKEwik6vPv1bTQAhWE1RoKHX5tDfEQFggUMAA&amp;usg=AFQjCNHHjVf5xGZ27nyY2s6R0NkwlJl6_g\">Cit\u00e9 de l&#8217;architecture &amp; du patrimoine &#8211; <b>Strasbourg<\/b>\/<b>Kehl<\/b><\/a><\/span><\/p>\n<p class=\"p2\">www.citechaillot.fr\/&#8230;<b>rendez<\/b>&#8211;<b>vous<\/b>_<b>metropolitains<\/b>\/26041-premier_<b>rendez<\/b>&#8211; <b>vous<\/b>_<b>strasbourg<\/b>_<b>kehl<\/b>.html<span class=\"s2\">\u200e<\/span><\/p>\n<p class=\"p3\">Les <b>rendez<\/b>&#8211;<b>vous m\u00e9tropolitains<\/b>. <b>jeudi 14 janvier 2016 \u00e0 19h00<\/b>. <b>Strasbourg<\/b> \/ <b>Kehl<\/b> . Les enjeux de l&#8217;am\u00e9nagement territorial et urbain des deux rives du Rhin,\u00a0&#8230;<\/p>\n<p>&nbsp;<\/p>\n","protected":false},"excerpt":{"rendered":"<p>Contexte : territoires sensibles, questions environnementales, de bien \u00eatre, de vie, de d\u00e9placement lieu : port du Rhin, deux c\u00f4t\u00e9s de la fronti\u00e8re Date et dur\u00e9e : 13 octobre 13-17h Intervenants :\u00a0 \u00a0\u00e9cole\u00a0du Port du Rhin, drectrice :&#8230; <a class=\"read-more\" href=\"https:\/\/www.lyceelecorbusier.eu\/territoires-sensibles\/?p=47\">Lire la suite&#8230;<\/a><\/p>\n","protected":false},"author":1,"featured_media":74,"comment_status":"closed","ping_status":"closed","sticky":false,"template":"","format":"standard","meta":[],"categories":[3],"tags":[],"_links":{"self":[{"href":"https:\/\/www.lyceelecorbusier.eu\/territoires-sensibles\/index.php?rest_route=\/wp\/v2\/posts\/47"}],"collection":[{"href":"https:\/\/www.lyceelecorbusier.eu\/territoires-sensibles\/index.php?rest_route=\/wp\/v2\/posts"}],"about":[{"href":"https:\/\/www.lyceelecorbusier.eu\/territoires-sensibles\/index.php?rest_route=\/wp\/v2\/types\/post"}],"author":[{"embeddable":true,"href":"https:\/\/www.lyceelecorbusier.eu\/territoires-sensibles\/index.php?rest_route=\/wp\/v2\/users\/1"}],"replies":[{"embeddable":true,"href":"https:\/\/www.lyceelecorbusier.eu\/territoires-sensibles\/index.php?rest_route=%2Fwp%2Fv2%2Fcomments&post=47"}],"version-history":[{"count":19,"href":"https:\/\/www.lyceelecorbusier.eu\/territoires-sensibles\/index.php?rest_route=\/wp\/v2\/posts\/47\/revisions"}],"predecessor-version":[{"id":225,"href":"https:\/\/www.lyceelecorbusier.eu\/territoires-sensibles\/index.php?rest_route=\/wp\/v2\/posts\/47\/revisions\/225"}],"wp:featuredmedia":[{"embeddable":true,"href":"https:\/\/www.lyceelecorbusier.eu\/territoires-sensibles\/index.php?rest_route=\/wp\/v2\/media\/74"}],"wp:attachment":[{"href":"https:\/\/www.lyceelecorbusier.eu\/territoires-sensibles\/index.php?rest_route=%2Fwp%2Fv2%2Fmedia&parent=47"}],"wp:term":[{"taxonomy":"category","embeddable":true,"href":"https:\/\/www.lyceelecorbusier.eu\/territoires-sensibles\/index.php?rest_route=%2Fwp%2Fv2%2Fcategories&post=47"},{"taxonomy":"post_tag","embeddable":true,"href":"https:\/\/www.lyceelecorbusier.eu\/territoires-sensibles\/index.php?rest_route=%2Fwp%2Fv2%2Ftags&post=47"}],"curies":[{"name":"wp","href":"https:\/\/api.w.org\/{rel}","templated":true}]}}