{"id":384,"date":"2017-01-27T10:34:38","date_gmt":"2017-01-27T09:34:38","guid":{"rendered":"http:\/\/www.lyceelecorbusier.eu\/territoires-sensibles\/?p=384"},"modified":"2017-01-27T10:34:38","modified_gmt":"2017-01-27T09:34:38","slug":"etat-des-lieux","status":"publish","type":"post","link":"https:\/\/www.lyceelecorbusier.eu\/territoires-sensibles\/?p=384","title":{"rendered":"Etat des lieux"},"content":{"rendered":"<p>&nbsp;<\/p>\n<p>Voici un \u00e9tat des lieux de ce qui a \u00e9t\u00e9 men\u00e9 en relation avec mon projet de m\u00e9moire\u00a0:<\/p>\n<p>&nbsp;<\/p>\n<p>Prise de contact avec \u00a05 artisans\u00a0: Violette Arbogast &#8211; Tailleuse de Pierre, \u00a0Jean-Fran\u00e7ois Hoefler &#8211; Forgeron, Virginie Gallezot &#8211; C\u00e9ramiste, Xavier No\u00ebl Doreur et Jean-Luc Kuntz &#8211; tourneur sur bois.<\/p>\n<p>&nbsp;<\/p>\n<p>Au cours de chaque rencontre men\u00e9 dans l\u2019atelier de l\u2019artisan, j\u2019ai interrog\u00e9, observ\u00e9, \u00e9cout\u00e9, m\u00e9moris\u00e9 chaque artisan.Des enregistrements audio m\u2019ont permis de m\u00e9moriser\u00a0: leur d\u00e9finition de leur m\u00e9tier, la description d\u2019un de leurs outils de travail et le bruit de leur pratique du m\u00e9tier. J\u2019ai \u00e9galement pris les mains recto\/verso en photo ainsi qu\u2019un portrait de chacun dans son atelier. La volont\u00e9 de mener un travail en collaboration avec eux leur a \u00e9t\u00e9 \u00e9voqu\u00e9 et cela dans un souci de valorisation des savoir-faire d\u2019un territoire et des ressources locales de ce dernier.<\/p>\n<p>&nbsp;<\/p>\n<p>Actuellement 3 des 5 artisans rencontr\u00e9s et pr\u00e8s \u00e0 mener un travail en collaboration avec moi. Il s\u2019agit \u00e0 pr\u00e9sent pour moi de commencer mon travail de designer produit et d\u2019ensuite reprendre contact avec les artisans pour mener \u00e9changes et r\u00e9flexions sur l\u2019objet sugg\u00e9r\u00e9. J\u2019attends beaucoup des \u00e9changes qui vont \u00eatre men\u00e9s \u00e0 deux ou trois. Car parfois, peut-\u00eatre j\u2019esp\u00e8re mettre en place des collaborations \u00e0 trois (deux artisans et un designer) sur un objet.<\/p>\n<p>&nbsp;<\/p>\n<p>En parall\u00e8le, mon travail consiste \u00e0 valoriser l\u2019artisanat d\u2019art sur un territoire et cela \u00e0 travers le tourisme. L\u2019id\u00e9e est de proposer une route des artisans et de leurs ressources, aux habitants d\u2019un territoire et aux touristes qui le visitent. Une prise de contact avec L\u2019ADT (Alsace Destination Tourisme) et la Fr\u00e9maa (F\u00e9d\u00e9ration R\u00e9gionale des M\u00e9tiers d&#8217;Art d&#8217;Alsace) a \u00e9t\u00e9 men\u00e9e afin de peut-\u00eatre reposer sur un partenariat concret.<\/p>\n<p>&nbsp;<\/p>\n","protected":false},"excerpt":{"rendered":"<p>&nbsp; Voici un \u00e9tat des lieux de ce qui a \u00e9t\u00e9 men\u00e9 en relation avec mon projet de m\u00e9moire\u00a0: &nbsp; Prise de contact avec \u00a05 artisans\u00a0: Violette Arbogast &#8211; Tailleuse de Pierre, \u00a0Jean-Fran\u00e7ois Hoefler &#8211; Forgeron, Virginie Gallezot&#8230; <a class=\"read-more\" href=\"https:\/\/www.lyceelecorbusier.eu\/territoires-sensibles\/?p=384\">Lire la suite&#8230;<\/a><\/p>\n","protected":false},"author":1,"featured_media":0,"comment_status":"closed","ping_status":"closed","sticky":false,"template":"","format":"standard","meta":[],"categories":[8],"tags":[],"_links":{"self":[{"href":"https:\/\/www.lyceelecorbusier.eu\/territoires-sensibles\/index.php?rest_route=\/wp\/v2\/posts\/384"}],"collection":[{"href":"https:\/\/www.lyceelecorbusier.eu\/territoires-sensibles\/index.php?rest_route=\/wp\/v2\/posts"}],"about":[{"href":"https:\/\/www.lyceelecorbusier.eu\/territoires-sensibles\/index.php?rest_route=\/wp\/v2\/types\/post"}],"author":[{"embeddable":true,"href":"https:\/\/www.lyceelecorbusier.eu\/territoires-sensibles\/index.php?rest_route=\/wp\/v2\/users\/1"}],"replies":[{"embeddable":true,"href":"https:\/\/www.lyceelecorbusier.eu\/territoires-sensibles\/index.php?rest_route=%2Fwp%2Fv2%2Fcomments&post=384"}],"version-history":[{"count":2,"href":"https:\/\/www.lyceelecorbusier.eu\/territoires-sensibles\/index.php?rest_route=\/wp\/v2\/posts\/384\/revisions"}],"predecessor-version":[{"id":389,"href":"https:\/\/www.lyceelecorbusier.eu\/territoires-sensibles\/index.php?rest_route=\/wp\/v2\/posts\/384\/revisions\/389"}],"wp:attachment":[{"href":"https:\/\/www.lyceelecorbusier.eu\/territoires-sensibles\/index.php?rest_route=%2Fwp%2Fv2%2Fmedia&parent=384"}],"wp:term":[{"taxonomy":"category","embeddable":true,"href":"https:\/\/www.lyceelecorbusier.eu\/territoires-sensibles\/index.php?rest_route=%2Fwp%2Fv2%2Fcategories&post=384"},{"taxonomy":"post_tag","embeddable":true,"href":"https:\/\/www.lyceelecorbusier.eu\/territoires-sensibles\/index.php?rest_route=%2Fwp%2Fv2%2Ftags&post=384"}],"curies":[{"name":"wp","href":"https:\/\/api.w.org\/{rel}","templated":true}]}}