{"id":354,"date":"2017-01-26T23:48:41","date_gmt":"2017-01-26T22:48:41","guid":{"rendered":"http:\/\/www.lyceelecorbusier.eu\/territoires-sensibles\/?p=354"},"modified":"2017-01-26T23:51:43","modified_gmt":"2017-01-26T22:51:43","slug":"avancement-de-projet-2","status":"publish","type":"post","link":"https:\/\/www.lyceelecorbusier.eu\/territoires-sensibles\/?p=354","title":{"rendered":"Avancement de projet #2"},"content":{"rendered":"<p style=\"text-align: justify\"><img loading=\"lazy\" width=\"300\" height=\"295\" class=\"size-medium wp-image-358 aligncenter\" src=\"http:\/\/www.lyceelecorbusier.eu\/territoires-sensibles\/wp-content\/uploads\/sites\/30\/2017\/01\/logo-png-300x295.png\" alt=\"\" srcset=\"https:\/\/www.lyceelecorbusier.eu\/territoires-sensibles\/wp-content\/uploads\/sites\/30\/2017\/01\/logo-png-300x295.png 300w, https:\/\/www.lyceelecorbusier.eu\/territoires-sensibles\/wp-content\/uploads\/sites\/30\/2017\/01\/logo-png.png 570w\" sizes=\"(max-width: 300px) 100vw, 300px\" \/><\/p>\n<p style=\"text-align: justify\">Mon projet s&#8217;implantera dans le quartier du port du Rhin. Mon but premier est de r\u00e9int\u00e9grer la nature dans l&#8217;espace urbain et dans les modes de vie, comme un outils pour favoriser le lien social. J&#8217;ai pu observer et constater une s\u00e9paration pr\u00e9sente entre les habitants de l&#8217;ancien quartier et les arrivants des nouveaux logements.\u00a0Avec une vision utopique, j&#8217;imagine alors cr\u00e9er un lieu de rassemblement pour l&#8217;ensemble des habitants du port du Rhin, sur le th\u00e8me de la nature et de la v\u00e9g\u00e9tation. Un lieu qui sera destin\u00e9 \u00e0 des professionnels et aux habitants, visant aussi \u00e0 am\u00e9liorer l&#8217;air et l&#8217;\u00e9co-syst\u00e8me du quartier, anciennement pollu\u00e9 par son pass\u00e9 industriel. Les diff\u00e9rents usages de ce lieu sont encore \u00e0 d\u00e9finir plus pr\u00e9cis\u00e9ment, mais j&#8217;imagine cr\u00e9er un lieu d&#8217;\u00e9change sur des techniques de jardinages ou de culture de fa\u00e7on \u00e9cologique par exemple. Ce lieu serait aussi le point de d\u00e9part d&#8217;ateliers menants \u00e0 la &#8220;re-v\u00e9g\u00e9talisation&#8221; des rues du quartier par les habitants. Il\u00a0serait situ\u00e9 dans la zone de l&#8217;ancien quartier, de la COOP ou vers le lit du petit Rhin, c&#8217;est mon grand questionnement actuel.<\/p>\n<p style=\"text-align: justify\"><em>\u00c0 suivre &#8230;<\/em><\/p>\n","protected":false},"excerpt":{"rendered":"<p>Mon projet s&#8217;implantera dans le quartier du port du Rhin. Mon but premier est de r\u00e9int\u00e9grer la nature dans l&#8217;espace urbain et dans les modes de vie, comme un outils pour favoriser le lien social. J&#8217;ai pu observer&#8230; <a class=\"read-more\" href=\"https:\/\/www.lyceelecorbusier.eu\/territoires-sensibles\/?p=354\">Lire la suite&#8230;<\/a><\/p>\n","protected":false},"author":1,"featured_media":0,"comment_status":"closed","ping_status":"closed","sticky":false,"template":"","format":"standard","meta":[],"categories":[6],"tags":[],"_links":{"self":[{"href":"https:\/\/www.lyceelecorbusier.eu\/territoires-sensibles\/index.php?rest_route=\/wp\/v2\/posts\/354"}],"collection":[{"href":"https:\/\/www.lyceelecorbusier.eu\/territoires-sensibles\/index.php?rest_route=\/wp\/v2\/posts"}],"about":[{"href":"https:\/\/www.lyceelecorbusier.eu\/territoires-sensibles\/index.php?rest_route=\/wp\/v2\/types\/post"}],"author":[{"embeddable":true,"href":"https:\/\/www.lyceelecorbusier.eu\/territoires-sensibles\/index.php?rest_route=\/wp\/v2\/users\/1"}],"replies":[{"embeddable":true,"href":"https:\/\/www.lyceelecorbusier.eu\/territoires-sensibles\/index.php?rest_route=%2Fwp%2Fv2%2Fcomments&post=354"}],"version-history":[{"count":3,"href":"https:\/\/www.lyceelecorbusier.eu\/territoires-sensibles\/index.php?rest_route=\/wp\/v2\/posts\/354\/revisions"}],"predecessor-version":[{"id":359,"href":"https:\/\/www.lyceelecorbusier.eu\/territoires-sensibles\/index.php?rest_route=\/wp\/v2\/posts\/354\/revisions\/359"}],"wp:attachment":[{"href":"https:\/\/www.lyceelecorbusier.eu\/territoires-sensibles\/index.php?rest_route=%2Fwp%2Fv2%2Fmedia&parent=354"}],"wp:term":[{"taxonomy":"category","embeddable":true,"href":"https:\/\/www.lyceelecorbusier.eu\/territoires-sensibles\/index.php?rest_route=%2Fwp%2Fv2%2Fcategories&post=354"},{"taxonomy":"post_tag","embeddable":true,"href":"https:\/\/www.lyceelecorbusier.eu\/territoires-sensibles\/index.php?rest_route=%2Fwp%2Fv2%2Ftags&post=354"}],"curies":[{"name":"wp","href":"https:\/\/api.w.org\/{rel}","templated":true}]}}