{"id":315,"date":"2017-01-07T23:26:45","date_gmt":"2017-01-07T22:26:45","guid":{"rendered":"http:\/\/www.lyceelecorbusier.eu\/territoires-sensibles\/?p=315"},"modified":"2017-01-07T23:26:45","modified_gmt":"2017-01-07T22:26:45","slug":"travail-en-agence","status":"publish","type":"post","link":"https:\/\/www.lyceelecorbusier.eu\/territoires-sensibles\/?p=315","title":{"rendered":"Travail en agence"},"content":{"rendered":"<p>Ce jeudi 5 janvier, le projet a \u00e9t\u00e9 travaill\u00e9 avec un groupe sous forme d&#8217;agence, un temps consacr\u00e9 au travaille avec les\u00a0\u00e9l\u00e8ves de premi\u00e8res et deuxi\u00e8mes ann\u00e9es sur l&#8217;\u00e9volution du projet, et sur une demi journ\u00e9e. Chacun a un r\u00f4le d\u00e9fini, certains se sont lanc\u00e9s dans des maquettes, d&#8217;autres dans des croquis. Pendant 4h, l&#8217;\u00e9quipe a notamment pu aboutir \u00e0 l&#8217;\u00e9laboration d&#8217;un kit de jardinage, une affiche qui pourra servir lors d&#8217;un \u00e9v\u00e9nement dans le quartier du port du Rhin et des maquettes de principes pour cr\u00e9er un lieu de rassemblement au sein du quartier. Ce temps de cr\u00e9ation a permis de r\u00e9aliser des prototypes ou donner vie \u00e0 des id\u00e9es qui seront peut-\u00eatre d\u00e9velopp\u00e9es par la suite, dans le projet.<br \/>\n<img loading=\"lazy\" class=\"aligncenter wp-image-318 size-full\" src=\"http:\/\/www.lyceelecorbusier.eu\/territoires-sensibles\/wp-content\/uploads\/sites\/30\/2017\/01\/uu.jpg\" width=\"4080\" height=\"2832\" srcset=\"https:\/\/www.lyceelecorbusier.eu\/territoires-sensibles\/wp-content\/uploads\/sites\/30\/2017\/01\/uu.jpg 4080w, https:\/\/www.lyceelecorbusier.eu\/territoires-sensibles\/wp-content\/uploads\/sites\/30\/2017\/01\/uu-300x208.jpg 300w, https:\/\/www.lyceelecorbusier.eu\/territoires-sensibles\/wp-content\/uploads\/sites\/30\/2017\/01\/uu-768x533.jpg 768w, https:\/\/www.lyceelecorbusier.eu\/territoires-sensibles\/wp-content\/uploads\/sites\/30\/2017\/01\/uu-1024x711.jpg 1024w, https:\/\/www.lyceelecorbusier.eu\/territoires-sensibles\/wp-content\/uploads\/sites\/30\/2017\/01\/uu-1729x1200.jpg 1729w, https:\/\/www.lyceelecorbusier.eu\/territoires-sensibles\/wp-content\/uploads\/sites\/30\/2017\/01\/uu-960x666.jpg 960w\" sizes=\"(max-width: 4080px) 100vw, 4080px\" \/> <img loading=\"lazy\" class=\"wp-image-319 size-full aligncenter\" src=\"http:\/\/www.lyceelecorbusier.eu\/territoires-sensibles\/wp-content\/uploads\/sites\/30\/2017\/01\/uuu.jpg\" width=\"4080\" height=\"2832\" srcset=\"https:\/\/www.lyceelecorbusier.eu\/territoires-sensibles\/wp-content\/uploads\/sites\/30\/2017\/01\/uuu.jpg 4080w, https:\/\/www.lyceelecorbusier.eu\/territoires-sensibles\/wp-content\/uploads\/sites\/30\/2017\/01\/uuu-300x208.jpg 300w, https:\/\/www.lyceelecorbusier.eu\/territoires-sensibles\/wp-content\/uploads\/sites\/30\/2017\/01\/uuu-768x533.jpg 768w, https:\/\/www.lyceelecorbusier.eu\/territoires-sensibles\/wp-content\/uploads\/sites\/30\/2017\/01\/uuu-1024x711.jpg 1024w, https:\/\/www.lyceelecorbusier.eu\/territoires-sensibles\/wp-content\/uploads\/sites\/30\/2017\/01\/uuu-1729x1200.jpg 1729w, https:\/\/www.lyceelecorbusier.eu\/territoires-sensibles\/wp-content\/uploads\/sites\/30\/2017\/01\/uuu-960x666.jpg 960w\" sizes=\"(max-width: 4080px) 100vw, 4080px\" \/> <img loading=\"lazy\" class=\"aligncenter wp-image-317 size-full\" src=\"http:\/\/www.lyceelecorbusier.eu\/territoires-sensibles\/wp-content\/uploads\/sites\/30\/2017\/01\/u.jpg\" width=\"4080\" height=\"2832\" srcset=\"https:\/\/www.lyceelecorbusier.eu\/territoires-sensibles\/wp-content\/uploads\/sites\/30\/2017\/01\/u.jpg 4080w, https:\/\/www.lyceelecorbusier.eu\/territoires-sensibles\/wp-content\/uploads\/sites\/30\/2017\/01\/u-300x208.jpg 300w, https:\/\/www.lyceelecorbusier.eu\/territoires-sensibles\/wp-content\/uploads\/sites\/30\/2017\/01\/u-768x533.jpg 768w, https:\/\/www.lyceelecorbusier.eu\/territoires-sensibles\/wp-content\/uploads\/sites\/30\/2017\/01\/u-1024x711.jpg 1024w, https:\/\/www.lyceelecorbusier.eu\/territoires-sensibles\/wp-content\/uploads\/sites\/30\/2017\/01\/u-1729x1200.jpg 1729w, https:\/\/www.lyceelecorbusier.eu\/territoires-sensibles\/wp-content\/uploads\/sites\/30\/2017\/01\/u-960x666.jpg 960w\" sizes=\"(max-width: 4080px) 100vw, 4080px\" \/> <img loading=\"lazy\" class=\"aligncenter wp-image-316 size-full\" src=\"http:\/\/www.lyceelecorbusier.eu\/territoires-sensibles\/wp-content\/uploads\/sites\/30\/2017\/01\/DSCN7146.jpg\" width=\"4080\" height=\"2832\" srcset=\"https:\/\/www.lyceelecorbusier.eu\/territoires-sensibles\/wp-content\/uploads\/sites\/30\/2017\/01\/DSCN7146.jpg 4080w, https:\/\/www.lyceelecorbusier.eu\/territoires-sensibles\/wp-content\/uploads\/sites\/30\/2017\/01\/DSCN7146-300x208.jpg 300w, https:\/\/www.lyceelecorbusier.eu\/territoires-sensibles\/wp-content\/uploads\/sites\/30\/2017\/01\/DSCN7146-768x533.jpg 768w, https:\/\/www.lyceelecorbusier.eu\/territoires-sensibles\/wp-content\/uploads\/sites\/30\/2017\/01\/DSCN7146-1024x711.jpg 1024w, https:\/\/www.lyceelecorbusier.eu\/territoires-sensibles\/wp-content\/uploads\/sites\/30\/2017\/01\/DSCN7146-1729x1200.jpg 1729w, https:\/\/www.lyceelecorbusier.eu\/territoires-sensibles\/wp-content\/uploads\/sites\/30\/2017\/01\/DSCN7146-960x666.jpg 960w\" sizes=\"(max-width: 4080px) 100vw, 4080px\" \/><\/p>\n","protected":false},"excerpt":{"rendered":"<p>Ce jeudi 5 janvier, le projet a \u00e9t\u00e9 travaill\u00e9 avec un groupe sous forme d&#8217;agence, un temps consacr\u00e9 au travaille avec les\u00a0\u00e9l\u00e8ves de premi\u00e8res et deuxi\u00e8mes ann\u00e9es sur l&#8217;\u00e9volution du projet, et sur une demi journ\u00e9e. Chacun a&#8230; <a class=\"read-more\" href=\"https:\/\/www.lyceelecorbusier.eu\/territoires-sensibles\/?p=315\">Lire la suite&#8230;<\/a><\/p>\n","protected":false},"author":1,"featured_media":0,"comment_status":"closed","ping_status":"closed","sticky":false,"template":"","format":"standard","meta":[],"categories":[6],"tags":[],"_links":{"self":[{"href":"https:\/\/www.lyceelecorbusier.eu\/territoires-sensibles\/index.php?rest_route=\/wp\/v2\/posts\/315"}],"collection":[{"href":"https:\/\/www.lyceelecorbusier.eu\/territoires-sensibles\/index.php?rest_route=\/wp\/v2\/posts"}],"about":[{"href":"https:\/\/www.lyceelecorbusier.eu\/territoires-sensibles\/index.php?rest_route=\/wp\/v2\/types\/post"}],"author":[{"embeddable":true,"href":"https:\/\/www.lyceelecorbusier.eu\/territoires-sensibles\/index.php?rest_route=\/wp\/v2\/users\/1"}],"replies":[{"embeddable":true,"href":"https:\/\/www.lyceelecorbusier.eu\/territoires-sensibles\/index.php?rest_route=%2Fwp%2Fv2%2Fcomments&post=315"}],"version-history":[{"count":1,"href":"https:\/\/www.lyceelecorbusier.eu\/territoires-sensibles\/index.php?rest_route=\/wp\/v2\/posts\/315\/revisions"}],"predecessor-version":[{"id":320,"href":"https:\/\/www.lyceelecorbusier.eu\/territoires-sensibles\/index.php?rest_route=\/wp\/v2\/posts\/315\/revisions\/320"}],"wp:attachment":[{"href":"https:\/\/www.lyceelecorbusier.eu\/territoires-sensibles\/index.php?rest_route=%2Fwp%2Fv2%2Fmedia&parent=315"}],"wp:term":[{"taxonomy":"category","embeddable":true,"href":"https:\/\/www.lyceelecorbusier.eu\/territoires-sensibles\/index.php?rest_route=%2Fwp%2Fv2%2Fcategories&post=315"},{"taxonomy":"post_tag","embeddable":true,"href":"https:\/\/www.lyceelecorbusier.eu\/territoires-sensibles\/index.php?rest_route=%2Fwp%2Fv2%2Ftags&post=315"}],"curies":[{"name":"wp","href":"https:\/\/api.w.org\/{rel}","templated":true}]}}