{"id":253,"date":"2016-11-23T10:55:31","date_gmt":"2016-11-23T09:55:31","guid":{"rendered":"http:\/\/www.lyceelecorbusier.eu\/territoires-sensibles\/?p=253"},"modified":"2017-03-16T15:07:48","modified_gmt":"2017-03-16T14:07:48","slug":"exploration-urbaine","status":"publish","type":"post","link":"https:\/\/www.lyceelecorbusier.eu\/territoires-sensibles\/?p=253","title":{"rendered":"Exploration urbaine"},"content":{"rendered":"<p class=\"p1\"><img loading=\"lazy\" class=\"aligncenter wp-image-257 size-full\" src=\"http:\/\/www.lyceelecorbusier.eu\/territoires-sensibles\/wp-content\/uploads\/sites\/30\/2016\/11\/exploration-3.jpg\" alt=\"exploration-3\" width=\"1181\" height=\"886\" srcset=\"https:\/\/www.lyceelecorbusier.eu\/territoires-sensibles\/wp-content\/uploads\/sites\/30\/2016\/11\/exploration-3.jpg 1181w, https:\/\/www.lyceelecorbusier.eu\/territoires-sensibles\/wp-content\/uploads\/sites\/30\/2016\/11\/exploration-3-300x225.jpg 300w, https:\/\/www.lyceelecorbusier.eu\/territoires-sensibles\/wp-content\/uploads\/sites\/30\/2016\/11\/exploration-3-768x576.jpg 768w, https:\/\/www.lyceelecorbusier.eu\/territoires-sensibles\/wp-content\/uploads\/sites\/30\/2016\/11\/exploration-3-1024x768.jpg 1024w, https:\/\/www.lyceelecorbusier.eu\/territoires-sensibles\/wp-content\/uploads\/sites\/30\/2016\/11\/exploration-3-960x720.jpg 960w\" sizes=\"(max-width: 1181px) 100vw, 1181px\" \/><\/p>\n<p class=\"p1\"><span class=\"s1\"><b>Jeudi 13 octobre, \u00e9cole internationale du port du Rhin.<\/b><\/span><\/p>\n<p class=\"p2\"><span class=\"s1\">Premi\u00e8re exploration du terrain d\u2019exp\u00e9rimentation : le port du Rhin. Le secteur du port du Rhin est un quartier en pleine mutation, le r\u00e9am\u00e9nagement total de la zone frontali\u00e8re a d\u00e9but\u00e9 en 2010. Nous partons donc, en labo, et \u00e0 v\u00e9lo, explorer ce vaste espace.<\/span><\/p>\n<p class=\"p2\"><span class=\"s1\">Premier arr\u00eat \u00e0 l\u2019\u00e9cole internationale, r\u00e9nov\u00e9e entre 2012 et 2015, elle accueille aujourd\u2019hui des enfants de la maternelle \u00e0 la primaire de toutes origines, des enfants vivant aussi bien \u00e0 Kehl qu\u2019\u00e0 Strasbourg. Cette \u00e9cole cherche \u00e0 d\u00e9velopper les capacit\u00e9s de l\u2019enfant gr\u00e2ce \u00e0 des techniques d\u2019enseignements allemande. Les \u00e9l\u00e8ves re\u00e7oivent les cours dans les deux langues, les aires de jeux ext\u00e9rieures sont adapt\u00e9es \u00e0 leurs \u00e2ges et leur motricit\u00e9. Un petit carr\u00e9 de potager y est m\u00eame install\u00e9.<\/span><\/p>\n<p class=\"p2\"><span class=\"s1\">La journ\u00e9e se poursuit avec l\u2019exploration de la zone portuaire au nord de l\u2019Ile aux \u00e9pis. Nous pouvons alors constater tr\u00e8s vite des diff\u00e9rences entre les diff\u00e9rents espaces de l\u2019Ile. On distingue une zone de logements anciens et neufs, autour de l\u2019axe qui relie Strasbourg \u00e0 Kehl. Une zone qui est en construction depuis 2010, dynamis\u00e9e par la future arriv\u00e9e du tram de Strasbourg. Au nord de cet axe, on retrouve la zone portuaire avec tous les anciens b\u00e2timents de la COOP qui sont aujourd\u2019hui \u00e0 l\u2019abandon ou utilis\u00e9s comme ateliers d\u2019artistes. C\u2019est une zone enti\u00e8rement industrielle, rythm\u00e9e le jour par les flux constants de camions.<\/span><\/p>\n<p class=\"p2\"><span class=\"s1\">Pour terminer cette exploration urbaine, nous terminons la journ\u00e9e par un passage par la ville de Kehl, ville frontali\u00e8re au bord du Rhin. Il s\u2019agit principalement d\u2019un lieu de passage pour arriver en Allemagne, mais aussi d\u2019une zone pavillonnaire tr\u00e8s diff\u00e9rentes du syst\u00e8me fran\u00e7ais. Au d\u00e9tour d\u2019une all\u00e9e, nous tombons dans un petit parc le long d\u2019un canal, tr\u00e8s calme, pourtant \u00e0 deux pas du centre ville et de la m\u00e9tropole Strasbourgeoise. Notre p\u00e9riple se termine par un passage sur la passerelle des deux rives, qui relient pour les pi\u00e9tons et v\u00e9los, l\u2019Allemagne \u00e0 la France, en passant par le jardin des deux rives. Un endroit vert, agr\u00e9able et paisible, tr\u00e8s appr\u00e9ci\u00e9s des habitants de la m\u00e9tropole le dimanche.<\/span><\/p>\n<p class=\"p2\"><span class=\"s1\"><img loading=\"lazy\" class=\"alignnone wp-image-255 size-full\" src=\"http:\/\/www.lyceelecorbusier.eu\/territoires-sensibles\/wp-content\/uploads\/sites\/30\/2016\/11\/Exploration-1.jpg\" alt=\"exploration-1\" width=\"1181\" height=\"886\" srcset=\"https:\/\/www.lyceelecorbusier.eu\/territoires-sensibles\/wp-content\/uploads\/sites\/30\/2016\/11\/Exploration-1.jpg 1181w, https:\/\/www.lyceelecorbusier.eu\/territoires-sensibles\/wp-content\/uploads\/sites\/30\/2016\/11\/Exploration-1-300x225.jpg 300w, https:\/\/www.lyceelecorbusier.eu\/territoires-sensibles\/wp-content\/uploads\/sites\/30\/2016\/11\/Exploration-1-768x576.jpg 768w, https:\/\/www.lyceelecorbusier.eu\/territoires-sensibles\/wp-content\/uploads\/sites\/30\/2016\/11\/Exploration-1-1024x768.jpg 1024w, https:\/\/www.lyceelecorbusier.eu\/territoires-sensibles\/wp-content\/uploads\/sites\/30\/2016\/11\/Exploration-1-960x720.jpg 960w\" sizes=\"(max-width: 1181px) 100vw, 1181px\" \/><img loading=\"lazy\" class=\"alignnone wp-image-256 size-full\" src=\"http:\/\/www.lyceelecorbusier.eu\/territoires-sensibles\/wp-content\/uploads\/sites\/30\/2016\/11\/Exploration-2.jpg\" alt=\"exploration-2\" width=\"1142\" height=\"856\" srcset=\"https:\/\/www.lyceelecorbusier.eu\/territoires-sensibles\/wp-content\/uploads\/sites\/30\/2016\/11\/Exploration-2.jpg 1142w, https:\/\/www.lyceelecorbusier.eu\/territoires-sensibles\/wp-content\/uploads\/sites\/30\/2016\/11\/Exploration-2-300x225.jpg 300w, https:\/\/www.lyceelecorbusier.eu\/territoires-sensibles\/wp-content\/uploads\/sites\/30\/2016\/11\/Exploration-2-768x576.jpg 768w, https:\/\/www.lyceelecorbusier.eu\/territoires-sensibles\/wp-content\/uploads\/sites\/30\/2016\/11\/Exploration-2-1024x768.jpg 1024w, https:\/\/www.lyceelecorbusier.eu\/territoires-sensibles\/wp-content\/uploads\/sites\/30\/2016\/11\/Exploration-2-960x720.jpg 960w\" sizes=\"(max-width: 1142px) 100vw, 1142px\" \/><\/span><\/p>\n","protected":false},"excerpt":{"rendered":"<p>Jeudi 13 octobre, \u00e9cole internationale du port du Rhin. Premi\u00e8re exploration du terrain d\u2019exp\u00e9rimentation : le port du Rhin. Le secteur du port du Rhin est un quartier en pleine mutation, le r\u00e9am\u00e9nagement total de la zone frontali\u00e8re&#8230; <a class=\"read-more\" href=\"https:\/\/www.lyceelecorbusier.eu\/territoires-sensibles\/?p=253\">Lire la suite&#8230;<\/a><\/p>\n","protected":false},"author":1,"featured_media":418,"comment_status":"closed","ping_status":"closed","sticky":false,"template":"","format":"standard","meta":[],"categories":[3,6],"tags":[],"_links":{"self":[{"href":"https:\/\/www.lyceelecorbusier.eu\/territoires-sensibles\/index.php?rest_route=\/wp\/v2\/posts\/253"}],"collection":[{"href":"https:\/\/www.lyceelecorbusier.eu\/territoires-sensibles\/index.php?rest_route=\/wp\/v2\/posts"}],"about":[{"href":"https:\/\/www.lyceelecorbusier.eu\/territoires-sensibles\/index.php?rest_route=\/wp\/v2\/types\/post"}],"author":[{"embeddable":true,"href":"https:\/\/www.lyceelecorbusier.eu\/territoires-sensibles\/index.php?rest_route=\/wp\/v2\/users\/1"}],"replies":[{"embeddable":true,"href":"https:\/\/www.lyceelecorbusier.eu\/territoires-sensibles\/index.php?rest_route=%2Fwp%2Fv2%2Fcomments&post=253"}],"version-history":[{"count":3,"href":"https:\/\/www.lyceelecorbusier.eu\/territoires-sensibles\/index.php?rest_route=\/wp\/v2\/posts\/253\/revisions"}],"predecessor-version":[{"id":259,"href":"https:\/\/www.lyceelecorbusier.eu\/territoires-sensibles\/index.php?rest_route=\/wp\/v2\/posts\/253\/revisions\/259"}],"wp:featuredmedia":[{"embeddable":true,"href":"https:\/\/www.lyceelecorbusier.eu\/territoires-sensibles\/index.php?rest_route=\/wp\/v2\/media\/418"}],"wp:attachment":[{"href":"https:\/\/www.lyceelecorbusier.eu\/territoires-sensibles\/index.php?rest_route=%2Fwp%2Fv2%2Fmedia&parent=253"}],"wp:term":[{"taxonomy":"category","embeddable":true,"href":"https:\/\/www.lyceelecorbusier.eu\/territoires-sensibles\/index.php?rest_route=%2Fwp%2Fv2%2Fcategories&post=253"},{"taxonomy":"post_tag","embeddable":true,"href":"https:\/\/www.lyceelecorbusier.eu\/territoires-sensibles\/index.php?rest_route=%2Fwp%2Fv2%2Ftags&post=253"}],"curies":[{"name":"wp","href":"https:\/\/api.w.org\/{rel}","templated":true}]}}