{"id":231,"date":"2016-11-24T10:50:04","date_gmt":"2016-11-24T09:50:04","guid":{"rendered":"http:\/\/www.lyceelecorbusier.eu\/territoires-sensibles\/?p=231"},"modified":"2016-12-30T18:21:49","modified_gmt":"2016-12-30T17:21:49","slug":"promenade-sensible","status":"publish","type":"post","link":"https:\/\/www.lyceelecorbusier.eu\/territoires-sensibles\/?p=231","title":{"rendered":"Promenade sensible"},"content":{"rendered":"<p class=\"p3\"><img loading=\"lazy\" class=\"wp-image-265 size-full aligncenter\" src=\"http:\/\/www.lyceelecorbusier.eu\/territoires-sensibles\/wp-content\/uploads\/sites\/30\/2016\/11\/Ressenti-1.jpg\" alt=\"ressenti-1\" width=\"1181\" height=\"920\" srcset=\"https:\/\/www.lyceelecorbusier.eu\/territoires-sensibles\/wp-content\/uploads\/sites\/30\/2016\/11\/Ressenti-1.jpg 1181w, https:\/\/www.lyceelecorbusier.eu\/territoires-sensibles\/wp-content\/uploads\/sites\/30\/2016\/11\/Ressenti-1-300x234.jpg 300w, https:\/\/www.lyceelecorbusier.eu\/territoires-sensibles\/wp-content\/uploads\/sites\/30\/2016\/11\/Ressenti-1-768x598.jpg 768w, https:\/\/www.lyceelecorbusier.eu\/territoires-sensibles\/wp-content\/uploads\/sites\/30\/2016\/11\/Ressenti-1-1024x798.jpg 1024w, https:\/\/www.lyceelecorbusier.eu\/territoires-sensibles\/wp-content\/uploads\/sites\/30\/2016\/11\/Ressenti-1-960x748.jpg 960w\" sizes=\"(max-width: 1181px) 100vw, 1181px\" \/><\/p>\n<p class=\"p3\"><span class=\"s1\"><b>Jeudi 3 novembre, \u00e0 proximit\u00e9 de la rue de Dunkerque, Strasbourg.<\/b><\/span><\/p>\n<p class=\"p1\" style=\"text-align: justify\"><span class=\"s1\">Il est 14h et nous nous appr\u00eatons \u00e0 d\u00e9ambuler dans les rues du quartier du port du Rhin, les yeux ferm\u00e9s. Le processus est simple, une personne gardera les yeux ouverts pour guider l\u2019autre, aveugle, \u00e0 travers les diff\u00e9rents terrains du port.\u00a0<\/span><span class=\"s1\">Les yeux ferm\u00e9s, nous partons explorer un terrain que nous avions visit\u00e9 quelques semaines plus t\u00f4t. Plong\u00e9 dans le noir, le site me parait alors inconnu, les repaires disparaissent pour laisser place \u00e0 certaines sensations \u00e9tranges, parfois myst\u00e9rieuses. <\/span><\/p>\n<p class=\"p1\" style=\"text-align: justify\"><span class=\"s1\">En enlevant l\u2019un de nos sens les plus importants, et des plus vital de notre quotidien, le monde nous parait bien \u00e9tranger. Les autres sens se mettent alors en \u00e9veil. On leur pr\u00eate alors une attention plus particuli\u00e8re. Les sons deviennent des rep\u00e8res, et nous aident \u00e0 qualifier certaines zones. Les diff\u00e9rents bruits de voiture indique des zones de circulations. L\u2019intensit\u00e9 de ces sons nous permettent aussi d\u2019\u00e9valuer les dangers. Le passage d\u2019un camion dans une petite rue \u00e9troite ou sur une art\u00e8re de circulation importante sera diff\u00e9rent. On distingue alors certaines choses, certaines diff\u00e9rences que nous n\u2019aurions pas discern\u00e9 les yeux ouverts. <\/span><\/p>\n<p class=\"p1\" style=\"text-align: justify\"><span class=\"s1\">Le toucher est aussi mis \u00e0 contribution. Les diff\u00e9rences de sols se ressentent tr\u00e8s vite, et devient \u00e0 leur tour, des rep\u00e8res. On discerne tr\u00e8s vite la travers\u00e9e des zones urbaines des zones naturelles par la duret\u00e9 des sols. L\u2019odorat permet aussi lui aussi de distinguer certaines zones. Dans le quartier du port du Rhin, j\u2019ai notamment pu distinguer les zones industrielles, des zones naturelles, mais aussi des zones d\u2019habitation.<\/span><\/p>\n<p class=\"p1\" style=\"text-align: justify\"><span class=\"s1\">Priv\u00e9 de l\u2019un de nos sens les plus indispensables, les yeux ferm\u00e9s, on se focalise d\u2019avantage sur nos autres sens. Cela nous permet alors de ressentir des sensations nouvelles, sans int\u00e9r\u00eats auparavant.<br \/>\n<\/span><\/p>\n<p class=\"p4\" style=\"text-align: justify\"><em><span class=\"s1\">RESSENTI AVEUGLE<\/span><\/em><span class=\"s1\"><br \/>\nPour la premi\u00e8re partie de la visite, nous partons de la place centrale du quartier, derri\u00e8re la pharmacie. On distingue un l\u00e9ger bruit de circulation automobile en fond sonore. Les voitures paraissent loin, mais leurs pr\u00e9sences restent \u00e9vidente. <\/span><\/p>\n<p class=\"p1\" style=\"text-align: justify\"><span class=\"s1\">Puis on s\u2019approche de plus en plus de la route, le sons des moteurs devient omnipr\u00e9sent, on n\u2019entends plus que \u00e7a. J\u2019imagine que nous nous arr\u00eatons \u00e0 un feu rouge pi\u00e9ton mais les yeux band\u00e9s et avec le bruit de la circulation, j\u2019ai la sensation d\u2019\u00eatre en plein milieu de la voie, \u00e0 une grande heure d\u2019affluence. Nous traversons cet espace assourdissant, pour le laisser peu \u00e0 peu derri\u00e8re nous. J\u2019ai eu ensuite la sensation de longer les nouveaux logements, r\u00e9cemment construit en direction du jardin des deux rives.<\/span><\/p>\n<p class=\"p1\" style=\"text-align: justify\"><span class=\"s1\">Ensuite, la coupure avec la bruit intense de la circulation se fait de plus en plus important. On a alors un long passage par le jardin des deux rives, plus aucun bruit n\u2019est pas perceptible, juste le son l\u00e9ger du vent dans les arbres et celui de nos pieds dans l\u2019herbe. Le toucher des mati\u00e8res naturelles nous permet aussi de comprendre l\u2019espace. On a alors l\u2019intention d\u2019\u00eatre dans une bulle. Puis on longe les quais du Rhin, avec le son du claquement de l\u2019eau. De tout les endroits travers\u00e9s les yeux ferm\u00e9s, je pense qu\u2019il s\u2019agissait de l\u2019endroit le plus apaisant et le plus agr\u00e9able. Le calme ambiant apaisait et laisser libre cours \u00e0 notre imagination. Personnellement, j\u2019ai eu la sensation de retrouver me retrouver dans un espace connu qui est le bord de mer.<\/span><\/p>\n<p class=\"p1\" style=\"text-align: justify\"><span class=\"s1\">Puis, j\u2019ai eu la sensation que nous avons travers\u00e9 la zone d\u2019habitation, que l\u2019on peut distinguer gr\u00e2ce aux sons plus l\u00e9ger, des bruits de pas, des personnes qui parlent ou des bruits de porti\u00e8res qui s\u2019ouvrent ou se ferment. Les odeurs me permettent aussi de distinguer la zone dans laquelle nous nous trouvions, une odeur de plat mijot\u00e9, rappelle la place des habitations et des quelques restaurants locaux. <\/span><span class=\"s1\">Le trajet se termine en arrivant dans le d\u00e9but de la zone industrielle, cela se per\u00e7oit gr\u00e2ce aux odeurs et \u00e0 la circulation qui redevient importante. Le bruit devient omnipr\u00e9sent et assourdissant.<\/span><\/p>\n<p class=\"p1\" style=\"text-align: justify\"><span class=\"s1\"><img loading=\"lazy\" class=\"wp-image-266 size-full aligncenter\" src=\"http:\/\/www.lyceelecorbusier.eu\/territoires-sensibles\/wp-content\/uploads\/sites\/30\/2016\/11\/ressenti-2.jpg\" alt=\"ressenti-2\" width=\"1181\" height=\"906\" srcset=\"https:\/\/www.lyceelecorbusier.eu\/territoires-sensibles\/wp-content\/uploads\/sites\/30\/2016\/11\/ressenti-2.jpg 1181w, https:\/\/www.lyceelecorbusier.eu\/territoires-sensibles\/wp-content\/uploads\/sites\/30\/2016\/11\/ressenti-2-300x230.jpg 300w, https:\/\/www.lyceelecorbusier.eu\/territoires-sensibles\/wp-content\/uploads\/sites\/30\/2016\/11\/ressenti-2-768x589.jpg 768w, https:\/\/www.lyceelecorbusier.eu\/territoires-sensibles\/wp-content\/uploads\/sites\/30\/2016\/11\/ressenti-2-1024x786.jpg 1024w, https:\/\/www.lyceelecorbusier.eu\/territoires-sensibles\/wp-content\/uploads\/sites\/30\/2016\/11\/ressenti-2-960x736.jpg 960w\" sizes=\"(max-width: 1181px) 100vw, 1181px\" \/> <\/span><img loading=\"lazy\" class=\"wp-image-262 size-full aligncenter\" src=\"http:\/\/www.lyceelecorbusier.eu\/territoires-sensibles\/wp-content\/uploads\/sites\/30\/2016\/11\/ressenti-3.jpg\" alt=\"ressenti-3\" width=\"1181\" height=\"925\" srcset=\"https:\/\/www.lyceelecorbusier.eu\/territoires-sensibles\/wp-content\/uploads\/sites\/30\/2016\/11\/ressenti-3.jpg 1181w, https:\/\/www.lyceelecorbusier.eu\/territoires-sensibles\/wp-content\/uploads\/sites\/30\/2016\/11\/ressenti-3-300x235.jpg 300w, https:\/\/www.lyceelecorbusier.eu\/territoires-sensibles\/wp-content\/uploads\/sites\/30\/2016\/11\/ressenti-3-768x602.jpg 768w, https:\/\/www.lyceelecorbusier.eu\/territoires-sensibles\/wp-content\/uploads\/sites\/30\/2016\/11\/ressenti-3-1024x802.jpg 1024w, https:\/\/www.lyceelecorbusier.eu\/territoires-sensibles\/wp-content\/uploads\/sites\/30\/2016\/11\/ressenti-3-960x752.jpg 960w\" sizes=\"(max-width: 1181px) 100vw, 1181px\" \/><\/p>\n","protected":false},"excerpt":{"rendered":"<p>Jeudi 3 novembre, \u00e0 proximit\u00e9 de la rue de Dunkerque, Strasbourg. Il est 14h et nous nous appr\u00eatons \u00e0 d\u00e9ambuler dans les rues du quartier du port du Rhin, les yeux ferm\u00e9s. Le processus est simple, une personne&#8230; <a class=\"read-more\" href=\"https:\/\/www.lyceelecorbusier.eu\/territoires-sensibles\/?p=231\">Lire la suite&#8230;<\/a><\/p>\n","protected":false},"author":1,"featured_media":0,"comment_status":"closed","ping_status":"closed","sticky":false,"template":"","format":"standard","meta":[],"categories":[6],"tags":[],"_links":{"self":[{"href":"https:\/\/www.lyceelecorbusier.eu\/territoires-sensibles\/index.php?rest_route=\/wp\/v2\/posts\/231"}],"collection":[{"href":"https:\/\/www.lyceelecorbusier.eu\/territoires-sensibles\/index.php?rest_route=\/wp\/v2\/posts"}],"about":[{"href":"https:\/\/www.lyceelecorbusier.eu\/territoires-sensibles\/index.php?rest_route=\/wp\/v2\/types\/post"}],"author":[{"embeddable":true,"href":"https:\/\/www.lyceelecorbusier.eu\/territoires-sensibles\/index.php?rest_route=\/wp\/v2\/users\/1"}],"replies":[{"embeddable":true,"href":"https:\/\/www.lyceelecorbusier.eu\/territoires-sensibles\/index.php?rest_route=%2Fwp%2Fv2%2Fcomments&post=231"}],"version-history":[{"count":10,"href":"https:\/\/www.lyceelecorbusier.eu\/territoires-sensibles\/index.php?rest_route=\/wp\/v2\/posts\/231\/revisions"}],"predecessor-version":[{"id":268,"href":"https:\/\/www.lyceelecorbusier.eu\/territoires-sensibles\/index.php?rest_route=\/wp\/v2\/posts\/231\/revisions\/268"}],"wp:attachment":[{"href":"https:\/\/www.lyceelecorbusier.eu\/territoires-sensibles\/index.php?rest_route=%2Fwp%2Fv2%2Fmedia&parent=231"}],"wp:term":[{"taxonomy":"category","embeddable":true,"href":"https:\/\/www.lyceelecorbusier.eu\/territoires-sensibles\/index.php?rest_route=%2Fwp%2Fv2%2Fcategories&post=231"},{"taxonomy":"post_tag","embeddable":true,"href":"https:\/\/www.lyceelecorbusier.eu\/territoires-sensibles\/index.php?rest_route=%2Fwp%2Fv2%2Ftags&post=231"}],"curies":[{"name":"wp","href":"https:\/\/api.w.org\/{rel}","templated":true}]}}