{"id":229,"date":"2016-11-21T10:30:19","date_gmt":"2016-11-21T09:30:19","guid":{"rendered":"http:\/\/www.lyceelecorbusier.eu\/territoires-sensibles\/?p=229"},"modified":"2017-01-07T23:27:59","modified_gmt":"2017-01-07T22:27:59","slug":"les-pieds-dans-lherbe","status":"publish","type":"post","link":"https:\/\/www.lyceelecorbusier.eu\/territoires-sensibles\/?p=229","title":{"rendered":"Les pieds dans l&#8217;herbe"},"content":{"rendered":"<p class=\"p1\"><span class=\"s1\">Dans le cadre de mon projet, je m\u2019int\u00e9resse aujourd\u2019hui \u00e0 la place de la nature et de la v\u00e9g\u00e9tation dans l\u2019espace urbain. Ayant grandi \u00e0 la campagne, je suis sensible aux questions de nature et de verdure. J\u2019explore ainsi la question de l\u2019am\u00e9lioration de la qualit\u00e9 de vie d\u2019un quartier en ville gr\u00e2ce \u00e0 l\u2019int\u00e9gration de la nature. <\/span><\/p>\n<p class=\"p1\"><span class=\"s1\">Mon terrain d\u2019exp\u00e9rimentation sera celui du port du Rhin. Une zone en totale reconstruction entre Strasbourg et Kehl, bord\u00e9e par le Rhin. Ce vaste espace se reconstruit depuis quelques ann\u00e9es mais les traces du pass\u00e9 industriel restent tr\u00e8s pr\u00e9sentes. Il s\u2019agit d\u2019un terrain pollu\u00e9 avec certaines zones encore en friches. La zone se situant autour de l\u2019axe principal Strasbourg-Kehl est tr\u00e8s artificiel et r\u00e9cemment construit. Dans les zones restantes qui sont d\u00e9laiss\u00e9es, la nature reprend peu \u00e0 peu ses droits, les mauvaises herbes se r\u00e9-approprient l\u2019espace.\u00a0<\/span><span class=\"s1\">J\u2019exp\u00e9rimenterai sur ce terrain gr\u00e2ce \u00e0 des ateliers et diverses exp\u00e9riences avec les habitants du quartier, ainsi que les enfants de l\u2019\u00e9cole internationale. <\/span><\/p>\n<p class=\"p1\"><span class=\"s1\">Mon but premier est de r\u00e9int\u00e9grer la nature dans l\u2019espace urbain, mais j\u2019imagine ce projet gr\u00e2ce \u00e0 l\u2019intervention des habitants. Chacun actera dans son propre quartier pour le rendre plus vert et plus agr\u00e9able. Le citadin apprends ainsi son r\u00f4le de citoyen en devenant acteur de son propre quartier, et en se m\u00e9langeant aux autres. Dans la dimension d\u2019espace, j\u2019imagine un processus de co-conception, construire et concevoir avec des experts, mais aussi avec les habitants.<\/span><\/p>\n<p class=\"p1\"><span class=\"s1\">Avec une vision utopique, j\u2019imagine lier les habitants \u00e0 leur quartier, par diff\u00e9rents ateliers et diff\u00e9rents processus de partage autour du th\u00e8me de la v\u00e9g\u00e9tation urbaine. Je visualise alors un endroit central qui est un espace commun aux habitants du quartier : un espace propice \u00e0 la d\u00e9tente, aux \u00e9changes, et \u00e0 l\u2019\u00e9veil des sens autour de la v\u00e9g\u00e9tation. Le processus de v\u00e9g\u00e9talisation du quartier se pense ainsi \u00e0 moyen terme. Les habitants deviennent acteurs de ce processus, \u00e0 travers diff\u00e9rents ateliers. On imagine alors des ateliers r\u00e9guliers organis\u00e9s et r\u00e9alis\u00e9s par les habitants dans le but de valoriser leur quartier et leur territoire par l\u2019intervention de la v\u00e9g\u00e9tation dans le milieu urbain. Cela mettra en lumi\u00e8re le partage d\u2019exp\u00e9riences et de connaissances en terme de nature.<\/span><\/p>\n<p class=\"p1\"><span class=\"s1\">Gr\u00e2ce \u00e0 ce projet, on assiste \u00e0 un renforcement de la vie de quartier et l\u2019am\u00e9lioration de la qualit\u00e9 de vie des habitants du quartier, au quotidien et dans l\u2019espace public.<\/span><\/p>\n","protected":false},"excerpt":{"rendered":"<p>Dans le cadre de mon projet, je m\u2019int\u00e9resse aujourd\u2019hui \u00e0 la place de la nature et de la v\u00e9g\u00e9tation dans l\u2019espace urbain. Ayant grandi \u00e0 la campagne, je suis sensible aux questions de nature et de verdure. J\u2019explore&#8230; <a class=\"read-more\" href=\"https:\/\/www.lyceelecorbusier.eu\/territoires-sensibles\/?p=229\">Lire la suite&#8230;<\/a><\/p>\n","protected":false},"author":1,"featured_media":0,"comment_status":"closed","ping_status":"closed","sticky":false,"template":"","format":"standard","meta":[],"categories":[6],"tags":[],"_links":{"self":[{"href":"https:\/\/www.lyceelecorbusier.eu\/territoires-sensibles\/index.php?rest_route=\/wp\/v2\/posts\/229"}],"collection":[{"href":"https:\/\/www.lyceelecorbusier.eu\/territoires-sensibles\/index.php?rest_route=\/wp\/v2\/posts"}],"about":[{"href":"https:\/\/www.lyceelecorbusier.eu\/territoires-sensibles\/index.php?rest_route=\/wp\/v2\/types\/post"}],"author":[{"embeddable":true,"href":"https:\/\/www.lyceelecorbusier.eu\/territoires-sensibles\/index.php?rest_route=\/wp\/v2\/users\/1"}],"replies":[{"embeddable":true,"href":"https:\/\/www.lyceelecorbusier.eu\/territoires-sensibles\/index.php?rest_route=%2Fwp%2Fv2%2Fcomments&post=229"}],"version-history":[{"count":1,"href":"https:\/\/www.lyceelecorbusier.eu\/territoires-sensibles\/index.php?rest_route=\/wp\/v2\/posts\/229\/revisions"}],"predecessor-version":[{"id":230,"href":"https:\/\/www.lyceelecorbusier.eu\/territoires-sensibles\/index.php?rest_route=\/wp\/v2\/posts\/229\/revisions\/230"}],"wp:attachment":[{"href":"https:\/\/www.lyceelecorbusier.eu\/territoires-sensibles\/index.php?rest_route=%2Fwp%2Fv2%2Fmedia&parent=229"}],"wp:term":[{"taxonomy":"category","embeddable":true,"href":"https:\/\/www.lyceelecorbusier.eu\/territoires-sensibles\/index.php?rest_route=%2Fwp%2Fv2%2Fcategories&post=229"},{"taxonomy":"post_tag","embeddable":true,"href":"https:\/\/www.lyceelecorbusier.eu\/territoires-sensibles\/index.php?rest_route=%2Fwp%2Fv2%2Ftags&post=229"}],"curies":[{"name":"wp","href":"https:\/\/api.w.org\/{rel}","templated":true}]}}