{"id":6777,"date":"2026-04-26T16:27:16","date_gmt":"2026-04-26T14:27:16","guid":{"rendered":"https:\/\/www.lyceelecorbusier.eu\/recherche-projet\/?p=6777"},"modified":"2026-04-29T11:59:06","modified_gmt":"2026-04-29T09:59:06","slug":"quest-ce-que-tu-as-mange-hier-soir-atelier-outille","status":"publish","type":"post","link":"https:\/\/www.lyceelecorbusier.eu\/recherche-projet\/?p=6777","title":{"rendered":"Qu&#8217;est-ce que tu as mang\u00e9 hier soir ? &#8211; Atelier outill\u00e9"},"content":{"rendered":"<h3><!--more--><\/h3>\n<h2 style=\"text-align: center\">Recette de l&#8217;atelier<\/h2>\n<h3><!--more--><span style=\"color: #ff0000\">Objectifs :<\/span><\/h3>\n<p style=\"text-align: left\">L\u2019objectif de cet atelier \u00e9tait de <strong>cerner les habitudes alimentaires des jeunes<\/strong> en identifiant les points suivants :<br \/>\n\u2022 Identifier quel int\u00e9r\u00eat ils portent au fait de cuisiner.<br \/>\n\u2022 Identifier la fr\u00e9quence de leurs achats alimentaires.<br \/>\n\u2022 Identifier les produits consomm\u00e9s.<\/p>\n<h3><span style=\"color: #ff0000\">Postures de designer :<\/span><\/h3>\n<p>Je cherche \u00e0 mettre \u00e0 l\u2019aise les jeunes en privil\u00e9giant une approche r\u00e9cr\u00e9ative. J\u2019\u00e9voque mon m\u00e9moire sur l\u2019alimentation afin de permettre aux participants d\u2019\u00eatre dans une posture participative, et donner le plus de d\u00e9tails possibles.<\/p>\n<p>Puis, durant l\u2019atelier, je suis amen\u00e9 \u00e0 <strong>adopter plusieurs postures<\/strong>.<\/p>\n<p>Durant les phases 1 et 3, je me place comme <strong>accompagnatrice<\/strong>, c\u2019est-\u00e0-dire que j\u2019\u00e9change avec les jeunes pour compl\u00e9ter les actions qu\u2019ils effectuent durant l\u2019atelier.<\/p>\n<p>Durant la phase 2, je me positionne comme <strong>observatrice<\/strong>, c\u2019est-\u00e0-dire que je laisse les participants r\u00e9aliser l\u2019atelier de mani\u00e8re autonome, pour observer leur langage verbal et non verbal.<\/p>\n<h3><span style=\"color: #ff0000\">Ingr\u00e9dients :<\/span><\/h3>\n<ul style=\"list-style-type: circle\">\n<li>\u00a01 dispositif r\u00e9versible (supermarch\u00e9 et cuisine)<br \/>\n&#8211; 7 rayons de supermarch\u00e9<br \/>\n&#8211; Une trentaine d\u2019\u00e9quipement de cuisine<br \/>\n&#8211; 1 feuille recto-verso (plan de travail et salle \u00e0 manger)<\/li>\n<li>1 cadis<\/li>\n<li>2 plateau<\/li>\n<li>2 diff\u00e9rentes fiches d\u2019observation (1 accompagnatrice et 1 animatrice)<\/li>\n<li>1 t\u00e9l\u00e9phone (pour prendre des photo)<\/li>\n<\/ul>\n<h3><span style=\"color: #ff0000\">Pr\u00e9paration (sc\u00e9nario d&#8217;usage):<\/span><\/h3>\n<p><img loading=\"lazy\" class=\"aligncenter wp-image-7078\" src=\"https:\/\/www.lyceelecorbusier.eu\/recherche-projet\/wp-content\/uploads\/sites\/50\/2026\/04\/scenario-dusage.png\" alt=\"\" width=\"646\" height=\"389\" \/><\/p>\n<h3><span style=\"color: #ff0000\">Donn\u00e9es r\u00e9colt\u00e9es :\u00a0<\/span><\/h3>\n<p>Le deuxi\u00e8me test que j&#8217;ai effectu\u00e9 se d\u00e9roule au sein du lyc\u00e9e Le Corbusier, avec des \u00e9tudiants en design, le vendredi 19 d\u00e9cembre \u00e0 midi. Pour r\u00e9colter des donn\u00e9es plus concr\u00e8tes, j\u2019ai fait appel \u00e0 un public de jeunes adultes \u00e2g\u00e9s de 20 ans \u00e0 22 ans, qui commence \u00e0 vivre ind\u00e9pendamment de leurs parents.<\/p>\n<h5 style=\"text-align: center\">Joanne et Emma, 22 ans :<\/h5>\n<p><strong>Qu\u2019est-ce que vous avez mang\u00e9 hier soir ?<\/strong><\/p>\n<p>Des minis sandwich ap\u00e9ro avec du saumon et du fromage de ch\u00e8vre chez Emma.<\/p>\n<p><strong>Vous avez aim\u00e9 ce que vous avez mang\u00e9 ?<\/strong><\/p>\n<p>\u00c7a peut aller.<br \/>\n<span style=\"color: #ff0000\">Joanne :<\/span> \u201c<em>\u00c7a va, j\u2019ai aim\u00e9 ce que j\u2019aim\u00e9, mais c\u2019\u00e9tait pas ouf.<\/em>\u201d<\/p>\n<p><strong>A quelle fr\u00e9quence vous faites les courses ?<\/strong><\/p>\n<p><span style=\"color: #ff0000\">Joanne :<\/span> 1 fois par semaine<br \/>\n<span style=\"color: #ff0000\">Emma :<\/span> 1 ou 2 fois toutes les 3 semaines<\/p>\n<p><strong>Vous cuisinez souvent ?<\/strong><\/p>\n<p><span style=\"color: #ff0000\">Joanne :<\/span> \u201c<em>La semaine pas trop, mais le week-end oui.<\/em>\u201d<br \/>\n<span style=\"color: #ff0000\">Emma :<\/span> \u201c<em>Je cuisine presque pas<\/em>\u201d \u201c[Je cuisine] <em>surtout le dimanche pour pr\u00e9parer les repas de la semaine.<\/em>\u201d<\/p>\n<p><strong>Comment avez-vous appris \u00e0 cuisiner ?<\/strong><\/p>\n<p>Avec les parents<br \/>\n<span style=\"color: #ff0000\">Joanne :<\/span> \u201c<em>Avec insta je teste des recettes<\/em>.\u201d<br \/>\n<span style=\"color: #ff0000\">Emma :<\/span> Vivre seule et au scout<\/p>\n<p><strong>Leur mani\u00e8re de cuisiner :<\/strong><\/p>\n<p>Joanne est impliqu\u00e9e et efficace, elle s\u2019amuse.<br \/>\nEmma est plut\u00f4t insouciante, un peu timide et lente dans la manipulation.<\/p>\n<p><img loading=\"lazy\" class=\"wp-image-7086 alignnone\" src=\"https:\/\/www.lyceelecorbusier.eu\/recherche-projet\/wp-content\/uploads\/sites\/50\/2026\/04\/16-768x1024.png\" alt=\"\" width=\"361\" height=\"482\" srcset=\"https:\/\/www.lyceelecorbusier.eu\/recherche-projet\/wp-content\/uploads\/sites\/50\/2026\/04\/16-768x1024.png 768w, https:\/\/www.lyceelecorbusier.eu\/recherche-projet\/wp-content\/uploads\/sites\/50\/2026\/04\/16-225x300.png 225w, https:\/\/www.lyceelecorbusier.eu\/recherche-projet\/wp-content\/uploads\/sites\/50\/2026\/04\/16-1152x1536.png 1152w, https:\/\/www.lyceelecorbusier.eu\/recherche-projet\/wp-content\/uploads\/sites\/50\/2026\/04\/16-1536x2048.png 1536w, https:\/\/www.lyceelecorbusier.eu\/recherche-projet\/wp-content\/uploads\/sites\/50\/2026\/04\/16-1200x1600.png 1200w, https:\/\/www.lyceelecorbusier.eu\/recherche-projet\/wp-content\/uploads\/sites\/50\/2026\/04\/16-900x1200.png 900w, https:\/\/www.lyceelecorbusier.eu\/recherche-projet\/wp-content\/uploads\/sites\/50\/2026\/04\/16-720x960.png 720w\" sizes=\"(max-width: 361px) 100vw, 361px\" \/><img loading=\"lazy\" class=\"wp-image-7089 alignnone\" src=\"https:\/\/www.lyceelecorbusier.eu\/recherche-projet\/wp-content\/uploads\/sites\/50\/2026\/04\/14-768x1024.png\" alt=\"\" width=\"361\" height=\"481\" srcset=\"https:\/\/www.lyceelecorbusier.eu\/recherche-projet\/wp-content\/uploads\/sites\/50\/2026\/04\/14-768x1024.png 768w, https:\/\/www.lyceelecorbusier.eu\/recherche-projet\/wp-content\/uploads\/sites\/50\/2026\/04\/14-225x300.png 225w, https:\/\/www.lyceelecorbusier.eu\/recherche-projet\/wp-content\/uploads\/sites\/50\/2026\/04\/14-1152x1536.png 1152w, https:\/\/www.lyceelecorbusier.eu\/recherche-projet\/wp-content\/uploads\/sites\/50\/2026\/04\/14-1536x2048.png 1536w, https:\/\/www.lyceelecorbusier.eu\/recherche-projet\/wp-content\/uploads\/sites\/50\/2026\/04\/14-1200x1600.png 1200w, https:\/\/www.lyceelecorbusier.eu\/recherche-projet\/wp-content\/uploads\/sites\/50\/2026\/04\/14-900x1200.png 900w, https:\/\/www.lyceelecorbusier.eu\/recherche-projet\/wp-content\/uploads\/sites\/50\/2026\/04\/14-720x960.png 720w\" sizes=\"(max-width: 361px) 100vw, 361px\" \/><\/p>\n<h5 style=\"text-align: center\">Jeanne et Gaspard, 22 ans :<\/h5>\n<p><strong>Qu\u2019est-ce que vous avez mang\u00e9 hier soir ?<\/strong><\/p>\n<p>Des p\u00e2tes au pesto rosso avec des saucisses et du fromage chez Jeanne.<br \/>\n\u201c<em>On a fait une compote de pomme mais elle a cram\u00e9<\/em>.\u201d ; \u201c<em>C\u2019\u00e9tait le repas de fin de semaine, c\u2019\u00e9tait pas horrible.<\/em>\u201d<\/p>\n<p><strong>Vous avez aim\u00e9 ce que vous avez mang\u00e9 ?\u00a0<\/strong><\/p>\n<p>\u00c7a peut aller<br \/>\n<span style=\"color: #ff0000\">Gaspard :<\/span> \u201c<em>Non c\u2019\u00e9tait quand m\u00eame bon.<\/em>\u201d<\/p>\n<p><strong>A quelle fr\u00e9quence vous faites les courses ?<\/strong><\/p>\n<p><span style=\"color: #ff0000\">Jeanne :<\/span> \u201c<em>Souvent on fait repas par repas, environ tous les 2 jours.<\/em>\u201d ; \u201c<em>J\u2019aime pas trop porter les courses. Je ne remplis pas trop mon sac.<\/em>\u201d<br \/>\n<span style=\"color: #ff0000\">Gaspard :<\/span> 1 \u00e0 2 fois dans le mois, mais d\u00eene tous les soirs chez Jeanne.<\/p>\n<p><strong>Vous cuisinez souvent ?<\/strong><\/p>\n<p>Pas tout le temps, ils favorisent les repas d\u00e9j\u00e0 tout fait car \u201c<em>c\u2019est moins cher<\/em>\u201d.<\/p>\n<p><strong>Comment avez-vous appris \u00e0 cuisiner ?<\/strong><\/p>\n<p>\u201c<em>Le fait d\u2019\u00eatre tout seul dans son appart.<\/em>\u201d<br \/>\n<span style=\"color: #ff0000\">Jeanne :<\/span> \u201c<em>J\u2019ai appris \u00e0 cuisiner au scout.<\/em>\u201d<br \/>\n<span style=\"color: #ff0000\">Gaspard :<\/span> \u201c<em>J\u2019ai appris \u00e0 cuisiner chez mes parents.<\/em>\u201d<\/p>\n<p><strong>Leur mani\u00e8re de cuisiner :<\/strong><\/p>\n<p>Devant une bi\u00e8re, Jeanne est dans la cuisine discute avec Gaspard, qui lui fait la cuisine. Ils ont laiss\u00e9 cramer la compote, qui \u00e9tait le dessert, \u00e0 la casserole et ne l\u2019ont pas mang\u00e9e.<\/p>\n<p><img loading=\"lazy\" class=\"wp-image-7087 alignnone\" src=\"https:\/\/www.lyceelecorbusier.eu\/recherche-projet\/wp-content\/uploads\/sites\/50\/2026\/04\/15-768x1024.png\" alt=\"\" width=\"356\" height=\"474\" srcset=\"https:\/\/www.lyceelecorbusier.eu\/recherche-projet\/wp-content\/uploads\/sites\/50\/2026\/04\/15-768x1024.png 768w, https:\/\/www.lyceelecorbusier.eu\/recherche-projet\/wp-content\/uploads\/sites\/50\/2026\/04\/15-225x300.png 225w, https:\/\/www.lyceelecorbusier.eu\/recherche-projet\/wp-content\/uploads\/sites\/50\/2026\/04\/15-1152x1536.png 1152w, https:\/\/www.lyceelecorbusier.eu\/recherche-projet\/wp-content\/uploads\/sites\/50\/2026\/04\/15-1536x2048.png 1536w, https:\/\/www.lyceelecorbusier.eu\/recherche-projet\/wp-content\/uploads\/sites\/50\/2026\/04\/15-1200x1600.png 1200w, https:\/\/www.lyceelecorbusier.eu\/recherche-projet\/wp-content\/uploads\/sites\/50\/2026\/04\/15-900x1200.png 900w, https:\/\/www.lyceelecorbusier.eu\/recherche-projet\/wp-content\/uploads\/sites\/50\/2026\/04\/15-720x960.png 720w\" sizes=\"(max-width: 356px) 100vw, 356px\" \/><img loading=\"lazy\" class=\"alignnone wp-image-7090\" src=\"https:\/\/www.lyceelecorbusier.eu\/recherche-projet\/wp-content\/uploads\/sites\/50\/2026\/04\/17-768x1024.png\" alt=\"\" width=\"356\" height=\"474\" srcset=\"https:\/\/www.lyceelecorbusier.eu\/recherche-projet\/wp-content\/uploads\/sites\/50\/2026\/04\/17-768x1024.png 768w, https:\/\/www.lyceelecorbusier.eu\/recherche-projet\/wp-content\/uploads\/sites\/50\/2026\/04\/17-225x300.png 225w, https:\/\/www.lyceelecorbusier.eu\/recherche-projet\/wp-content\/uploads\/sites\/50\/2026\/04\/17-1152x1536.png 1152w, https:\/\/www.lyceelecorbusier.eu\/recherche-projet\/wp-content\/uploads\/sites\/50\/2026\/04\/17-1536x2048.png 1536w, https:\/\/www.lyceelecorbusier.eu\/recherche-projet\/wp-content\/uploads\/sites\/50\/2026\/04\/17-1200x1600.png 1200w, https:\/\/www.lyceelecorbusier.eu\/recherche-projet\/wp-content\/uploads\/sites\/50\/2026\/04\/17-900x1200.png 900w, https:\/\/www.lyceelecorbusier.eu\/recherche-projet\/wp-content\/uploads\/sites\/50\/2026\/04\/17-720x960.png 720w\" sizes=\"(max-width: 356px) 100vw, 356px\" \/><\/p>\n<h5 style=\"text-align: center\">Juliette, 20 ans :<\/h5>\n<p><strong>Qu\u2019est-ce que tu as mang\u00e9 hier soir ?<\/strong><\/p>\n<p>\u201c<em>J\u2019ai mang\u00e9 un reste de haricot blanc, dinde au curry poivron et en dessert des Danettes.<\/em>\u201d<\/p>\n<p><strong>Tu as aim\u00e9 ce que tu as mang\u00e9 ?<\/strong><\/p>\n<p>\u201c<em>C\u2019\u00e9tait un m\u00e9lange sp\u00e9cial, car j\u2019essaie de vider mon frigo.<\/em>\u201d ; \u201c<em>J\u2019ai failli manger le yaourt mais je l\u2019ai gard\u00e9 pour le soir parce que c\u2019est le moins bon.<\/em>\u201d<\/p>\n<p><strong>A quelle fr\u00e9quence tu fais les courses ?<\/strong><\/p>\n<p>\u201c<em>Je fais une fois par semaine, g\u00e9n\u00e9ralement le samedi. J\u2019ach\u00e8te pour la semaine \u00e0 venir.<\/em>\u201d<\/p>\n<p><strong>Tu cuisines souvent ?<\/strong><\/p>\n<p>\u201c<em>Le week-end non,<\/em> [mais dans la semaine] <em>le soir je fais mes repas du lendemain midi.<\/em>\u201d<br \/>\nJuliette mange occasionnellement au Crous.<\/p>\n<p><strong>Comment as-tu appris \u00e0 cuisiner ?<\/strong><\/p>\n<p>\u201c<em>Je cuisine ce que j\u2019ai d\u00e9j\u00e0 vu en aidant mes parents<\/em>\u201d ; \u201c<em>Mais je cuisine des choses simples.<\/em>\u201d<\/p>\n<p><strong>Sa mani\u00e8re de cuisiner :\u00a0<\/strong><\/p>\n<p>Juliette cuisine simplement dans l\u2019efficacit\u00e9, et elle est impliqu\u00e9e et d\u00e9brouillarde.<\/p>\n<p><img loading=\"lazy\" class=\"alignnone wp-image-7091\" src=\"https:\/\/www.lyceelecorbusier.eu\/recherche-projet\/wp-content\/uploads\/sites\/50\/2026\/04\/18-768x1024.png\" alt=\"\" width=\"357\" height=\"476\" srcset=\"https:\/\/www.lyceelecorbusier.eu\/recherche-projet\/wp-content\/uploads\/sites\/50\/2026\/04\/18-768x1024.png 768w, https:\/\/www.lyceelecorbusier.eu\/recherche-projet\/wp-content\/uploads\/sites\/50\/2026\/04\/18-225x300.png 225w, https:\/\/www.lyceelecorbusier.eu\/recherche-projet\/wp-content\/uploads\/sites\/50\/2026\/04\/18-1152x1536.png 1152w, https:\/\/www.lyceelecorbusier.eu\/recherche-projet\/wp-content\/uploads\/sites\/50\/2026\/04\/18-1536x2048.png 1536w, https:\/\/www.lyceelecorbusier.eu\/recherche-projet\/wp-content\/uploads\/sites\/50\/2026\/04\/18-1200x1600.png 1200w, https:\/\/www.lyceelecorbusier.eu\/recherche-projet\/wp-content\/uploads\/sites\/50\/2026\/04\/18-900x1200.png 900w, https:\/\/www.lyceelecorbusier.eu\/recherche-projet\/wp-content\/uploads\/sites\/50\/2026\/04\/18-720x960.png 720w\" sizes=\"(max-width: 357px) 100vw, 357px\" \/><img loading=\"lazy\" class=\"alignnone wp-image-7088\" src=\"https:\/\/www.lyceelecorbusier.eu\/recherche-projet\/wp-content\/uploads\/sites\/50\/2026\/04\/10-768x1024.png\" alt=\"\" width=\"357\" height=\"476\" srcset=\"https:\/\/www.lyceelecorbusier.eu\/recherche-projet\/wp-content\/uploads\/sites\/50\/2026\/04\/10-768x1024.png 768w, https:\/\/www.lyceelecorbusier.eu\/recherche-projet\/wp-content\/uploads\/sites\/50\/2026\/04\/10-225x300.png 225w, https:\/\/www.lyceelecorbusier.eu\/recherche-projet\/wp-content\/uploads\/sites\/50\/2026\/04\/10-1152x1536.png 1152w, https:\/\/www.lyceelecorbusier.eu\/recherche-projet\/wp-content\/uploads\/sites\/50\/2026\/04\/10-1536x2048.png 1536w, https:\/\/www.lyceelecorbusier.eu\/recherche-projet\/wp-content\/uploads\/sites\/50\/2026\/04\/10-1200x1600.png 1200w, https:\/\/www.lyceelecorbusier.eu\/recherche-projet\/wp-content\/uploads\/sites\/50\/2026\/04\/10-900x1200.png 900w, https:\/\/www.lyceelecorbusier.eu\/recherche-projet\/wp-content\/uploads\/sites\/50\/2026\/04\/10-720x960.png 720w\" sizes=\"(max-width: 357px) 100vw, 357px\" \/><\/p>\n<h3><span style=\"color: #ff0000\">Observations et analyses :<\/span><\/h3>\n<p>Cette analyse concerne des \u00e9tudiants \u00e2g\u00e9s de 20 \u00e0 22 ans, majoritairement des filles.<\/p>\n<p>La veille, ils ont aim\u00e9 plus au moins ce qu\u2019ils ont mang\u00e9.<\/p>\n<p><span style=\"color: #ff0000\">Gaspard<\/span> est le seul gar\u00e7on, et avec sa copine <span style=\"color: #ff0000\">Jeanne<\/span>, c\u2019est lui qui cuisine le plus des deux. <span style=\"color: #ff0000\">Joanne<\/span> et <span style=\"color: #ff0000\">Emma<\/span> mangent souvent ensemble, mais ne cuisinent pas dans la semaine, mise \u00e0 part les ap\u00e9ros. Elles favorisent tous les deux le week-end pour pr\u00e9parer les plats de la semaine.<\/p>\n<p>Quant \u00e0 <span style=\"color: #ff0000\">Juliette<\/span>, elle cuisine tous les soirs pour pouvoir emmener \u00e0 manger le lendemain. Elle choisit une recette simple et efficace lors de l\u2019atelier.<\/p>\n<p>Parmi eux, 2 ont appris \u00e0 cuisiner au scout et 2 avec les parents.<\/p>\n<p>Joanne a appris \u00e0 cuisiner avec des vid\u00e9os Instagram.<\/p>\n<p>Concernant les courses, 2 pr\u00e9f\u00e8rent faire les courses une fois par semaine et 2 autres 1 \u00e0 2 fois toutes les 3 semaines, car ils ne d\u00eenent pas chez eux. Et <span style=\"color: #ff0000\">Jeanne<\/span> qui fait ses courses au jour le jour, car elle n\u2019aime pas porter des sacs lourds.<\/p>\n<h3><span style=\"color: #ff0000\">Conclusion :<\/span><\/h3>\n<h5>Cas 1 : cuisinier ensemble<\/h5>\n<p>Les \u00e9tudiants ont tendance \u00e0 prendre l\u2019habitude de d\u00eener ensemble. \u00c0 22 ans, le couple, Jeanne et Gaspard, discutent et cuisinent autour d\u2019une bi\u00e8re. Ce qui montre que cuisiner peut \u00eatre un moment de partage.<\/p>\n<p>Jeanne et Emma ont appris toutes les deux \u00e0 cuisiner au scout. Elles ont pris l\u2019habitude de partager le repas cuisin\u00e9 et appr\u00e9cient donc la compagnie. Certes, elles ne cuisinent pas souvent, mais elles ont appris \u00e0 se d\u00e9brouiller en cuisine.<\/p>\n<h5>Cas 2 : cuisiner seul(e)<\/h5>\n<p>D\u2019autres \u00e9tudiants mangent seuls \u00e0 la maison, \u00e0 20 ans, Juliette vit seule et fait ses courses le week-end, ce qui lui permet de g\u00e9rer ses courses comme bon lui semble. Elle pr\u00e9pare des plats simples qu\u2019elle peut ensuite emmener pour le d\u00e9jeuner du lendemain.<\/p>\n","protected":false},"excerpt":{"rendered":"","protected":false},"author":391,"featured_media":7133,"comment_status":"closed","ping_status":"closed","sticky":false,"template":"","format":"standard","meta":[],"categories":[82],"tags":[],"_links":{"self":[{"href":"https:\/\/www.lyceelecorbusier.eu\/recherche-projet\/index.php?rest_route=\/wp\/v2\/posts\/6777"}],"collection":[{"href":"https:\/\/www.lyceelecorbusier.eu\/recherche-projet\/index.php?rest_route=\/wp\/v2\/posts"}],"about":[{"href":"https:\/\/www.lyceelecorbusier.eu\/recherche-projet\/index.php?rest_route=\/wp\/v2\/types\/post"}],"author":[{"embeddable":true,"href":"https:\/\/www.lyceelecorbusier.eu\/recherche-projet\/index.php?rest_route=\/wp\/v2\/users\/391"}],"replies":[{"embeddable":true,"href":"https:\/\/www.lyceelecorbusier.eu\/recherche-projet\/index.php?rest_route=%2Fwp%2Fv2%2Fcomments&post=6777"}],"version-history":[{"count":8,"href":"https:\/\/www.lyceelecorbusier.eu\/recherche-projet\/index.php?rest_route=\/wp\/v2\/posts\/6777\/revisions"}],"predecessor-version":[{"id":7092,"href":"https:\/\/www.lyceelecorbusier.eu\/recherche-projet\/index.php?rest_route=\/wp\/v2\/posts\/6777\/revisions\/7092"}],"wp:featuredmedia":[{"embeddable":true,"href":"https:\/\/www.lyceelecorbusier.eu\/recherche-projet\/index.php?rest_route=\/wp\/v2\/media\/7133"}],"wp:attachment":[{"href":"https:\/\/www.lyceelecorbusier.eu\/recherche-projet\/index.php?rest_route=%2Fwp%2Fv2%2Fmedia&parent=6777"}],"wp:term":[{"taxonomy":"category","embeddable":true,"href":"https:\/\/www.lyceelecorbusier.eu\/recherche-projet\/index.php?rest_route=%2Fwp%2Fv2%2Fcategories&post=6777"},{"taxonomy":"post_tag","embeddable":true,"href":"https:\/\/www.lyceelecorbusier.eu\/recherche-projet\/index.php?rest_route=%2Fwp%2Fv2%2Ftags&post=6777"}],"curies":[{"name":"wp","href":"https:\/\/api.w.org\/{rel}","templated":true}]}}