{"id":3390,"date":"2023-01-27T19:12:58","date_gmt":"2023-01-27T18:12:58","guid":{"rendered":"https:\/\/www.lyceelecorbusier.eu\/recherche-projet\/?p=3390"},"modified":"2023-02-14T15:58:38","modified_gmt":"2023-02-14T14:58:38","slug":"memoire-les-peuplements-de-la-ville","status":"publish","type":"post","link":"https:\/\/www.lyceelecorbusier.eu\/recherche-projet\/?p=3390","title":{"rendered":"M\u00e9moire &#8211; Les peuplements de la ville"},"content":{"rendered":"<p><!--more--><\/p>\n<h2>Abstract<\/h2>\n<p align=\"left\">Partant de l&#8217;hypoth\u00e8se que nos villes ne sont pas suffisamment adapt\u00e9es \u00e0 la pr\u00e9servation et \u00e0 la reproduction de la faune, j&#8217;ai orient\u00e9 mon sujet de recherche sur les interactions entre les animaux et les humains, et plus particuli\u00e8rement entre les animaux et les enfants en ville. Pendant des d\u00e9cennies, la faune a \u00e9t\u00e9 tenue \u00e0 une certaine distance des humains et de nos espaces urbains. Les concepts de vivant et d&#8217;alt\u00e9rit\u00e9 d&#8217;une part, de respect et d&#8217;empathie d&#8217;autre part, m\u2019ont permis d\u2019arriver \u00e0 la formulation de ma probl\u00e9matique : comment le design peut-il repenser la sensibilisation des enfants \u00e0 la faune en milieu urbain ?<\/p>\n<p align=\"left\">Mon projet r\u00e9sultera d&#8217;un travail effectu\u00e9 autour de la perception sensorielle et de l&#8217;exp\u00e9rience concr\u00e8te des enfants. Je produirai des outils qui pourront \u00eatre directement appropri\u00e9s par les enfants et utilis\u00e9s sur le terrain en ville. Par exemple, ces dispositifs pourraient \u00eatre appliqu\u00e9s dans les cours de r\u00e9cr\u00e9ation de leurs \u00e9coles et dans leurs lieux de vie du quotidien pour r\u00e9aliser un suivi de la faune locale.<\/p>\n<p align=\"left\">En ce qui concerne les m\u00e9thodes de recherche, j&#8217;ai combin\u00e9 l&#8217;analyse de la litt\u00e9rature existante et de projets, quatre entretiens semi-structur\u00e9s, l&#8217;observation de deux ateliers organis\u00e9s par une association de protection de la nature pour des scolaires et la r\u00e9alisation d\u2019ateliers outill\u00e9s par le design aupr\u00e8s de six groupes d&#8217;\u00e9l\u00e8ves (CP et CE2).<\/p>\n<p align=\"left\"><img loading=\"lazy\" width=\"225\" height=\"300\" class=\"alignnone size-medium wp-image-3432\" src=\"https:\/\/www.lyceelecorbusier.eu\/recherche-projet\/wp-content\/uploads\/sites\/50\/2023\/01\/image-1-225x300.jpg\" alt=\"\" srcset=\"https:\/\/www.lyceelecorbusier.eu\/recherche-projet\/wp-content\/uploads\/sites\/50\/2023\/01\/image-1-225x300.jpg 225w, https:\/\/www.lyceelecorbusier.eu\/recherche-projet\/wp-content\/uploads\/sites\/50\/2023\/01\/image-1-768x1024.jpg 768w, https:\/\/www.lyceelecorbusier.eu\/recherche-projet\/wp-content\/uploads\/sites\/50\/2023\/01\/image-1-720x960.jpg 720w, https:\/\/www.lyceelecorbusier.eu\/recherche-projet\/wp-content\/uploads\/sites\/50\/2023\/01\/image-1.jpg 795w\" sizes=\"(max-width: 225px) 100vw, 225px\" \/><\/p>\n<p align=\"left\">Les entretiens men\u00e9s avec les trois principaux acteurs de l&#8217;\u00e9ducation \u00e0 la faune (membres d&#8217;associations, enseignants et acteurs municipaux) ont \u00e9t\u00e9 tr\u00e8s instructifs et compl\u00e9mentaires. Ils ont permis de pr\u00e9ciser mon projet sur plusieurs aspects. Premi\u00e8rement l&#8217;importance pour ces diff\u00e9rents acteurs (membres d&#8217;associations, enseignants et acteurs publics) de travailler ensemble car leur expertise et leur champ d&#8217;action se compl\u00e8tent ; deuxi\u00e8mement l&#8217;approche ext\u00e9rieure sur le terrain \u00e0 travers les exp\u00e9riences sensorielles ; troisi\u00e8mement l&#8217;appropriation des outils par les enfants.<\/p>\n<p align=\"left\">Par ailleurs, deux des interlocuteurs interrog\u00e9s ont soulign\u00e9 l&#8217;importance d&#8217;un espace &#8220;d&#8217;\u00e9change, d&#8217;apprentissage, de r\u00e9flexion&#8221;, o\u00f9 &#8220;l&#8217;\u00e9coute&#8221; et &#8220;le dialogue&#8221; seraient encourag\u00e9s. La dimension artistique dans les outils et m\u00e9thodes est revenue \u00e0 plusieurs reprises lors de mes entretiens. Avec les plus jeunes, la sensibilisation se fait &#8220;\u00e0 travers des histoires et des jeux&#8221;. L&#8217;objectif est de les inciter \u00e0 participer et \u00e0 interagir le plus possible afin qu&#8217;ils puissent &#8220;identifier, mesurer, observer de pr\u00e8s&#8221;. La notion d&#8217;appropriation est essentielle et permet de rendre les enfants acteurs de la cohabitation humain-faune en ville. Par cons\u00e9quent, mon choix de travailler avec des enfants \u00e2g\u00e9s de six \u00e0 onze ans a \u00e9t\u00e9 confirm\u00e9 au cours de mes entretiens et de mon processus d&#8217;observation. L\u2019enseignante et les membres de l&#8217;association ont not\u00e9 l&#8217;impact fort et rapide de ces activit\u00e9s de sensibilisation ; celles-ci ont rendu les enfants plus responsables et leur permettent d&#8217;influencer leurs propres parents et camarades de classe. La plupart des acteurs avec lesquels j&#8217;ai discut\u00e9 m&#8217;ont parl\u00e9 des pr\u00e9jug\u00e9s que peuvent avoir certains enfants. Ceux qui ont \u00e9t\u00e9 rarement expos\u00e9s au monde du vivant, peuvent ressentir de la peur ou du d\u00e9go\u00fbt. Cela fait \u00e9cho \u00e0 une observation que j&#8217;ai faite lors de mes ateliers. Certains m&#8217;ont dit que certaines esp\u00e8ces \u00e9taient &#8220;moches&#8221; et m\u00eame &#8220;d\u00e9go\u00fbtantes&#8221;. Un des r\u00e9sultats qui ressort des entretiens est que la m\u00e9connaissance du monde vivant par les parents a un impact n\u00e9gatif sur les enfants qui se sont r\u00e9v\u00e9l\u00e9s \u00eatre moins r\u00e9ceptifs aux projets sur le terrain.<\/p>\n<p align=\"left\">Partant de l&#8217;hypoth\u00e8se que les enfants vivant en ville ne pr\u00eatent pas assez attention \u00e0 la faune, j&#8217;ai voulu questionner leur comportement vis-\u00e0-vis des animaux. Le premier atelier visait \u00e0 identifier les animaux que les enfants ont d\u00e9j\u00e0 vus et ceux qu&#8217;ils n&#8217;ont jamais vus en vrai, \u00e0 l&#8217;aide de boites et d&#8217;images d&#8217;animaux. Le deuxi\u00e8me, en \u00e9coutant des sons d&#8217;animaux pr\u00e9sents en Alsace, a permis savoir lesquels leurs sont familiers. Enfin, le dernier, \u00e0 l&#8217;aide de cartes illustr\u00e9es visait \u00e0 comprendre comment les enfants se comportent en compagnie des animaux pr\u00e9sent\u00e9s. Avec les enfants \u00e2g\u00e9s de 6 ans, ce dernier atelier a \u00e9t\u00e9 remplac\u00e9 par une s\u00e9ance de dessin : j&#8217;ai pos\u00e9 la question &#8220;l&#8217;animal dans la ville, \u00e0 quoi penses-tu ?&#8221;. En tant que designeuse en innovation sociale, j&#8217;ai initi\u00e9 une relation de &#8220;conscientisation&#8221; avec les enfants afin de favoriser la cr\u00e9ativit\u00e9, l&#8217;id\u00e9ation et l&#8217;\u00e9change. Des connaissances sur les animaux ont \u00e9t\u00e9 g\u00e9n\u00e9r\u00e9es \u00e0 la fois de mani\u00e8re collective et individuelle, par la parole, le son, l&#8217;image et le jeu.<\/p>\n<p align=\"left\"><img loading=\"lazy\" width=\"225\" height=\"300\" class=\"alignnone size-medium wp-image-3436\" src=\"https:\/\/www.lyceelecorbusier.eu\/recherche-projet\/wp-content\/uploads\/sites\/50\/2023\/01\/image-3-225x300.jpg\" alt=\"\" srcset=\"https:\/\/www.lyceelecorbusier.eu\/recherche-projet\/wp-content\/uploads\/sites\/50\/2023\/01\/image-3-225x300.jpg 225w, https:\/\/www.lyceelecorbusier.eu\/recherche-projet\/wp-content\/uploads\/sites\/50\/2023\/01\/image-3-768x1024.jpg 768w, https:\/\/www.lyceelecorbusier.eu\/recherche-projet\/wp-content\/uploads\/sites\/50\/2023\/01\/image-3-720x960.jpg 720w, https:\/\/www.lyceelecorbusier.eu\/recherche-projet\/wp-content\/uploads\/sites\/50\/2023\/01\/image-3.jpg 795w\" sizes=\"(max-width: 225px) 100vw, 225px\" \/> <img loading=\"lazy\" width=\"225\" height=\"300\" class=\"alignnone size-medium wp-image-3437\" src=\"https:\/\/www.lyceelecorbusier.eu\/recherche-projet\/wp-content\/uploads\/sites\/50\/2023\/01\/image-4-225x300.jpg\" alt=\"\" srcset=\"https:\/\/www.lyceelecorbusier.eu\/recherche-projet\/wp-content\/uploads\/sites\/50\/2023\/01\/image-4-225x300.jpg 225w, https:\/\/www.lyceelecorbusier.eu\/recherche-projet\/wp-content\/uploads\/sites\/50\/2023\/01\/image-4-768x1024.jpg 768w, https:\/\/www.lyceelecorbusier.eu\/recherche-projet\/wp-content\/uploads\/sites\/50\/2023\/01\/image-4-720x960.jpg 720w, https:\/\/www.lyceelecorbusier.eu\/recherche-projet\/wp-content\/uploads\/sites\/50\/2023\/01\/image-4.jpg 795w\" sizes=\"(max-width: 225px) 100vw, 225px\" \/> <img loading=\"lazy\" width=\"225\" height=\"300\" class=\"alignnone size-medium wp-image-3438\" src=\"https:\/\/www.lyceelecorbusier.eu\/recherche-projet\/wp-content\/uploads\/sites\/50\/2023\/01\/image-5-225x300.jpg\" alt=\"\" srcset=\"https:\/\/www.lyceelecorbusier.eu\/recherche-projet\/wp-content\/uploads\/sites\/50\/2023\/01\/image-5-225x300.jpg 225w, https:\/\/www.lyceelecorbusier.eu\/recherche-projet\/wp-content\/uploads\/sites\/50\/2023\/01\/image-5-768x1024.jpg 768w, https:\/\/www.lyceelecorbusier.eu\/recherche-projet\/wp-content\/uploads\/sites\/50\/2023\/01\/image-5-720x960.jpg 720w, https:\/\/www.lyceelecorbusier.eu\/recherche-projet\/wp-content\/uploads\/sites\/50\/2023\/01\/image-5.jpg 795w\" sizes=\"(max-width: 225px) 100vw, 225px\" \/><\/p>\n<p align=\"left\">Il semble que l&#8217;approche sensorielle et l&#8217;exp\u00e9rience concr\u00e8te sur le terrain par les enfants sont particuli\u00e8rement pertinentes. Se focaliser sur des esp\u00e8ces locales peu connues comme la foulque et\/ou sur des esp\u00e8ces victimes de pr\u00e9jug\u00e9es comme le ragondin sera utile. Le design a un r\u00f4le \u00e0 jouer pour compl\u00e9ter l&#8217;\u00e9ducation \u00e0 la faune qui est existante mais insuffisante, en proposant de nouvelles approches.<\/p>\n<p align=\"left\"><a href=\"https:\/\/drive.google.com\/file\/d\/14VFhdn-f453yfHpmNM9QOCU9YeOOnA6j\/view?usp=share_link\">https:\/\/drive.google.com\/file\/d\/14VFhdn-f453yfHpmNM9QOCU9YeOOnA6j\/view?usp=share_link\u00a0<\/a><\/p>\n","protected":false},"excerpt":{"rendered":"","protected":false},"author":282,"featured_media":3431,"comment_status":"closed","ping_status":"closed","sticky":false,"template":"","format":"standard","meta":[],"categories":[40],"tags":[],"_links":{"self":[{"href":"https:\/\/www.lyceelecorbusier.eu\/recherche-projet\/index.php?rest_route=\/wp\/v2\/posts\/3390"}],"collection":[{"href":"https:\/\/www.lyceelecorbusier.eu\/recherche-projet\/index.php?rest_route=\/wp\/v2\/posts"}],"about":[{"href":"https:\/\/www.lyceelecorbusier.eu\/recherche-projet\/index.php?rest_route=\/wp\/v2\/types\/post"}],"author":[{"embeddable":true,"href":"https:\/\/www.lyceelecorbusier.eu\/recherche-projet\/index.php?rest_route=\/wp\/v2\/users\/282"}],"replies":[{"embeddable":true,"href":"https:\/\/www.lyceelecorbusier.eu\/recherche-projet\/index.php?rest_route=%2Fwp%2Fv2%2Fcomments&post=3390"}],"version-history":[{"count":12,"href":"https:\/\/www.lyceelecorbusier.eu\/recherche-projet\/index.php?rest_route=\/wp\/v2\/posts\/3390\/revisions"}],"predecessor-version":[{"id":3972,"href":"https:\/\/www.lyceelecorbusier.eu\/recherche-projet\/index.php?rest_route=\/wp\/v2\/posts\/3390\/revisions\/3972"}],"wp:featuredmedia":[{"embeddable":true,"href":"https:\/\/www.lyceelecorbusier.eu\/recherche-projet\/index.php?rest_route=\/wp\/v2\/media\/3431"}],"wp:attachment":[{"href":"https:\/\/www.lyceelecorbusier.eu\/recherche-projet\/index.php?rest_route=%2Fwp%2Fv2%2Fmedia&parent=3390"}],"wp:term":[{"taxonomy":"category","embeddable":true,"href":"https:\/\/www.lyceelecorbusier.eu\/recherche-projet\/index.php?rest_route=%2Fwp%2Fv2%2Fcategories&post=3390"},{"taxonomy":"post_tag","embeddable":true,"href":"https:\/\/www.lyceelecorbusier.eu\/recherche-projet\/index.php?rest_route=%2Fwp%2Fv2%2Ftags&post=3390"}],"curies":[{"name":"wp","href":"https:\/\/api.w.org\/{rel}","templated":true}]}}