{"id":2422,"date":"2022-01-29T16:56:31","date_gmt":"2022-01-29T15:56:31","guid":{"rendered":"https:\/\/www.lyceelecorbusier.eu\/recherche-projet\/?p=2422"},"modified":"2024-01-30T18:31:31","modified_gmt":"2024-01-30T17:31:31","slug":"memoire-lisa","status":"publish","type":"post","link":"https:\/\/www.lyceelecorbusier.eu\/recherche-projet\/?p=2422","title":{"rendered":"RE (appropriation, utilisation, valorisation)"},"content":{"rendered":"<p><!--more--><\/p>\n<p>L&#8217;un des facteurs de pollution les plus visibles est constitu\u00e9 par les d\u00e9chets laiss\u00e9s dans la nature. Bien que certains d&#8217;entre eux soient jet\u00e9s \u00e0 la poubelle ou recycl\u00e9s, d&#8217;autres sont laiss\u00e9s dans la rue, soit \u00e0 cause d&#8217;un mauvais traitement, soit \u00e0 cause d&#8217;un manque de sensibilit\u00e9 \u00e0 l&#8217;environnement de la part des utilisateurs. \u00c9tant convaincu qu&#8217;une action \u00e0 plusieurs a plus d&#8217;impact qu&#8217;une action seule, je me suis demand\u00e9 comment un designer social peut-il jouer un r\u00f4le dans un projet collaboratif autour du recyclage? Comment peut-il aborder le recyclage et les d\u00e9chets? Comment peut-il accompagner les utilisateurs d&#8217;un lieu de fabrication pour recycler et revaloriser leurs d\u00e9chets?<\/p>\n<p>Pour lutter contre la pollution li\u00e9 aux d\u00e9chets, les designers se sont empar\u00e9s de diff\u00e9rentes alternatives. L\u2019une d\u2019elle consiste \u00e0 valoriser les d\u00e9chets en leur donnant une nouvelle fonction, c&#8217;est ce qu&#8217;on appelle la revalorisation. C&#8217;est l&#8217;ensemble des op\u00e9rations effectu\u00e9es pour rendre un objet \u00e0 nouveau utile. Une autre alternative est d&#8217;utiliser les d\u00e9chets comme un premier mat\u00e9riau en les transformant. Le fait d\u2019allier design et \u00e9cologie s&#8217;appelle l&#8217;\u00e9co-design. Dans les diff\u00e9rents mouvements de cr\u00e9ations appartenant \u00e0 l\u2019\u00e9co-design, deux approches se distinguent par leurs m\u00e9thodes de conception. La premi\u00e8re approche est le design environnemental, qui se concentre sur l&#8217;objet, et la seconde est le design du milieu, qui se concentre sur l&#8217;utilisateur. Le design du milieu vise \u00e0 rendre l&#8217;utilisateur acteur de la fabrication, il devient autonome et gagne en connaissances car le designer lui donne les moyens d&#8217;apprendre et de faire lui-m\u00eame. Le designer du milieu ou designer social prend en compte les multiples enjeux sociaux, techniques, culturels et \u00e9cologiques du lieu o\u00f9 il travaille. Il con\u00e7oit et fabrique en collaboration avec tous les acteurs d&#8217;un environnement, avec la volont\u00e9 de cr\u00e9er un r\u00e9seau et d&#8217;\u00e9changer des savoir-faire entre individus.<\/p>\n<p>C&#8217;est avec cette m\u00eame volont\u00e9 de partager et d&#8217;\u00eatre une alternative \u00e0 l&#8217;industrialisation que les lieux de fabrication g\u00e9n\u00e8rent du partage et invitent \u00e0 collaborer, \u00e0 deux ou \u00e0 plusieurs. Dans ce milieu, la question du recyclage et de la revalorisation des d\u00e9chets n&#8217;est pas la m\u00eame selon chaque individu. Le fait d&#8217;inclure les utilisateurs dans la fabrication leur permet de s\u2019approprier et de plus facilement produire quelque chose \u00e0 partir de d\u00e9chets. Afin de mener \u00e0 bien un projet autour du recyclage et de la revalorisation des d\u00e9chets, il est n\u00e9cessaire d&#8217;aider les participants \u00e0 d\u00e9construire l&#8217;id\u00e9e qu&#8217;ils se font des d\u00e9chets et de les aider \u00e0 s&#8217;approprier les techniques de recyclage.<\/p>\n<p>Lien vers du m\u00e9moire <a href=\"https:\/\/www.lyceelecorbusier.eu\/recherche-projet\/wp-content\/uploads\/sites\/50\/2022\/01\/Reappropriation_reutilisation_revalorisation_Memoire_Lisa_Pinto.pdf\" target=\"_blank\" rel=\"noopener\">RE (appropriation, utilisation, valorisation)<\/a>.<\/p>\n\n\t\t<!-- MasterSlider -->\n\t\t<div id=\"P_MS69f1ccd586e71\" class=\"master-slider-parent msl ms-parent-id-103\" style=\"max-width:780px;\">\n\n\t\t\t\n\t\t\t<!-- MasterSlider Main -->\n\t\t\t<div id=\"MS69f1ccd586e71\" class=\"master-slider ms-skin-black-2 round-skin\" >\n\t\t\t\t \t\t\t\t \n\t\t\t\t<div  class=\"ms-slide\" data-delay=\"3\" data-fill-mode=\"fill\"  >\n\t\t\t\t\t<img src=\"https:\/\/www.lyceelecorbusier.eu\/recherche-projet\/wp-content\/plugins\/master-slider\/public\/assets\/css\/blank.gif\" alt=\"\" title=\"\" data-src=\"https:\/\/www.lyceelecorbusier.eu\/recherche-projet\/wp-content\/uploads\/sites\/50\/2022\/02\/20220201_124843.ter_-1-439x585.jpg\" \/>\n\n\n\t<div class=\"ms-thumb\" ><div class=\"ms-tab-context\"><div class=&quot;ms-tab-context&quot;><\/div><\/div>\n<\/div>\n\t\t\t\t<\/div>\n\t\t\t\t<div  class=\"ms-slide\" data-delay=\"3\" data-fill-mode=\"fill\"  >\n\t\t\t\t\t<img src=\"https:\/\/www.lyceelecorbusier.eu\/recherche-projet\/wp-content\/plugins\/master-slider\/public\/assets\/css\/blank.gif\" alt=\"\" title=\"\" data-src=\"https:\/\/www.lyceelecorbusier.eu\/recherche-projet\/wp-content\/uploads\/sites\/50\/2022\/02\/20220201_125058.ter_-scaled-439x585.jpg\" \/>\n\n\n\t<div class=\"ms-thumb\" ><div class=\"ms-tab-context\"><div class=&quot;ms-tab-context&quot;><\/div><\/div>\n<\/div>\n\t\t\t\t<\/div>\n\t\t\t\t<div  class=\"ms-slide\" data-delay=\"3\" data-fill-mode=\"fill\"  >\n\t\t\t\t\t<img src=\"https:\/\/www.lyceelecorbusier.eu\/recherche-projet\/wp-content\/plugins\/master-slider\/public\/assets\/css\/blank.gif\" alt=\"\" title=\"\" data-src=\"https:\/\/www.lyceelecorbusier.eu\/recherche-projet\/wp-content\/uploads\/sites\/50\/2022\/02\/20220201_125022.ter_-scaled-439x585.jpg\" \/>\n\n\n\t<div class=\"ms-thumb\" ><div class=\"ms-tab-context\"><div class=&quot;ms-tab-context&quot;><\/div><\/div>\n<\/div>\n\t\t\t\t<\/div>\n\n\t\t\t<\/div>\n\t\t\t<!-- END MasterSlider Main -->\n\n\t\t\t \n\t\t<\/div>\n\t\t<!-- END MasterSlider -->\n\n\t\t<script>\n\t\t(function ( $ ) {\n\t\t\t\"use strict\";\n\n\t\t\t$(function () {\n\t\t\t\tvar masterslider_6e71 = new MasterSlider();\n\n\t\t\t\t\/\/ slider controls\n\t\t\t\tmasterslider_6e71.control('arrows'     ,{ autohide:true, overVideo:true  });\n\t\t\t\t\/\/ slider setup\n\t\t\t\tmasterslider_6e71.setup(\"MS69f1ccd586e71\", {\n\t\t\t\t\t\twidth           : 439,\n\t\t\t\t\t\theight          : 585,\n\t\t\t\t\t\tminHeight       : 0,\n\t\t\t\t\t\tspace           : 0,\n\t\t\t\t\t\tstart           : 1,\n\t\t\t\t\t\tgrabCursor      : true,\n\t\t\t\t\t\tswipe           : true,\n\t\t\t\t\t\tmouse           : true,\n\t\t\t\t\t\tlayout          : \"boxed\",\n\t\t\t\t\t\twheel           : false,\n\t\t\t\t\t\tautoplay        : false,\n\t\t\t\t\t\tinstantStartLayers:false,\n\t\t\t\t\t\tloop            : false,\n\t\t\t\t\t\tshuffle         : false,\n\t\t\t\t\t\tpreload         : 0,\n\t\t\t\t\t\theightLimit     : true,\n\t\t\t\t\t\tautoHeight      : true,\n\t\t\t\t\t\tsmoothHeight    : true,\n\t\t\t\t\t\tendPause        : false,\n\t\t\t\t\t\toverPause       : true,\n\t\t\t\t\t\tfillMode        : \"fill\",\n\t\t\t\t\t\tcenterControls  : true,\n\t\t\t\t\t\tstartOnAppear   : false,\n\t\t\t\t\t\tlayersMode      : \"center\",\n\t\t\t\t\t\thideLayers      : false,\n\t\t\t\t\t\tfullscreenMargin: 0,\n\t\t\t\t\t\tspeed           : 20,\n\t\t\t\t\t\tdir             : \"h\",\n\t\t\t\t\t\tparallaxMode    : 'swipe',\n\t\t\t\t\t\tview            : \"basic\"\n\t\t\t\t});\n\n\t\t\t\t\n\t\t\t\twindow.masterslider_instances = window.masterslider_instances || [];\n\t\t\t\twindow.masterslider_instances.push( masterslider_6e71 );\n\t\t\t });\n\n\t\t})(jQuery);\n\t\t<\/script>\n\n\n<p>&nbsp;<\/p>\n<p>&nbsp;<\/p>\n","protected":false},"excerpt":{"rendered":"","protected":false},"author":1,"featured_media":2675,"comment_status":"closed","ping_status":"closed","sticky":false,"template":"","format":"standard","meta":[],"categories":[32],"tags":[],"_links":{"self":[{"href":"https:\/\/www.lyceelecorbusier.eu\/recherche-projet\/index.php?rest_route=\/wp\/v2\/posts\/2422"}],"collection":[{"href":"https:\/\/www.lyceelecorbusier.eu\/recherche-projet\/index.php?rest_route=\/wp\/v2\/posts"}],"about":[{"href":"https:\/\/www.lyceelecorbusier.eu\/recherche-projet\/index.php?rest_route=\/wp\/v2\/types\/post"}],"author":[{"embeddable":true,"href":"https:\/\/www.lyceelecorbusier.eu\/recherche-projet\/index.php?rest_route=\/wp\/v2\/users\/1"}],"replies":[{"embeddable":true,"href":"https:\/\/www.lyceelecorbusier.eu\/recherche-projet\/index.php?rest_route=%2Fwp%2Fv2%2Fcomments&post=2422"}],"version-history":[{"count":4,"href":"https:\/\/www.lyceelecorbusier.eu\/recherche-projet\/index.php?rest_route=\/wp\/v2\/posts\/2422\/revisions"}],"predecessor-version":[{"id":2703,"href":"https:\/\/www.lyceelecorbusier.eu\/recherche-projet\/index.php?rest_route=\/wp\/v2\/posts\/2422\/revisions\/2703"}],"wp:featuredmedia":[{"embeddable":true,"href":"https:\/\/www.lyceelecorbusier.eu\/recherche-projet\/index.php?rest_route=\/wp\/v2\/media\/2675"}],"wp:attachment":[{"href":"https:\/\/www.lyceelecorbusier.eu\/recherche-projet\/index.php?rest_route=%2Fwp%2Fv2%2Fmedia&parent=2422"}],"wp:term":[{"taxonomy":"category","embeddable":true,"href":"https:\/\/www.lyceelecorbusier.eu\/recherche-projet\/index.php?rest_route=%2Fwp%2Fv2%2Fcategories&post=2422"},{"taxonomy":"post_tag","embeddable":true,"href":"https:\/\/www.lyceelecorbusier.eu\/recherche-projet\/index.php?rest_route=%2Fwp%2Fv2%2Ftags&post=2422"}],"curies":[{"name":"wp","href":"https:\/\/api.w.org\/{rel}","templated":true}]}}