{"id":2402,"date":"2022-01-29T15:56:09","date_gmt":"2022-01-29T14:56:09","guid":{"rendered":"https:\/\/www.lyceelecorbusier.eu\/recherche-projet\/?p=2402"},"modified":"2022-06-15T11:08:26","modified_gmt":"2022-06-15T09:08:26","slug":"memoire-amelie","status":"publish","type":"post","link":"https:\/\/www.lyceelecorbusier.eu\/recherche-projet\/?p=2402","title":{"rendered":"M\u00e9moire"},"content":{"rendered":"<p><!--more--><\/p>\n<p><a href=\"https:\/\/www.lyceelecorbusier.eu\/recherche-projet\/wp-content\/uploads\/sites\/50\/2022\/01\/Memoire-version-numerique.pdf\" target=\"_blank\" rel=\"noopener\">Singulier (+=&amp;) Pluriel<\/a><\/p>\n<p><span style=\"font-weight: 400\">J\u2019ai port\u00e9 mon travail de recherche sur l\u2019int\u00e9gration sociale des jeunes en situation de handicap. Je me suis donc questionn\u00e9e sur la repr\u00e9sentation des personnes handicap\u00e9es, le rapport au corps, \u00e0 la diff\u00e9rence et aux autres ainsi que sur les normes soci\u00e9tales.\u00a0<\/span><\/p>\n<p><span style=\"font-weight: 400\">Par la suite, je me suis donc pench\u00e9e sur les Structures, les lieux d&#8217;accueil et l\u2019\u00e9volution de la politique sur l\u2019int\u00e9gration des personnes handicap\u00e9es. Apr\u00e8s une analyse rapide des mesures l\u00e9gislatives et des limites de leur application, j\u2019ai visualis\u00e9 les diff\u00e9rentes parties prenantes, structures ainsi que les moyens d&#8217;accompagnement en milieu ordinaire afin d&#8217;identifier d&#8217;\u00e9ventuels partenaires pour un projet de design. Je me suis donc int\u00e9ress\u00e9e \u00e0 l\u2019ULIS (Unit\u00e9 Localis\u00e9e pour l\u2019Inclusion Scolaire) et j\u2019ai pu remarquer, apr\u00e8s des entretiens sociologiques, que les \u00e9l\u00e8ves s\u2019y sentent bien, plus compris et plus entour\u00e9. J\u2019ai ensuite questionner la place du design dans la question du handicap. Il est \u00e9vident que le design social trouve naturellement sa place dans des structures comme les ULIS, mais le design, dans son acception plus classique, est souvent mis au service du handicap moteur, notamment avec la cr\u00e9ation de proth\u00e8ses. Le projet \u00e0 r\u00e9aliser s&#8217;inspire de l&#8217;\u00e9thique du care, qui se d\u00e9finit par quatre aspects, \u201cse soucier de\u201d, \u201cprendre en charge\u201d, \u201cprendre soin\u201d et \u201crecevoir le soin\u201d et qui favorise les relations avec et pour autrui, par la sollicitude et l\u2019empathie. Ce qui est essentiel en design social est de rendre l\u2019usager, partie prenante, de le rendre co-constructeur d\u2019un projet qui lui est destin\u00e9 et adapt\u00e9 au maximum. Ce que j\u2019aimerais aboutir prendrait la forme d\u2019un objet, atelier, ou autre chose, et serait adapt\u00e9 \u00e0 chacun et leur permettrait de trouver leur place chacun \u00e0 leur mani\u00e8re et selon leur personnalit\u00e9 et leurs difficult\u00e9s. Pour terminer, je me suis questionn\u00e9e sur la rencontre entre le handicap, l\u2019\u00e9ducation et le design. L&#8217;\u00e9cole est parfois le premier lieu o\u00f9 l&#8217;enfant rencontre des personnes ext\u00e9rieures \u00e0 son cercle familial. Mais l&#8217;\u00e9cole reste encore insuffisamment accessible, voire incompatible avec les personnes &#8220;autres&#8221;. L\u2019\u00e9cole est donc un contexte appropri\u00e9 \u00e0 un projet de design qui vise \u00e0 faciliter les \u00e9changes, le lien entre les \u00e9l\u00e8ves.\u00a0<\/span><\/p>\n<p><span style=\"font-weight: 400\">C\u2019est \u00e0 l&#8217;issue de cette recherche qu&#8217;a \u00e9merg\u00e9 la probl\u00e9matique suivante : <\/span><span style=\"font-weight: 400\">comment une d\u00e9marche de design social peut-elle permettre \u00e0 des \u00e9l\u00e8ves en situation de handicap moteur de cr\u00e9er du lien avec les autres ?<\/span> <span style=\"font-weight: 400\">C\u2019est avec et pour les futurs usagers que je souhaite r\u00e9aliser mon projet. Lors de mon projet, j\u2019aimerais \u00e9laborer quelques outils qui favorisent l\u2019acceptation de chacun dans sa singularit\u00e9 pour permettre de d\u00e9stigmatiser le corps infirme et ainsi participer \u00e0 l&#8217;\u00e9mancipation de chacun. Les formes que prendront ces outils peuvent \u00eatre autant des objets que des jeux, des vid\u00e9os, des images ou des objets d&#8217;\u00e9ditions.<\/span><\/p>\n\n\t\t<!-- MasterSlider -->\n\t\t<div id=\"P_MS69f4b636e6ff8\" class=\"master-slider-parent msl ms-parent-id-100\" style=\"max-width:780px;\">\n\n\t\t\t\n\t\t\t<!-- MasterSlider Main -->\n\t\t\t<div id=\"MS69f4b636e6ff8\" class=\"master-slider ms-skin-black-2 round-skin\" >\n\t\t\t\t \t\t\t\t \n\t\t\t\t<div  class=\"ms-slide\" data-delay=\"3\" data-fill-mode=\"fill\"  >\n\t\t\t\t\t<img src=\"https:\/\/www.lyceelecorbusier.eu\/recherche-projet\/wp-content\/plugins\/master-slider\/public\/assets\/css\/blank.gif\" alt=\"\" title=\"\" data-src=\"https:\/\/www.lyceelecorbusier.eu\/recherche-projet\/wp-content\/uploads\/sites\/50\/2022\/02\/13.jpg\" \/>\n\n\n\t<div class=\"ms-thumb\" ><div class=\"ms-tab-context\"><div class=&quot;ms-tab-context&quot;><\/div><\/div>\n<\/div>\n\t\t\t\t<\/div>\n\t\t\t\t<div  class=\"ms-slide\" data-delay=\"3\" data-fill-mode=\"fill\"  >\n\t\t\t\t\t<img src=\"https:\/\/www.lyceelecorbusier.eu\/recherche-projet\/wp-content\/plugins\/master-slider\/public\/assets\/css\/blank.gif\" alt=\"\" title=\"\" data-src=\"https:\/\/www.lyceelecorbusier.eu\/recherche-projet\/wp-content\/uploads\/sites\/50\/2022\/01\/10-scaled.jpg\" \/>\n\n\n\t<div class=\"ms-thumb\" ><div class=\"ms-tab-context\"><div class=&quot;ms-tab-context&quot;><\/div><\/div>\n<\/div>\n\t\t\t\t<\/div>\n\t\t\t\t<div  class=\"ms-slide\" data-delay=\"3\" data-fill-mode=\"fill\"  >\n\t\t\t\t\t<img src=\"https:\/\/www.lyceelecorbusier.eu\/recherche-projet\/wp-content\/plugins\/master-slider\/public\/assets\/css\/blank.gif\" alt=\"\" title=\"\" data-src=\"https:\/\/www.lyceelecorbusier.eu\/recherche-projet\/wp-content\/uploads\/sites\/50\/2022\/02\/5.jpg\" \/>\n\n\n\t<div class=\"ms-thumb\" ><div class=\"ms-tab-context\"><div class=&quot;ms-tab-context&quot;><\/div><\/div>\n<\/div>\n\t\t\t\t<\/div>\n\t\t\t\t<div  class=\"ms-slide\" data-delay=\"3\" data-fill-mode=\"fill\"  >\n\t\t\t\t\t<img src=\"https:\/\/www.lyceelecorbusier.eu\/recherche-projet\/wp-content\/plugins\/master-slider\/public\/assets\/css\/blank.gif\" alt=\"\" title=\"\" data-src=\"https:\/\/www.lyceelecorbusier.eu\/recherche-projet\/wp-content\/uploads\/sites\/50\/2022\/02\/6.jpg\" \/>\n\n\n\t<div class=\"ms-thumb\" ><div class=\"ms-tab-context\"><div class=&quot;ms-tab-context&quot;><\/div><\/div>\n<\/div>\n\t\t\t\t<\/div>\n\n\t\t\t<\/div>\n\t\t\t<!-- END MasterSlider Main -->\n\n\t\t\t \n\t\t<\/div>\n\t\t<!-- END MasterSlider -->\n\n\t\t<script>\n\t\t(function ( $ ) {\n\t\t\t\"use strict\";\n\n\t\t\t$(function () {\n\t\t\t\tvar masterslider_6ff8 = new MasterSlider();\n\n\t\t\t\t\/\/ slider controls\n\t\t\t\tmasterslider_6ff8.control('arrows'     ,{ autohide:true, overVideo:true  });\n\t\t\t\t\/\/ slider setup\n\t\t\t\tmasterslider_6ff8.setup(\"MS69f4b636e6ff8\", {\n\t\t\t\t\t\twidth           : 1000,\n\t\t\t\t\t\theight          : 500,\n\t\t\t\t\t\tminHeight       : 0,\n\t\t\t\t\t\tspace           : 0,\n\t\t\t\t\t\tstart           : 1,\n\t\t\t\t\t\tgrabCursor      : true,\n\t\t\t\t\t\tswipe           : true,\n\t\t\t\t\t\tmouse           : true,\n\t\t\t\t\t\tlayout          : \"boxed\",\n\t\t\t\t\t\twheel           : false,\n\t\t\t\t\t\tautoplay        : false,\n\t\t\t\t\t\tinstantStartLayers:false,\n\t\t\t\t\t\tloop            : false,\n\t\t\t\t\t\tshuffle         : false,\n\t\t\t\t\t\tpreload         : 0,\n\t\t\t\t\t\theightLimit     : true,\n\t\t\t\t\t\tautoHeight      : true,\n\t\t\t\t\t\tsmoothHeight    : true,\n\t\t\t\t\t\tendPause        : false,\n\t\t\t\t\t\toverPause       : true,\n\t\t\t\t\t\tfillMode        : \"fill\",\n\t\t\t\t\t\tcenterControls  : true,\n\t\t\t\t\t\tstartOnAppear   : false,\n\t\t\t\t\t\tlayersMode      : \"center\",\n\t\t\t\t\t\thideLayers      : false,\n\t\t\t\t\t\tfullscreenMargin: 0,\n\t\t\t\t\t\tspeed           : 20,\n\t\t\t\t\t\tdir             : \"h\",\n\t\t\t\t\t\tparallaxMode    : 'swipe',\n\t\t\t\t\t\tview            : \"basic\"\n\t\t\t\t});\n\n\t\t\t\t\n\t\t\t\twindow.masterslider_instances = window.masterslider_instances || [];\n\t\t\t\twindow.masterslider_instances.push( masterslider_6ff8 );\n\t\t\t });\n\n\t\t})(jQuery);\n\t\t<\/script>\n\n\n","protected":false},"excerpt":{"rendered":"","protected":false},"author":1,"featured_media":2540,"comment_status":"closed","ping_status":"closed","sticky":false,"template":"","format":"standard","meta":[],"categories":[30],"tags":[],"_links":{"self":[{"href":"https:\/\/www.lyceelecorbusier.eu\/recherche-projet\/index.php?rest_route=\/wp\/v2\/posts\/2402"}],"collection":[{"href":"https:\/\/www.lyceelecorbusier.eu\/recherche-projet\/index.php?rest_route=\/wp\/v2\/posts"}],"about":[{"href":"https:\/\/www.lyceelecorbusier.eu\/recherche-projet\/index.php?rest_route=\/wp\/v2\/types\/post"}],"author":[{"embeddable":true,"href":"https:\/\/www.lyceelecorbusier.eu\/recherche-projet\/index.php?rest_route=\/wp\/v2\/users\/1"}],"replies":[{"embeddable":true,"href":"https:\/\/www.lyceelecorbusier.eu\/recherche-projet\/index.php?rest_route=%2Fwp%2Fv2%2Fcomments&post=2402"}],"version-history":[{"count":12,"href":"https:\/\/www.lyceelecorbusier.eu\/recherche-projet\/index.php?rest_route=\/wp\/v2\/posts\/2402\/revisions"}],"predecessor-version":[{"id":2764,"href":"https:\/\/www.lyceelecorbusier.eu\/recherche-projet\/index.php?rest_route=\/wp\/v2\/posts\/2402\/revisions\/2764"}],"wp:featuredmedia":[{"embeddable":true,"href":"https:\/\/www.lyceelecorbusier.eu\/recherche-projet\/index.php?rest_route=\/wp\/v2\/media\/2540"}],"wp:attachment":[{"href":"https:\/\/www.lyceelecorbusier.eu\/recherche-projet\/index.php?rest_route=%2Fwp%2Fv2%2Fmedia&parent=2402"}],"wp:term":[{"taxonomy":"category","embeddable":true,"href":"https:\/\/www.lyceelecorbusier.eu\/recherche-projet\/index.php?rest_route=%2Fwp%2Fv2%2Fcategories&post=2402"},{"taxonomy":"post_tag","embeddable":true,"href":"https:\/\/www.lyceelecorbusier.eu\/recherche-projet\/index.php?rest_route=%2Fwp%2Fv2%2Ftags&post=2402"}],"curies":[{"name":"wp","href":"https:\/\/api.w.org\/{rel}","templated":true}]}}