{"id":9609,"date":"2025-12-09T12:03:28","date_gmt":"2025-12-09T11:03:28","guid":{"rendered":"https:\/\/www.lyceelecorbusier.eu\/projets\/?p=9609"},"modified":"2025-12-09T17:18:56","modified_gmt":"2025-12-09T16:18:56","slug":"forensic-and-crime-scene-in-high-school","status":"publish","type":"post","link":"https:\/\/www.lyceelecorbusier.eu\/projets\/?p=9609","title":{"rendered":"&#8220;Forensic and Crime scene&#8221;"},"content":{"rendered":"<h3 style=\"text-align: center\">&#8220;Forensic and Crime scene&#8221; et rencontre avec un m\u00e9decin l\u00e9giste !<\/h3>\n<p>Mardi 2 d\u00e9cembre 2025, plusieurs classes de Premi\u00e8res et Terminales g\u00e9n\u00e9rales ont pu profiter au lyc\u00e9e d&#8217;une conf\u00e9rence sur la m\u00e9decine l\u00e9gale donn\u00e9e par le Dr RAUL Jean-S\u00e9bastien, Directeur de l&#8217;Institut de M\u00e9decine l\u00e9gale, Professeur d&#8217;Universit\u00e9 \u00e0 Strasbourg et Expert \u00e0 la Cour d&#8217;Appel de Colmar.<\/p>\n<p>L&#8217;id\u00e9e partait d&#8217;un projet d&#8217;enseignement scientifique en langue anglaise de Terminale port\u00e9 par M. Raess pour la SVT et Mme Wiatte en Physique chimie fond\u00e9 sur une enqu\u00eate &#8220;<em>forensic and crime scene<\/em>&#8221; sous forme de Cluedo. Au programme : TP \u00e0 r\u00e9aliser en classe pour jouer les experts de police scientifique en examinant divers \u00e9chantillons de cheveux, poudre blanche, temp\u00e9ratures ou indices quelconques&#8230;<\/p>\n<p>La conf\u00e9rence du Dr Raul leur a permis de faire le lien avec la r\u00e9alit\u00e9 du terrain et a pu r\u00e9jouir le publique venu nombreux compos\u00e9 sans doute de futurs scientifiques, m\u00e9decins ou simples amateurs d&#8217;enqu\u00eate polici\u00e8re qui ont pu avoir des r\u00e9ponses pertinentes \u00e0 toutes leurs questions.<\/p>\n<p style=\"text-align: right\"><em>Audrey Wiatte, professeure de Physique Chimie<\/em><\/p>\n<h3><strong>Article des DNA \u00e0 lire dans son int\u00e9gralit\u00e9 au CDI ou <a href=\"https:\/\/c.dna.fr\/education\/2025\/12\/09\/on-ne-deboule-pas-sur-une-scene-de-crime-en-costume-cravate-le-docteur-raul-aide-des-lyceens-a-resoudre-une-enquete\">sur le site du journal &gt;&gt;&gt;<\/a><\/strong><\/h3>\n<h4><a href=\"https:\/\/c.dna.fr\/education\/2025\/12\/09\/on-ne-deboule-pas-sur-une-scene-de-crime-en-costume-cravate-le-docteur-raul-aide-des-lyceens-a-resoudre-une-enquete\"><em>\u00ab On ne d\u00e9boule pas sur une sc\u00e8ne de crime en costume cravate \u00bb : un pro de la m\u00e9decine l\u00e9gale face aux lyc\u00e9ens<\/em><\/a><\/h4>\n<p><em>&#8220;Douze \u00e9l\u00e8ves de premi\u00e8re et de terminale en option DNL (discipline non linguistique) ont commenc\u00e9 une enqu\u00eate en anglais intitul\u00e9 Forensic and Crime scene in High School , sous la houlette d\u2019Audrey Wiatte, professeure agr\u00e9g\u00e9e de physique chimie et de M. Raess, professeur de SVT, pour d\u00e9couvrir le meurtrier d\u2019un crime fictif au lyc\u00e9e Le Corbusier. Pour r\u00e9soudre ce Cluedo g\u00e9ant, ils se sont r\u00e9partis en quatre groupes de trois, ayant chacun sa sp\u00e9cialit\u00e9, enqu\u00eateurs, math\u00e9maticiens, biologistes et chimistes.Avant de rendre les conclusions de leur enqu\u00eate, les \u00e9l\u00e8ves ont accueilli en classe, mardi 2 d\u00e9cembre, le docteur Jean-S\u00e9bastien Raul, directeur de l\u2019Institut de m\u00e9decine l\u00e9gale de Strasbourg, professeur d\u2019universit\u00e9 \u00e0 Strasbourg et expert \u00e0 la cour d\u2019appel de Colmar. Il est venu leur parler de son m\u00e9tier et de la r\u00e9alit\u00e9 du terrain. (&#8230;)&#8221;<\/em><\/p>\n<h3><a href=\"https:\/\/c.dna.fr\/education\/2025\/12\/09\/on-ne-deboule-pas-sur-une-scene-de-crime-en-costume-cravate-le-docteur-raul-aide-des-lyceens-a-resoudre-une-enquete\"><img loading=\"lazy\" width=\"640\" height=\"502\" class=\"size-full wp-image-9611 aligncenter\" src=\"https:\/\/www.lyceelecorbusier.eu\/projets\/wp-content\/uploads\/sites\/8\/2025\/12\/IMG_56691.jpg\" alt=\"\" srcset=\"https:\/\/www.lyceelecorbusier.eu\/projets\/wp-content\/uploads\/sites\/8\/2025\/12\/IMG_56691.jpg 640w, https:\/\/www.lyceelecorbusier.eu\/projets\/wp-content\/uploads\/sites\/8\/2025\/12\/IMG_56691-300x235.jpg 300w\" sizes=\"(max-width: 640px) 100vw, 640px\" \/><\/a><\/h3>\n<h6><em>Edit\u00e9 par Laetitia Ory<\/em><\/h6>\n<p>&nbsp;<\/p>\n<p>&nbsp;<\/p>\n<p>&nbsp;<\/p>\n<p>&nbsp;<\/p>\n<p>&nbsp;<\/p>\n<p>&nbsp;<\/p>\n<p>&nbsp;<\/p>\n<p>&nbsp;<\/p>\n<p>&nbsp;<\/p>\n<div id=\"attachment_9610\" style=\"width: 1010px\" class=\"wp-caption alignnone\"><img aria-describedby=\"caption-attachment-9610\" loading=\"lazy\" class=\"wp-image-9610 size-full\" src=\"https:\/\/www.lyceelecorbusier.eu\/projets\/wp-content\/uploads\/sites\/8\/2025\/12\/le-dr-raul-au-debut-de-sa-presentation-sur-l-histoire-de-la-medecine-legale-devant-un-auditoire-d-une-soixantaine-d-eleves-photo-joel-ritzenthaler-1765216564.jpg\" alt=\"\" width=\"1000\" height=\"500\" srcset=\"https:\/\/www.lyceelecorbusier.eu\/projets\/wp-content\/uploads\/sites\/8\/2025\/12\/le-dr-raul-au-debut-de-sa-presentation-sur-l-histoire-de-la-medecine-legale-devant-un-auditoire-d-une-soixantaine-d-eleves-photo-joel-ritzenthaler-1765216564.jpg 1000w, https:\/\/www.lyceelecorbusier.eu\/projets\/wp-content\/uploads\/sites\/8\/2025\/12\/le-dr-raul-au-debut-de-sa-presentation-sur-l-histoire-de-la-medecine-legale-devant-un-auditoire-d-une-soixantaine-d-eleves-photo-joel-ritzenthaler-1765216564-300x150.jpg 300w, https:\/\/www.lyceelecorbusier.eu\/projets\/wp-content\/uploads\/sites\/8\/2025\/12\/le-dr-raul-au-debut-de-sa-presentation-sur-l-histoire-de-la-medecine-legale-devant-un-auditoire-d-une-soixantaine-d-eleves-photo-joel-ritzenthaler-1765216564-768x384.jpg 768w, https:\/\/www.lyceelecorbusier.eu\/projets\/wp-content\/uploads\/sites\/8\/2025\/12\/le-dr-raul-au-debut-de-sa-presentation-sur-l-histoire-de-la-medecine-legale-devant-un-auditoire-d-une-soixantaine-d-eleves-photo-joel-ritzenthaler-1765216564-960x480.jpg 960w\" sizes=\"(max-width: 1000px) 100vw, 1000px\" \/><p id=\"caption-attachment-9610\" class=\"wp-caption-text\">Le Dr Raul au d\u00e9but de sa pr\u00e9sentation sur l\u2019histoire de la m\u00e9decine l\u00e9gale, devant un auditoire d\u2019une soixantaine d\u2019\u00e9l\u00e8ves. Photo Jo\u00ebl Ritzenthaler<\/p><\/div>\n","protected":false},"excerpt":{"rendered":"<p>DNL : visite du Dr RAUL, m\u00e9decin l\u00e9giste<\/p>\n","protected":false},"author":5,"featured_media":9613,"comment_status":"closed","ping_status":"closed","sticky":false,"template":"","format":"standard","meta":[],"categories":[29,11,6],"tags":[],"_links":{"self":[{"href":"https:\/\/www.lyceelecorbusier.eu\/projets\/index.php?rest_route=\/wp\/v2\/posts\/9609"}],"collection":[{"href":"https:\/\/www.lyceelecorbusier.eu\/projets\/index.php?rest_route=\/wp\/v2\/posts"}],"about":[{"href":"https:\/\/www.lyceelecorbusier.eu\/projets\/index.php?rest_route=\/wp\/v2\/types\/post"}],"author":[{"embeddable":true,"href":"https:\/\/www.lyceelecorbusier.eu\/projets\/index.php?rest_route=\/wp\/v2\/users\/5"}],"replies":[{"embeddable":true,"href":"https:\/\/www.lyceelecorbusier.eu\/projets\/index.php?rest_route=%2Fwp%2Fv2%2Fcomments&post=9609"}],"version-history":[{"count":6,"href":"https:\/\/www.lyceelecorbusier.eu\/projets\/index.php?rest_route=\/wp\/v2\/posts\/9609\/revisions"}],"predecessor-version":[{"id":9624,"href":"https:\/\/www.lyceelecorbusier.eu\/projets\/index.php?rest_route=\/wp\/v2\/posts\/9609\/revisions\/9624"}],"wp:featuredmedia":[{"embeddable":true,"href":"https:\/\/www.lyceelecorbusier.eu\/projets\/index.php?rest_route=\/wp\/v2\/media\/9613"}],"wp:attachment":[{"href":"https:\/\/www.lyceelecorbusier.eu\/projets\/index.php?rest_route=%2Fwp%2Fv2%2Fmedia&parent=9609"}],"wp:term":[{"taxonomy":"category","embeddable":true,"href":"https:\/\/www.lyceelecorbusier.eu\/projets\/index.php?rest_route=%2Fwp%2Fv2%2Fcategories&post=9609"},{"taxonomy":"post_tag","embeddable":true,"href":"https:\/\/www.lyceelecorbusier.eu\/projets\/index.php?rest_route=%2Fwp%2Fv2%2Ftags&post=9609"}],"curies":[{"name":"wp","href":"https:\/\/api.w.org\/{rel}","templated":true}]}}