{"id":9562,"date":"2025-10-26T12:37:01","date_gmt":"2025-10-26T11:37:01","guid":{"rendered":"https:\/\/www.lyceelecorbusier.eu\/projets\/?p=9562"},"modified":"2025-12-09T13:20:10","modified_gmt":"2025-12-09T12:20:10","slug":"medaille-dor-aux-worldskills-pour-lucas-hohmann","status":"publish","type":"post","link":"https:\/\/www.lyceelecorbusier.eu\/projets\/?p=9562","title":{"rendered":"M\u00e9daille d&#8217;or aux WorldSkills pour Lucas Hohmann"},"content":{"rendered":"<h4>Cette ann\u00e9e, Lucas Hohmann, apprenti en 2\u00e8me ann\u00e9e de Brevet Professionnel Couvreur \u00e0 l\u2019UFA Le Corbusier, a d\u00e9croch\u00e9 la m\u00e9daille d\u2019or nationale en couverture m\u00e9tallique lors des 48es finales des WorldSkills France.<\/h4>\n<p>Les <a href=\"https:\/\/www.worldskills-france.org\/\">WorldSkills<\/a> sont une comp\u00e9tition internationale qui met en avant l\u2019excellence dans les m\u00e9tiers et les comp\u00e9tences professionnelles. Ils sont consid\u00e9r\u00e9s comme les \u00ab\u00a0Jeux Olympiques des m\u00e9tiers\u00a0\u00bb.<\/p>\n<p><strong data-start=\"2097\" data-end=\"2130\">F\u00e9licitations \u00e0 Lucas Hohmann<\/strong> pour cette belle r\u00e9ussite,\u00a0 \u00e0 ses formateurs et \u00e0 son entreprise pour leur accompagnement. Un bel exemple de r\u00e9ussite et d\u2019inspiration pour tous les jeunes apprentis du BTP !<\/p>\n<p><strong><a href=\"https:\/\/www.greta-cfa-alsace.fr\/ufa-le-corbusier\/?fbclid=IwY2xjawNq5fpleHRuA2FlbQIxMQBicmlkETBCRTJ6UjVQQTdYWGlrVUthAR5LBJ35N5KNOrymvoPwvbGsqtWZ6_ggqMWUhrZvlDDNmvH5c-7rdZmt-8u6QA_aem_Ed0_iFLKYJg842RpwR5wlg\">Lire l&#8217;article du Greta-CFA-Alsace &gt;&gt;<\/a><\/strong><\/p>\n<p><a href=\"https:\/\/c.dna.fr\/culture-loisirs\/2025\/11\/04\/des-toits-aux-sommets-l-ascension-doree-du-couvreur-lucas-hohmann\"><strong>A lire \u00e9galement l&#8217;article paru dans les DNA le 4 novembre 2025 &gt;&gt;<\/strong><\/a><\/p>\n<p><a href=\"https:\/\/c.dna.fr\/culture-loisirs\/2025\/11\/04\/des-toits-aux-sommets-l-ascension-doree-du-couvreur-lucas-hohmann\"><img loading=\"lazy\" class=\"wp-image-9616 size-medium alignleft\" src=\"https:\/\/www.lyceelecorbusier.eu\/projets\/wp-content\/uploads\/sites\/8\/2025\/10\/Capture-300x219.png\" alt=\"\" width=\"300\" height=\"219\" srcset=\"https:\/\/www.lyceelecorbusier.eu\/projets\/wp-content\/uploads\/sites\/8\/2025\/10\/Capture-300x219.png 300w, https:\/\/www.lyceelecorbusier.eu\/projets\/wp-content\/uploads\/sites\/8\/2025\/10\/Capture-768x559.png 768w, https:\/\/www.lyceelecorbusier.eu\/projets\/wp-content\/uploads\/sites\/8\/2025\/10\/Capture.png 814w\" sizes=\"(max-width: 300px) 100vw, 300px\" \/><\/a><\/p>\n<p>&nbsp;<\/p>\n<p>&nbsp;<\/p>\n<p>&nbsp;<\/p>\n<p>&nbsp;<\/p>\n<p><a href=\"https:\/\/www.grandest.fr\/actualites\/48emes-finales-worldskills-france-34-medailles-pour-le-grand-est\/\"><strong>En savoir plus sur le palmar\u00e8s de cette comp\u00e9tition sur le site de la R\u00e9gion Grand Est &gt;&gt;<\/strong><\/a><\/p>\n<p><img loading=\"lazy\" width=\"500\" height=\"333\" class=\"size-full wp-image-9563 alignleft\" src=\"https:\/\/www.lyceelecorbusier.eu\/projets\/wp-content\/uploads\/sites\/8\/2025\/10\/apprentissage-.png\" alt=\"\" srcset=\"https:\/\/www.lyceelecorbusier.eu\/projets\/wp-content\/uploads\/sites\/8\/2025\/10\/apprentissage-.png 500w, https:\/\/www.lyceelecorbusier.eu\/projets\/wp-content\/uploads\/sites\/8\/2025\/10\/apprentissage--300x200.png 300w\" sizes=\"(max-width: 500px) 100vw, 500px\" \/><\/p>\n<h6><\/h6>\n<h6><\/h6>\n<h6><\/h6>\n<h6><\/h6>\n<h6><\/h6>\n<h6><\/h6>\n<h6><\/h6>\n<h6><\/h6>\n<h6><em>Edit\u00e9 par Laetitia Ory<\/em><\/h6>\n","protected":false},"excerpt":{"rendered":"<p>Apprenti couvreur \u00e0 l&#8217;UFA Le Corbusier <\/p>\n","protected":false},"author":5,"featured_media":9565,"comment_status":"closed","ping_status":"closed","sticky":false,"template":"","format":"standard","meta":[],"categories":[29,11,6],"tags":[],"_links":{"self":[{"href":"https:\/\/www.lyceelecorbusier.eu\/projets\/index.php?rest_route=\/wp\/v2\/posts\/9562"}],"collection":[{"href":"https:\/\/www.lyceelecorbusier.eu\/projets\/index.php?rest_route=\/wp\/v2\/posts"}],"about":[{"href":"https:\/\/www.lyceelecorbusier.eu\/projets\/index.php?rest_route=\/wp\/v2\/types\/post"}],"author":[{"embeddable":true,"href":"https:\/\/www.lyceelecorbusier.eu\/projets\/index.php?rest_route=\/wp\/v2\/users\/5"}],"replies":[{"embeddable":true,"href":"https:\/\/www.lyceelecorbusier.eu\/projets\/index.php?rest_route=%2Fwp%2Fv2%2Fcomments&post=9562"}],"version-history":[{"count":5,"href":"https:\/\/www.lyceelecorbusier.eu\/projets\/index.php?rest_route=\/wp\/v2\/posts\/9562\/revisions"}],"predecessor-version":[{"id":9617,"href":"https:\/\/www.lyceelecorbusier.eu\/projets\/index.php?rest_route=\/wp\/v2\/posts\/9562\/revisions\/9617"}],"wp:featuredmedia":[{"embeddable":true,"href":"https:\/\/www.lyceelecorbusier.eu\/projets\/index.php?rest_route=\/wp\/v2\/media\/9565"}],"wp:attachment":[{"href":"https:\/\/www.lyceelecorbusier.eu\/projets\/index.php?rest_route=%2Fwp%2Fv2%2Fmedia&parent=9562"}],"wp:term":[{"taxonomy":"category","embeddable":true,"href":"https:\/\/www.lyceelecorbusier.eu\/projets\/index.php?rest_route=%2Fwp%2Fv2%2Fcategories&post=9562"},{"taxonomy":"post_tag","embeddable":true,"href":"https:\/\/www.lyceelecorbusier.eu\/projets\/index.php?rest_route=%2Fwp%2Fv2%2Ftags&post=9562"}],"curies":[{"name":"wp","href":"https:\/\/api.w.org\/{rel}","templated":true}]}}