{"id":9394,"date":"2025-04-06T12:01:45","date_gmt":"2025-04-06T11:01:45","guid":{"rendered":"https:\/\/www.lyceelecorbusier.eu\/projets\/?p=9394"},"modified":"2025-04-24T11:24:07","modified_gmt":"2025-04-24T10:24:07","slug":"bibliotheques-ideales-pour-les-2ptne3","status":"publish","type":"post","link":"https:\/\/www.lyceelecorbusier.eu\/projets\/?p=9394","title":{"rendered":"Sortie &#8220;Biblioth\u00e8ques id\u00e9ales&#8221; avec les 2PTNE3"},"content":{"rendered":"<h4><i>Jeudi 27 mars, la classe de 2PTNE3 a pu assister au festival des <a href=\"https:\/\/biblideales.fr\">Biblioth\u00e8ques id\u00e9ales<\/a> \u00e0 Strasbourg sur le th\u00e8me \u00ab le Temps des F\u00e9minismes \u00bb (saison 3).<\/i><i><\/i><\/h4>\n<p>La classe a pu visionner une partie du <a href=\"https:\/\/biblideales.fr\/event\/david-teboul-inna-shevchenko-frederique-neau-dufour\/\">film\u00a0<i>Les filles de Birkenau<\/i>\u00a0de David Teboul\u00a0<\/a>; le r\u00e9alisateur a r\u00e9uni quatre survivantes du camp d\u2019Auschwitz-Birkenau\u00a0:\u00a0Esther S\u00e9not, Ginette Kolinka, Judith Elkan-Herv\u00e9 et Isabelle Choko.<\/p>\n<p>Les survivantes racontent leurs d\u00e9portations, leurs vies dans le camp et \u00e0 la lib\u00e9ration. Un des moments marquants du film fut le chant des d\u00e9port\u00e9s, entonn\u00e9 par les quatre femmes.<\/p>\n<p>Le film a \u00e9t\u00e9 suivi d\u2019une rencontre et d\u2019une discussion entre David Teboul,\u00a0Inna Shevchenko, journaliste, auteure (<i>Une lettre de l\u2019Est &#8211; Voix plurielle des femmes ukrainiennes <\/i>dont des extraits ont \u00e9t\u00e9 lus en classe), et activiste et Fr\u00e9d\u00e9rique Neau-Dufour, historienne et ancienne directrice du Centre europ\u00e9en du r\u00e9sistant d\u00e9port\u00e9, sur le site du Struthof.<\/p>\n<p>Les \u00e9changes ont port\u00e9 sur les violences de guerre, particuli\u00e8rement celles inflig\u00e9es aux femmes (en tant que femmes), sur le t\u00e9moignage, sur l\u2019exigence de v\u00e9rit\u00e9, sur la transmission et sur l\u2019engagement.<\/p>\n<p>Dans la discussion, les auteurs ont insist\u00e9 sur l\u2019engagement de femmes comme Simone Veil ou Germaine Tillion\u00a0; l\u2019exp\u00e9rience de la violence est bien constitutive de leur engagement politique, culturel et social\u00a0; autrement dit la violence subie rend leur engagement n\u00e9cessaire.<\/p>\n<p>Apr\u00e8s le festival, les \u00e9l\u00e8ves ont r\u00e9fl\u00e9chi sur les notions abord\u00e9es\u00a0; ils ont soulign\u00e9 dans leur restitution orale, l\u2019importance du t\u00e9moignage des victimes de guerres quel que soit le lieu, pour dire ce qui a \u00e9t\u00e9 exist\u00e9 et restaurer du lien entre les \u00eatres humains et le vivant.<\/p>\n<p>L\u2019\u00e9coute de ces t\u00e9moignages restent un enjeu majeur de nos soci\u00e9t\u00e9s.<\/p>\n<p style=\"text-align: right\"><em>Mathilde Rigolot, professeure de Lettres-Histoire<\/em><\/p>\n<p><img loading=\"lazy\" width=\"1200\" height=\"900\" class=\"aligncenter size-full wp-image-9404\" src=\"https:\/\/www.lyceelecorbusier.eu\/projets\/wp-content\/uploads\/sites\/8\/2025\/04\/20250327_151608.jpg\" alt=\"\" srcset=\"https:\/\/www.lyceelecorbusier.eu\/projets\/wp-content\/uploads\/sites\/8\/2025\/04\/20250327_151608.jpg 1200w, https:\/\/www.lyceelecorbusier.eu\/projets\/wp-content\/uploads\/sites\/8\/2025\/04\/20250327_151608-300x225.jpg 300w, https:\/\/www.lyceelecorbusier.eu\/projets\/wp-content\/uploads\/sites\/8\/2025\/04\/20250327_151608-1024x768.jpg 1024w, https:\/\/www.lyceelecorbusier.eu\/projets\/wp-content\/uploads\/sites\/8\/2025\/04\/20250327_151608-768x576.jpg 768w, https:\/\/www.lyceelecorbusier.eu\/projets\/wp-content\/uploads\/sites\/8\/2025\/04\/20250327_151608-960x720.jpg 960w\" sizes=\"(max-width: 1200px) 100vw, 1200px\" \/><\/p>\n<p>&nbsp;<\/p>\n","protected":false},"excerpt":{"rendered":"<p>&#8220;Le Temps des f\u00e9minismes&#8221;<\/p>\n","protected":false},"author":5,"featured_media":9401,"comment_status":"closed","ping_status":"closed","sticky":false,"template":"","format":"standard","meta":[],"categories":[28,11,6],"tags":[],"_links":{"self":[{"href":"https:\/\/www.lyceelecorbusier.eu\/projets\/index.php?rest_route=\/wp\/v2\/posts\/9394"}],"collection":[{"href":"https:\/\/www.lyceelecorbusier.eu\/projets\/index.php?rest_route=\/wp\/v2\/posts"}],"about":[{"href":"https:\/\/www.lyceelecorbusier.eu\/projets\/index.php?rest_route=\/wp\/v2\/types\/post"}],"author":[{"embeddable":true,"href":"https:\/\/www.lyceelecorbusier.eu\/projets\/index.php?rest_route=\/wp\/v2\/users\/5"}],"replies":[{"embeddable":true,"href":"https:\/\/www.lyceelecorbusier.eu\/projets\/index.php?rest_route=%2Fwp%2Fv2%2Fcomments&post=9394"}],"version-history":[{"count":7,"href":"https:\/\/www.lyceelecorbusier.eu\/projets\/index.php?rest_route=\/wp\/v2\/posts\/9394\/revisions"}],"predecessor-version":[{"id":9405,"href":"https:\/\/www.lyceelecorbusier.eu\/projets\/index.php?rest_route=\/wp\/v2\/posts\/9394\/revisions\/9405"}],"wp:featuredmedia":[{"embeddable":true,"href":"https:\/\/www.lyceelecorbusier.eu\/projets\/index.php?rest_route=\/wp\/v2\/media\/9401"}],"wp:attachment":[{"href":"https:\/\/www.lyceelecorbusier.eu\/projets\/index.php?rest_route=%2Fwp%2Fv2%2Fmedia&parent=9394"}],"wp:term":[{"taxonomy":"category","embeddable":true,"href":"https:\/\/www.lyceelecorbusier.eu\/projets\/index.php?rest_route=%2Fwp%2Fv2%2Fcategories&post=9394"},{"taxonomy":"post_tag","embeddable":true,"href":"https:\/\/www.lyceelecorbusier.eu\/projets\/index.php?rest_route=%2Fwp%2Fv2%2Ftags&post=9394"}],"curies":[{"name":"wp","href":"https:\/\/api.w.org\/{rel}","templated":true}]}}