{"id":9282,"date":"2025-03-31T13:15:43","date_gmt":"2025-03-31T12:15:43","guid":{"rendered":"https:\/\/www.lyceelecorbusier.eu\/projets\/?p=9282"},"modified":"2025-03-31T16:05:30","modified_gmt":"2025-03-31T15:05:30","slug":"sortie-au-sdea","status":"publish","type":"post","link":"https:\/\/www.lyceelecorbusier.eu\/projets\/?p=9282","title":{"rendered":"Sortie \u00e0 la SDEA"},"content":{"rendered":"<h2 style=\"text-align: center\"><strong>Sortie avec les C1MIS1 au centre de formation de la SDEA <\/strong><\/h2>\n<h2 style=\"text-align: center\"><strong>(Syndicat des Eaux et de l\u2019Assainissement Alsace-Moselle)<\/strong> <strong>\u00e0 Val de Moder<\/strong><\/h2>\n<p>&nbsp;<\/p>\n<p><strong>La SDEA<\/strong> Alsace-Moselle est responsable de la distribution d&#8217;eau potable \u00e0 Val de Moder. Elle assure \u00e9galement la gestion de l&#8217;assainissement collectif et veille \u00e0 la qualit\u00e9 bact\u00e9riologique, physique et chimique de l&#8217;eau dans la r\u00e9gion.<\/p>\n<p><img loading=\"lazy\" width=\"1200\" height=\"900\" class=\"aligncenter size-full wp-image-9284\" src=\"https:\/\/www.lyceelecorbusier.eu\/projets\/wp-content\/uploads\/sites\/8\/2025\/03\/IMG_20250328_111604.jpg\" alt=\"\" srcset=\"https:\/\/www.lyceelecorbusier.eu\/projets\/wp-content\/uploads\/sites\/8\/2025\/03\/IMG_20250328_111604.jpg 1200w, https:\/\/www.lyceelecorbusier.eu\/projets\/wp-content\/uploads\/sites\/8\/2025\/03\/IMG_20250328_111604-300x225.jpg 300w, https:\/\/www.lyceelecorbusier.eu\/projets\/wp-content\/uploads\/sites\/8\/2025\/03\/IMG_20250328_111604-1024x768.jpg 1024w, https:\/\/www.lyceelecorbusier.eu\/projets\/wp-content\/uploads\/sites\/8\/2025\/03\/IMG_20250328_111604-768x576.jpg 768w, https:\/\/www.lyceelecorbusier.eu\/projets\/wp-content\/uploads\/sites\/8\/2025\/03\/IMG_20250328_111604-960x720.jpg 960w\" sizes=\"(max-width: 1200px) 100vw, 1200px\" \/><\/p>\n<p><em>\u00ab\u00a0Nos\u00a0plus de 740 collaborateurs couvrent pr\u00e8s d&#8217;une centaine de m\u00e9tiers de haute technicit\u00e9. Sur le terrain, nos agents qualifi\u00e9s interviennent au quotidien 24h\/24 pour faire face \u00e0 la diversit\u00e9 des situations et exercer efficacement les comp\u00e9tences qui nous sont transf\u00e9r\u00e9es.\u00a0\u00bb<\/em><\/p>\n<p><strong>Vendredi 28 mars 2025.<\/strong>\u00a0 Apr\u00e8s avoir visit\u00e9 la mini-station d\u2019eau et vu comment fonctionne le r\u00e9seau d\u2019eau potable (canalisation, ventouse, coude, robinet-vanne), nos \u00e9l\u00e8ves de C1MIS1 observent une d\u00e9monstration sur un poste d\u2019\u00e9lectro soudure. Cette technique est utilis\u00e9e pour assembler des tubes en plastique comme le poly\u00e9thyl\u00e8ne gr\u00e2ce \u00e0 un manchon \u00e9lectrosoudable.<\/p>\n\n\t\t<style type=\"text\/css\">\n\t\t\t#gallery-1 {\n\t\t\t\tmargin: auto;\n\t\t\t}\n\t\t\t#gallery-1 .gallery-item {\n\t\t\t\tfloat: left;\n\t\t\t\tmargin-top: 10px;\n\t\t\t\ttext-align: center;\n\t\t\t\twidth: 25%;\n\t\t\t}\n\t\t\t#gallery-1 img {\n\t\t\t\tborder: 2px solid #cfcfcf;\n\t\t\t}\n\t\t\t#gallery-1 .gallery-caption {\n\t\t\t\tmargin-left: 0;\n\t\t\t}\n\t\t\t\/* see gallery_shortcode() in wp-includes\/media.php *\/\n\t\t<\/style>\n\t\t<div id='gallery-1' class='gallery galleryid-9282 gallery-columns-4 gallery-size-thumbnail'><dl class='gallery-item'>\n\t\t\t<dt class='gallery-icon portrait'>\n\t\t\t\t<a href='https:\/\/www.lyceelecorbusier.eu\/projets\/?attachment_id=9285'><img width=\"150\" height=\"150\" src=\"https:\/\/www.lyceelecorbusier.eu\/projets\/wp-content\/uploads\/sites\/8\/2025\/03\/Image2-150x150.jpg\" class=\"attachment-thumbnail size-thumbnail\" alt=\"\" loading=\"lazy\" \/><\/a>\n\t\t\t<\/dt><\/dl><dl class='gallery-item'>\n\t\t\t<dt class='gallery-icon landscape'>\n\t\t\t\t<a href='https:\/\/www.lyceelecorbusier.eu\/projets\/?attachment_id=9286'><img width=\"150\" height=\"150\" src=\"https:\/\/www.lyceelecorbusier.eu\/projets\/wp-content\/uploads\/sites\/8\/2025\/03\/Image3-150x150.jpg\" class=\"attachment-thumbnail size-thumbnail\" alt=\"\" loading=\"lazy\" \/><\/a>\n\t\t\t<\/dt><\/dl><dl class='gallery-item'>\n\t\t\t<dt class='gallery-icon portrait'>\n\t\t\t\t<a href='https:\/\/www.lyceelecorbusier.eu\/projets\/?attachment_id=9287'><img width=\"150\" height=\"150\" src=\"https:\/\/www.lyceelecorbusier.eu\/projets\/wp-content\/uploads\/sites\/8\/2025\/03\/IMG_20250328_094452-150x150.jpg\" class=\"attachment-thumbnail size-thumbnail\" alt=\"\" loading=\"lazy\" srcset=\"https:\/\/www.lyceelecorbusier.eu\/projets\/wp-content\/uploads\/sites\/8\/2025\/03\/IMG_20250328_094452-150x150.jpg 150w, https:\/\/www.lyceelecorbusier.eu\/projets\/wp-content\/uploads\/sites\/8\/2025\/03\/IMG_20250328_094452-720x720.jpg 720w\" sizes=\"(max-width: 150px) 100vw, 150px\" \/><\/a>\n\t\t\t<\/dt><\/dl><dl class='gallery-item'>\n\t\t\t<dt class='gallery-icon landscape'>\n\t\t\t\t<a href='https:\/\/www.lyceelecorbusier.eu\/projets\/?attachment_id=9288'><img width=\"150\" height=\"150\" src=\"https:\/\/www.lyceelecorbusier.eu\/projets\/wp-content\/uploads\/sites\/8\/2025\/03\/Image4-150x150.jpg\" class=\"attachment-thumbnail size-thumbnail\" alt=\"\" loading=\"lazy\" \/><\/a>\n\t\t\t<\/dt><\/dl><br style=\"clear: both\" \/>\n\t\t<\/div>\n\n<p>Plus tard, dans la salle de formation, ils peuvent revoir les diff\u00e9rentes \u00e9tapes du cycle de l\u2019eau reconstitu\u00e9es \u00e0 l\u2019aide d\u2019un jeu de cartes qu\u2019il faut poser sur un panneau.<\/p>\n\n\t\t<style type=\"text\/css\">\n\t\t\t#gallery-2 {\n\t\t\t\tmargin: auto;\n\t\t\t}\n\t\t\t#gallery-2 .gallery-item {\n\t\t\t\tfloat: left;\n\t\t\t\tmargin-top: 10px;\n\t\t\t\ttext-align: center;\n\t\t\t\twidth: 33%;\n\t\t\t}\n\t\t\t#gallery-2 img {\n\t\t\t\tborder: 2px solid #cfcfcf;\n\t\t\t}\n\t\t\t#gallery-2 .gallery-caption {\n\t\t\t\tmargin-left: 0;\n\t\t\t}\n\t\t\t\/* see gallery_shortcode() in wp-includes\/media.php *\/\n\t\t<\/style>\n\t\t<div id='gallery-2' class='gallery galleryid-9282 gallery-columns-3 gallery-size-medium'><dl class='gallery-item'>\n\t\t\t<dt class='gallery-icon portrait'>\n\t\t\t\t<a href='https:\/\/www.lyceelecorbusier.eu\/projets\/?attachment_id=9289'><img width=\"225\" height=\"300\" src=\"https:\/\/www.lyceelecorbusier.eu\/projets\/wp-content\/uploads\/sites\/8\/2025\/03\/Image5-225x300.jpg\" class=\"attachment-medium size-medium\" alt=\"\" loading=\"lazy\" srcset=\"https:\/\/www.lyceelecorbusier.eu\/projets\/wp-content\/uploads\/sites\/8\/2025\/03\/Image5-225x300.jpg 225w, https:\/\/www.lyceelecorbusier.eu\/projets\/wp-content\/uploads\/sites\/8\/2025\/03\/Image5.jpg 457w\" sizes=\"(max-width: 225px) 100vw, 225px\" \/><\/a>\n\t\t\t<\/dt><\/dl><dl class='gallery-item'>\n\t\t\t<dt class='gallery-icon landscape'>\n\t\t\t\t<a href='https:\/\/www.lyceelecorbusier.eu\/projets\/?attachment_id=9290'><img width=\"300\" height=\"228\" src=\"https:\/\/www.lyceelecorbusier.eu\/projets\/wp-content\/uploads\/sites\/8\/2025\/03\/Image1-300x228.jpg\" class=\"attachment-medium size-medium\" alt=\"\" loading=\"lazy\" srcset=\"https:\/\/www.lyceelecorbusier.eu\/projets\/wp-content\/uploads\/sites\/8\/2025\/03\/Image1-300x228.jpg 300w, https:\/\/www.lyceelecorbusier.eu\/projets\/wp-content\/uploads\/sites\/8\/2025\/03\/Image1-768x584.jpg 768w, https:\/\/www.lyceelecorbusier.eu\/projets\/wp-content\/uploads\/sites\/8\/2025\/03\/Image1.jpg 801w\" sizes=\"(max-width: 300px) 100vw, 300px\" \/><\/a>\n\t\t\t<\/dt><\/dl><dl class='gallery-item'>\n\t\t\t<dt class='gallery-icon portrait'>\n\t\t\t\t<a href='https:\/\/www.lyceelecorbusier.eu\/projets\/?attachment_id=9291'><img width=\"225\" height=\"300\" src=\"https:\/\/www.lyceelecorbusier.eu\/projets\/wp-content\/uploads\/sites\/8\/2025\/03\/IMG_20250328_095758-225x300.jpg\" class=\"attachment-medium size-medium\" alt=\"\" loading=\"lazy\" srcset=\"https:\/\/www.lyceelecorbusier.eu\/projets\/wp-content\/uploads\/sites\/8\/2025\/03\/IMG_20250328_095758-225x300.jpg 225w, https:\/\/www.lyceelecorbusier.eu\/projets\/wp-content\/uploads\/sites\/8\/2025\/03\/IMG_20250328_095758-768x1024.jpg 768w, https:\/\/www.lyceelecorbusier.eu\/projets\/wp-content\/uploads\/sites\/8\/2025\/03\/IMG_20250328_095758-1152x1536.jpg 1152w, https:\/\/www.lyceelecorbusier.eu\/projets\/wp-content\/uploads\/sites\/8\/2025\/03\/IMG_20250328_095758-900x1200.jpg 900w, https:\/\/www.lyceelecorbusier.eu\/projets\/wp-content\/uploads\/sites\/8\/2025\/03\/IMG_20250328_095758-720x960.jpg 720w, https:\/\/www.lyceelecorbusier.eu\/projets\/wp-content\/uploads\/sites\/8\/2025\/03\/IMG_20250328_095758.jpg 1200w\" sizes=\"(max-width: 225px) 100vw, 225px\" \/><\/a>\n\t\t\t<\/dt><\/dl><br style=\"clear: both\" \/>\n\t\t<\/div>\n\n<p><span style=\"font-family: 'Arial',sans-serif\">C\u2019est avec beaucoup d\u2019int\u00e9r\u00eat qu\u2019ils assistent \u00e0 une d\u00e9monstration d\u2019un tir de fus\u00e9e pneumatique avec compresseur pour r\u00e9aliser un branchement sans terrassement. Avant tout, il s\u2019agit de rappeler qu\u2019il y a des r\u00e8gles de s\u00e9curit\u00e9 \u00e0 bien respecter afin d\u2019\u00e9viter les accidents. Ainsi, des gestes mal adapt\u00e9s peuvent occasionner des blessures graves. Enfin, la matin\u00e9e s\u2019ach\u00e8ve sur une d\u00e9monstration de percement d\u2019une conduite en fonte.<br \/>\n<\/span><\/p>\n\n\t\t<style type=\"text\/css\">\n\t\t\t#gallery-3 {\n\t\t\t\tmargin: auto;\n\t\t\t}\n\t\t\t#gallery-3 .gallery-item {\n\t\t\t\tfloat: left;\n\t\t\t\tmargin-top: 10px;\n\t\t\t\ttext-align: center;\n\t\t\t\twidth: 33%;\n\t\t\t}\n\t\t\t#gallery-3 img {\n\t\t\t\tborder: 2px solid #cfcfcf;\n\t\t\t}\n\t\t\t#gallery-3 .gallery-caption {\n\t\t\t\tmargin-left: 0;\n\t\t\t}\n\t\t\t\/* see gallery_shortcode() in wp-includes\/media.php *\/\n\t\t<\/style>\n\t\t<div id='gallery-3' class='gallery galleryid-9282 gallery-columns-3 gallery-size-medium'><dl class='gallery-item'>\n\t\t\t<dt class='gallery-icon portrait'>\n\t\t\t\t<a href='https:\/\/www.lyceelecorbusier.eu\/projets\/?attachment_id=9293'><img width=\"225\" height=\"300\" src=\"https:\/\/www.lyceelecorbusier.eu\/projets\/wp-content\/uploads\/sites\/8\/2025\/03\/IMG_20250328_104435-225x300.jpg\" class=\"attachment-medium size-medium\" alt=\"\" loading=\"lazy\" srcset=\"https:\/\/www.lyceelecorbusier.eu\/projets\/wp-content\/uploads\/sites\/8\/2025\/03\/IMG_20250328_104435-225x300.jpg 225w, https:\/\/www.lyceelecorbusier.eu\/projets\/wp-content\/uploads\/sites\/8\/2025\/03\/IMG_20250328_104435-768x1024.jpg 768w, https:\/\/www.lyceelecorbusier.eu\/projets\/wp-content\/uploads\/sites\/8\/2025\/03\/IMG_20250328_104435-1152x1536.jpg 1152w, https:\/\/www.lyceelecorbusier.eu\/projets\/wp-content\/uploads\/sites\/8\/2025\/03\/IMG_20250328_104435-900x1200.jpg 900w, https:\/\/www.lyceelecorbusier.eu\/projets\/wp-content\/uploads\/sites\/8\/2025\/03\/IMG_20250328_104435-720x960.jpg 720w, https:\/\/www.lyceelecorbusier.eu\/projets\/wp-content\/uploads\/sites\/8\/2025\/03\/IMG_20250328_104435.jpg 1200w\" sizes=\"(max-width: 225px) 100vw, 225px\" \/><\/a>\n\t\t\t<\/dt><\/dl><dl class='gallery-item'>\n\t\t\t<dt class='gallery-icon portrait'>\n\t\t\t\t<a href='https:\/\/www.lyceelecorbusier.eu\/projets\/?attachment_id=9292'><img width=\"225\" height=\"300\" src=\"https:\/\/www.lyceelecorbusier.eu\/projets\/wp-content\/uploads\/sites\/8\/2025\/03\/Image7-225x300.jpg\" class=\"attachment-medium size-medium\" alt=\"\" loading=\"lazy\" srcset=\"https:\/\/www.lyceelecorbusier.eu\/projets\/wp-content\/uploads\/sites\/8\/2025\/03\/Image7-225x300.jpg 225w, https:\/\/www.lyceelecorbusier.eu\/projets\/wp-content\/uploads\/sites\/8\/2025\/03\/Image7.jpg 423w\" sizes=\"(max-width: 225px) 100vw, 225px\" \/><\/a>\n\t\t\t<\/dt><\/dl><dl class='gallery-item'>\n\t\t\t<dt class='gallery-icon landscape'>\n\t\t\t\t<a href='https:\/\/www.lyceelecorbusier.eu\/projets\/?attachment_id=9294'><img width=\"300\" height=\"225\" src=\"https:\/\/www.lyceelecorbusier.eu\/projets\/wp-content\/uploads\/sites\/8\/2025\/03\/IMG_20250328_111109-300x225.jpg\" class=\"attachment-medium size-medium\" alt=\"\" loading=\"lazy\" srcset=\"https:\/\/www.lyceelecorbusier.eu\/projets\/wp-content\/uploads\/sites\/8\/2025\/03\/IMG_20250328_111109-300x225.jpg 300w, https:\/\/www.lyceelecorbusier.eu\/projets\/wp-content\/uploads\/sites\/8\/2025\/03\/IMG_20250328_111109-1024x768.jpg 1024w, https:\/\/www.lyceelecorbusier.eu\/projets\/wp-content\/uploads\/sites\/8\/2025\/03\/IMG_20250328_111109-768x576.jpg 768w, https:\/\/www.lyceelecorbusier.eu\/projets\/wp-content\/uploads\/sites\/8\/2025\/03\/IMG_20250328_111109-960x720.jpg 960w, https:\/\/www.lyceelecorbusier.eu\/projets\/wp-content\/uploads\/sites\/8\/2025\/03\/IMG_20250328_111109.jpg 1200w\" sizes=\"(max-width: 300px) 100vw, 300px\" \/><\/a>\n\t\t\t<\/dt><\/dl><br style=\"clear: both\" \/>\n\t\t<\/div>\n\n<p>Une matin\u00e9e riche en d\u00e9couvertes de techniques et d\u2019ouverture au monde du travail. Les opportunit\u00e9s d\u2019emplois durables dans les secteurs de l\u2019eau et de l\u2019environnement sont nombreuses. Les intervenants rappellent que la SDEA s\u2019int\u00e9resse \u00e0 tous les profils. Les postes techniques sont nombreux pour les ouvriers sp\u00e9cialis\u00e9s et les agents de terrain.<\/p>\n<p style=\"text-align: right\"><em><i>Mme Pradelle et M. Marais, professeurs de la classe<\/i>.\u00a0<\/em><\/p>\n<p style=\"text-align: right\"><i>Merci \u00e0 Madame Hoffmann, Responsable du Bureau des Entreprises, pour l&#8217;organisation de la sortie.<\/i><\/p>\n","protected":false},"excerpt":{"rendered":"<p>Pour les C1MIS1<\/p>\n","protected":false},"author":5,"featured_media":9295,"comment_status":"closed","ping_status":"closed","sticky":false,"template":"","format":"standard","meta":[],"categories":[28,11,6],"tags":[],"_links":{"self":[{"href":"https:\/\/www.lyceelecorbusier.eu\/projets\/index.php?rest_route=\/wp\/v2\/posts\/9282"}],"collection":[{"href":"https:\/\/www.lyceelecorbusier.eu\/projets\/index.php?rest_route=\/wp\/v2\/posts"}],"about":[{"href":"https:\/\/www.lyceelecorbusier.eu\/projets\/index.php?rest_route=\/wp\/v2\/types\/post"}],"author":[{"embeddable":true,"href":"https:\/\/www.lyceelecorbusier.eu\/projets\/index.php?rest_route=\/wp\/v2\/users\/5"}],"replies":[{"embeddable":true,"href":"https:\/\/www.lyceelecorbusier.eu\/projets\/index.php?rest_route=%2Fwp%2Fv2%2Fcomments&post=9282"}],"version-history":[{"count":6,"href":"https:\/\/www.lyceelecorbusier.eu\/projets\/index.php?rest_route=\/wp\/v2\/posts\/9282\/revisions"}],"predecessor-version":[{"id":9300,"href":"https:\/\/www.lyceelecorbusier.eu\/projets\/index.php?rest_route=\/wp\/v2\/posts\/9282\/revisions\/9300"}],"wp:featuredmedia":[{"embeddable":true,"href":"https:\/\/www.lyceelecorbusier.eu\/projets\/index.php?rest_route=\/wp\/v2\/media\/9295"}],"wp:attachment":[{"href":"https:\/\/www.lyceelecorbusier.eu\/projets\/index.php?rest_route=%2Fwp%2Fv2%2Fmedia&parent=9282"}],"wp:term":[{"taxonomy":"category","embeddable":true,"href":"https:\/\/www.lyceelecorbusier.eu\/projets\/index.php?rest_route=%2Fwp%2Fv2%2Fcategories&post=9282"},{"taxonomy":"post_tag","embeddable":true,"href":"https:\/\/www.lyceelecorbusier.eu\/projets\/index.php?rest_route=%2Fwp%2Fv2%2Ftags&post=9282"}],"curies":[{"name":"wp","href":"https:\/\/api.w.org\/{rel}","templated":true}]}}