{"id":9235,"date":"2025-03-26T18:20:25","date_gmt":"2025-03-26T17:20:25","guid":{"rendered":"https:\/\/www.lyceelecorbusier.eu\/projets\/?p=9235"},"modified":"2025-03-26T18:27:13","modified_gmt":"2025-03-26T17:27:13","slug":"musiques-afro-americaines","status":"publish","type":"post","link":"https:\/\/www.lyceelecorbusier.eu\/projets\/?p=9235","title":{"rendered":"Musiques afro-am\u00e9ricaines"},"content":{"rendered":"<h3 style=\"text-align: center\">\u00ab Musiques afro am\u00e9ricaines : une histoire de lutte et d\u2019\u00e9mancipation \u00bb<\/h3>\n<p>Nos 1\u00e8res G anglicistes ont re\u00e7u et applaudi l\u2019artiste Marcel Soulodre alias MSoul le 20 mars dernier : il leur a jou\u00e9 une conf\u00e9rence chant\u00e9e en live sur le sujet.<\/p>\n<p><em>&#8220;Quand on \u00e9voque la musique et son histoire contemporaine, on ne peut ignorer l\u2019importance des musiques afro-am\u00e9ricaines : blues, gospel, jazz, swing, rythm\u2019n\u2019blues, rock, soul, funk, rap, r\u2019n\u2019b\u2026Si les musiques afro-am\u00e9ricaines ont \u00e9t\u00e9 et sont des r\u00e9volutions culturelles, et que leurs rythmes font danser le monde, leur histoire est politique. A travers une conf\u00e9rence chant\u00e9e et sonore, M SOUL retrace cette histoire, o\u00f9 comment durant pr\u00e8s de deux si\u00e8cles, des champs de coton du Sud aux ghettos du Bronx, la musique a rythm\u00e9 le combat pour l\u2019\u00e9mancipation des Afro-Am\u00e9ricains et des femmes, et la lutte contre la s\u00e9gr\u00e9gation raciale.&#8221;<\/em><\/p>\n<p>Merci \u00e0 l\u2019association <a href=\"https:\/\/yurga.eu\/musiques-afro-americaines-une-histoire-de-luttes-et-demancipation-2\/\">YURGA<\/a> pour ses propositions p\u00e9dagogiques autour de la musique toujours aussi pertinentes et r\u00e9ussies !<\/p>\n<p style=\"text-align: right\"><em>Laetitia Ory pour les professeures d&#8217;anglais\u00a0<\/em><\/p>\n\n\t\t<style type=\"text\/css\">\n\t\t\t#gallery-1 {\n\t\t\t\tmargin: auto;\n\t\t\t}\n\t\t\t#gallery-1 .gallery-item {\n\t\t\t\tfloat: left;\n\t\t\t\tmargin-top: 10px;\n\t\t\t\ttext-align: center;\n\t\t\t\twidth: 100%;\n\t\t\t}\n\t\t\t#gallery-1 img {\n\t\t\t\tborder: 2px solid #cfcfcf;\n\t\t\t}\n\t\t\t#gallery-1 .gallery-caption {\n\t\t\t\tmargin-left: 0;\n\t\t\t}\n\t\t\t\/* see gallery_shortcode() in wp-includes\/media.php *\/\n\t\t<\/style>\n\t\t<div id='gallery-1' class='gallery galleryid-9235 gallery-columns-1 gallery-size-full'><dl class='gallery-item'>\n\t\t\t<dt class='gallery-icon landscape'>\n\t\t\t\t<a href='https:\/\/www.lyceelecorbusier.eu\/projets\/?attachment_id=9236'><img width=\"639\" height=\"598\" src=\"https:\/\/www.lyceelecorbusier.eu\/projets\/wp-content\/uploads\/sites\/8\/2025\/03\/1742543283553.jpeg\" class=\"attachment-full size-full\" alt=\"\" loading=\"lazy\" srcset=\"https:\/\/www.lyceelecorbusier.eu\/projets\/wp-content\/uploads\/sites\/8\/2025\/03\/1742543283553.jpeg 639w, https:\/\/www.lyceelecorbusier.eu\/projets\/wp-content\/uploads\/sites\/8\/2025\/03\/1742543283553-300x281.jpeg 300w\" sizes=\"(max-width: 639px) 100vw, 639px\" \/><\/a>\n\t\t\t<\/dt><\/dl><br style=\"clear: both\" \/><dl class='gallery-item'>\n\t\t\t<dt class='gallery-icon landscape'>\n\t\t\t\t<a href='https:\/\/www.lyceelecorbusier.eu\/projets\/?attachment_id=9237'><img width=\"716\" height=\"621\" src=\"https:\/\/www.lyceelecorbusier.eu\/projets\/wp-content\/uploads\/sites\/8\/2025\/03\/1742543283788.jpeg\" class=\"attachment-full size-full\" alt=\"\" loading=\"lazy\" srcset=\"https:\/\/www.lyceelecorbusier.eu\/projets\/wp-content\/uploads\/sites\/8\/2025\/03\/1742543283788.jpeg 716w, https:\/\/www.lyceelecorbusier.eu\/projets\/wp-content\/uploads\/sites\/8\/2025\/03\/1742543283788-300x260.jpeg 300w\" sizes=\"(max-width: 716px) 100vw, 716px\" \/><\/a>\n\t\t\t<\/dt><\/dl><br style=\"clear: both\" \/><dl class='gallery-item'>\n\t\t\t<dt class='gallery-icon landscape'>\n\t\t\t\t<a href='https:\/\/www.lyceelecorbusier.eu\/projets\/?attachment_id=9238'><img width=\"709\" height=\"661\" src=\"https:\/\/www.lyceelecorbusier.eu\/projets\/wp-content\/uploads\/sites\/8\/2025\/03\/1742543283833.jpeg\" class=\"attachment-full size-full\" alt=\"\" loading=\"lazy\" srcset=\"https:\/\/www.lyceelecorbusier.eu\/projets\/wp-content\/uploads\/sites\/8\/2025\/03\/1742543283833.jpeg 709w, https:\/\/www.lyceelecorbusier.eu\/projets\/wp-content\/uploads\/sites\/8\/2025\/03\/1742543283833-300x280.jpeg 300w\" sizes=\"(max-width: 709px) 100vw, 709px\" \/><\/a>\n\t\t\t<\/dt><\/dl><br style=\"clear: both\" \/><dl class='gallery-item'>\n\t\t\t<dt class='gallery-icon landscape'>\n\t\t\t\t<a href='https:\/\/www.lyceelecorbusier.eu\/projets\/?attachment_id=9239'><img width=\"750\" height=\"737\" src=\"https:\/\/www.lyceelecorbusier.eu\/projets\/wp-content\/uploads\/sites\/8\/2025\/03\/1742543283441.jpeg\" class=\"attachment-full size-full\" alt=\"\" loading=\"lazy\" srcset=\"https:\/\/www.lyceelecorbusier.eu\/projets\/wp-content\/uploads\/sites\/8\/2025\/03\/1742543283441.jpeg 750w, https:\/\/www.lyceelecorbusier.eu\/projets\/wp-content\/uploads\/sites\/8\/2025\/03\/1742543283441-300x295.jpeg 300w\" sizes=\"(max-width: 750px) 100vw, 750px\" \/><\/a>\n\t\t\t<\/dt><\/dl><br style=\"clear: both\" \/>\n\t\t<\/div>\n\n","protected":false},"excerpt":{"rendered":"<p>Conf\u00e9rence chant\u00e9e<\/p>\n","protected":false},"author":5,"featured_media":9240,"comment_status":"closed","ping_status":"closed","sticky":false,"template":"","format":"standard","meta":[],"categories":[28,11,6],"tags":[],"_links":{"self":[{"href":"https:\/\/www.lyceelecorbusier.eu\/projets\/index.php?rest_route=\/wp\/v2\/posts\/9235"}],"collection":[{"href":"https:\/\/www.lyceelecorbusier.eu\/projets\/index.php?rest_route=\/wp\/v2\/posts"}],"about":[{"href":"https:\/\/www.lyceelecorbusier.eu\/projets\/index.php?rest_route=\/wp\/v2\/types\/post"}],"author":[{"embeddable":true,"href":"https:\/\/www.lyceelecorbusier.eu\/projets\/index.php?rest_route=\/wp\/v2\/users\/5"}],"replies":[{"embeddable":true,"href":"https:\/\/www.lyceelecorbusier.eu\/projets\/index.php?rest_route=%2Fwp%2Fv2%2Fcomments&post=9235"}],"version-history":[{"count":1,"href":"https:\/\/www.lyceelecorbusier.eu\/projets\/index.php?rest_route=\/wp\/v2\/posts\/9235\/revisions"}],"predecessor-version":[{"id":9241,"href":"https:\/\/www.lyceelecorbusier.eu\/projets\/index.php?rest_route=\/wp\/v2\/posts\/9235\/revisions\/9241"}],"wp:featuredmedia":[{"embeddable":true,"href":"https:\/\/www.lyceelecorbusier.eu\/projets\/index.php?rest_route=\/wp\/v2\/media\/9240"}],"wp:attachment":[{"href":"https:\/\/www.lyceelecorbusier.eu\/projets\/index.php?rest_route=%2Fwp%2Fv2%2Fmedia&parent=9235"}],"wp:term":[{"taxonomy":"category","embeddable":true,"href":"https:\/\/www.lyceelecorbusier.eu\/projets\/index.php?rest_route=%2Fwp%2Fv2%2Fcategories&post=9235"},{"taxonomy":"post_tag","embeddable":true,"href":"https:\/\/www.lyceelecorbusier.eu\/projets\/index.php?rest_route=%2Fwp%2Fv2%2Ftags&post=9235"}],"curies":[{"name":"wp","href":"https:\/\/api.w.org\/{rel}","templated":true}]}}