{"id":9225,"date":"2025-03-26T18:23:05","date_gmt":"2025-03-26T17:23:05","guid":{"rendered":"https:\/\/www.lyceelecorbusier.eu\/projets\/?p=9225"},"modified":"2025-03-26T18:27:26","modified_gmt":"2025-03-26T17:27:26","slug":"semaine-de-la-presse-et-des-medias-2025","status":"publish","type":"post","link":"https:\/\/www.lyceelecorbusier.eu\/projets\/?p=9225","title":{"rendered":"Semaine de la presse et des m\u00e9dias 2025"},"content":{"rendered":"<h3 style=\"text-align: center\">Du 24 au 29 mars 2025 c\u2019\u00e9tait la SPME<\/h3>\n<h3 style=\"text-align: center\">-Semaine de la presse et des m\u00e9dias \u00e0 l\u2019\u00e9cole &#8211;<\/h3>\n<h3 style=\"text-align: center\">avec Le CLEMI, sur le th\u00e8me \u00ab\u00a0O\u00f9 est l\u2019info ?\u00a0\u00bb<\/h3>\n<h5>Notre r\u00e9ponse \u00e0 cette question au CDI du LPO Le Corbusier Illkirch :<\/h5>\n<p><img loading=\"lazy\" width=\"2000\" height=\"1414\" class=\"aligncenter size-full wp-image-9226\" src=\"https:\/\/www.lyceelecorbusier.eu\/projets\/wp-content\/uploads\/sites\/8\/2025\/03\/2025-SPMEAffiche-CDI-Ou-est-linfo-.jpg\" alt=\"\" srcset=\"https:\/\/www.lyceelecorbusier.eu\/projets\/wp-content\/uploads\/sites\/8\/2025\/03\/2025-SPMEAffiche-CDI-Ou-est-linfo-.jpg 2000w, https:\/\/www.lyceelecorbusier.eu\/projets\/wp-content\/uploads\/sites\/8\/2025\/03\/2025-SPMEAffiche-CDI-Ou-est-linfo--300x212.jpg 300w, https:\/\/www.lyceelecorbusier.eu\/projets\/wp-content\/uploads\/sites\/8\/2025\/03\/2025-SPMEAffiche-CDI-Ou-est-linfo--1024x724.jpg 1024w, https:\/\/www.lyceelecorbusier.eu\/projets\/wp-content\/uploads\/sites\/8\/2025\/03\/2025-SPMEAffiche-CDI-Ou-est-linfo--768x543.jpg 768w, https:\/\/www.lyceelecorbusier.eu\/projets\/wp-content\/uploads\/sites\/8\/2025\/03\/2025-SPMEAffiche-CDI-Ou-est-linfo--1536x1086.jpg 1536w, https:\/\/www.lyceelecorbusier.eu\/projets\/wp-content\/uploads\/sites\/8\/2025\/03\/2025-SPMEAffiche-CDI-Ou-est-linfo--1697x1200.jpg 1697w, https:\/\/www.lyceelecorbusier.eu\/projets\/wp-content\/uploads\/sites\/8\/2025\/03\/2025-SPMEAffiche-CDI-Ou-est-linfo--960x679.jpg 960w\" sizes=\"(max-width: 2000px) 100vw, 2000px\" \/><\/p>\n<h4>Chaque ann\u00e9e c&#8217;est la semaine id\u00e9ale pour mettre le paquet sur l\u2019\u00e9ducation aux m\u00e9dias<\/h4>\n<p>&#8230;m\u00eame si en r\u00e9alit\u00e9 c\u2019est un travail de fond qu\u2019on m\u00e8ne toute l\u2019ann\u00e9e au CDi : professeures documentalistes, CPE et professeurs de mati\u00e8res, main dans la main au fil de projets en lien avec les m\u00e9dias, des occasions de revues de presse et de recherches sur l\u2019actualit\u00e9, des s\u00e9ances p\u00e9dagogiques flash sur la presse et le journalisme, des rencontres avec les professionnels etc. !<\/p>\n<h4>Les professeures documentalistes ont en effet souhait\u00e9 mettre en avant cette ann\u00e9e <strong>la richesse du kiosque presse<\/strong> du CDI<\/h4>\n<p>&#8230;la pluralit\u00e9 des titres de journaux et magazines, ainsi que les plateformes de presse num\u00e9rique auxquels le lyc\u00e9e est abonn\u00e9 pour mettre \u00e0 disposition des \u00e9l\u00e8ves, \u00e9tudiants et membres du personnel un maximum de ressources sur l&#8217;actualit\u00e9. <a href=\"https:\/\/www.canva.com\/design\/DAGiuIHv2h8\/AW08gA4AdkYOjkKd_KP2FQ\/view?utm_content=DAGiuIHv2h8&amp;utm_campaign=designshare&amp;utm_medium=link2&amp;utm_source=uniquelinks&amp;utlId=hdb7dd1dc93\">Cliquez ici pour acc\u00e9der \u00e0 la pr\u00e9sentation compl\u00e8te<\/a><\/p>\n<p><a href=\"https:\/\/www.canva.com\/design\/DAGiuIHv2h8\/AW08gA4AdkYOjkKd_KP2FQ\/view?utm_content=DAGiuIHv2h8&amp;utm_campaign=designshare&amp;utm_medium=link2&amp;utm_source=uniquelinks&amp;utlId=hdb7dd1dc93\"><img loading=\"lazy\" width=\"1530\" height=\"860\" class=\"aligncenter size-full wp-image-9227\" src=\"https:\/\/www.lyceelecorbusier.eu\/projets\/wp-content\/uploads\/sites\/8\/2025\/03\/Capture-decran-2025-03-26-a-18.13.23.png\" alt=\"\" srcset=\"https:\/\/www.lyceelecorbusier.eu\/projets\/wp-content\/uploads\/sites\/8\/2025\/03\/Capture-decran-2025-03-26-a-18.13.23.png 1530w, https:\/\/www.lyceelecorbusier.eu\/projets\/wp-content\/uploads\/sites\/8\/2025\/03\/Capture-decran-2025-03-26-a-18.13.23-300x169.png 300w, https:\/\/www.lyceelecorbusier.eu\/projets\/wp-content\/uploads\/sites\/8\/2025\/03\/Capture-decran-2025-03-26-a-18.13.23-1024x576.png 1024w, https:\/\/www.lyceelecorbusier.eu\/projets\/wp-content\/uploads\/sites\/8\/2025\/03\/Capture-decran-2025-03-26-a-18.13.23-768x432.png 768w, https:\/\/www.lyceelecorbusier.eu\/projets\/wp-content\/uploads\/sites\/8\/2025\/03\/Capture-decran-2025-03-26-a-18.13.23-960x540.png 960w\" sizes=\"(max-width: 1530px) 100vw, 1530px\" \/><\/a><\/p>\n<h5>Les expositions &#8220;Fake news et art&#8221; et &#8220;Fausses nouvelles&#8221; du CLEMI \u00e9taient \u00a0\u00e9galement propos\u00e9es cette ann\u00e9e dans le hall du b\u00e2timent C<\/h5>\n<p>&#8230;ainsi qu&#8217;un jeu Info\/Intox pour sensibiliser \u00e0 la question des manipulations de l&#8217;image sur internet.<\/p>\n\n\t\t<style type=\"text\/css\">\n\t\t\t#gallery-1 {\n\t\t\t\tmargin: auto;\n\t\t\t}\n\t\t\t#gallery-1 .gallery-item {\n\t\t\t\tfloat: left;\n\t\t\t\tmargin-top: 10px;\n\t\t\t\ttext-align: center;\n\t\t\t\twidth: 33%;\n\t\t\t}\n\t\t\t#gallery-1 img {\n\t\t\t\tborder: 2px solid #cfcfcf;\n\t\t\t}\n\t\t\t#gallery-1 .gallery-caption {\n\t\t\t\tmargin-left: 0;\n\t\t\t}\n\t\t\t\/* see gallery_shortcode() in wp-includes\/media.php *\/\n\t\t<\/style>\n\t\t<div id='gallery-1' class='gallery galleryid-9225 gallery-columns-3 gallery-size-full'><dl class='gallery-item'>\n\t\t\t<dt class='gallery-icon portrait'>\n\t\t\t\t<a href='https:\/\/www.lyceelecorbusier.eu\/projets\/?attachment_id=9228'><img width=\"756\" height=\"1246\" src=\"https:\/\/www.lyceelecorbusier.eu\/projets\/wp-content\/uploads\/sites\/8\/2025\/03\/Capture-decran-2025-03-26-a-18.16.08.png\" class=\"attachment-full size-full\" alt=\"\" loading=\"lazy\" srcset=\"https:\/\/www.lyceelecorbusier.eu\/projets\/wp-content\/uploads\/sites\/8\/2025\/03\/Capture-decran-2025-03-26-a-18.16.08.png 756w, https:\/\/www.lyceelecorbusier.eu\/projets\/wp-content\/uploads\/sites\/8\/2025\/03\/Capture-decran-2025-03-26-a-18.16.08-182x300.png 182w, https:\/\/www.lyceelecorbusier.eu\/projets\/wp-content\/uploads\/sites\/8\/2025\/03\/Capture-decran-2025-03-26-a-18.16.08-621x1024.png 621w, https:\/\/www.lyceelecorbusier.eu\/projets\/wp-content\/uploads\/sites\/8\/2025\/03\/Capture-decran-2025-03-26-a-18.16.08-728x1200.png 728w, https:\/\/www.lyceelecorbusier.eu\/projets\/wp-content\/uploads\/sites\/8\/2025\/03\/Capture-decran-2025-03-26-a-18.16.08-582x960.png 582w\" sizes=\"(max-width: 756px) 100vw, 756px\" \/><\/a>\n\t\t\t<\/dt><\/dl><dl class='gallery-item'>\n\t\t\t<dt class='gallery-icon portrait'>\n\t\t\t\t<a href='https:\/\/www.lyceelecorbusier.eu\/projets\/?attachment_id=9229'><img width=\"756\" height=\"1246\" src=\"https:\/\/www.lyceelecorbusier.eu\/projets\/wp-content\/uploads\/sites\/8\/2025\/03\/Capture-decran-2025-03-26-a-18.16.21.png\" class=\"attachment-full size-full\" alt=\"\" loading=\"lazy\" srcset=\"https:\/\/www.lyceelecorbusier.eu\/projets\/wp-content\/uploads\/sites\/8\/2025\/03\/Capture-decran-2025-03-26-a-18.16.21.png 756w, https:\/\/www.lyceelecorbusier.eu\/projets\/wp-content\/uploads\/sites\/8\/2025\/03\/Capture-decran-2025-03-26-a-18.16.21-182x300.png 182w, https:\/\/www.lyceelecorbusier.eu\/projets\/wp-content\/uploads\/sites\/8\/2025\/03\/Capture-decran-2025-03-26-a-18.16.21-621x1024.png 621w, https:\/\/www.lyceelecorbusier.eu\/projets\/wp-content\/uploads\/sites\/8\/2025\/03\/Capture-decran-2025-03-26-a-18.16.21-728x1200.png 728w, https:\/\/www.lyceelecorbusier.eu\/projets\/wp-content\/uploads\/sites\/8\/2025\/03\/Capture-decran-2025-03-26-a-18.16.21-582x960.png 582w\" sizes=\"(max-width: 756px) 100vw, 756px\" \/><\/a>\n\t\t\t<\/dt><\/dl><dl class='gallery-item'>\n\t\t\t<dt class='gallery-icon portrait'>\n\t\t\t\t<a href='https:\/\/www.lyceelecorbusier.eu\/projets\/?attachment_id=9230'><img width=\"756\" height=\"1246\" src=\"https:\/\/www.lyceelecorbusier.eu\/projets\/wp-content\/uploads\/sites\/8\/2025\/03\/Capture-decran-2025-03-26-a-18.16.52.png\" class=\"attachment-full size-full\" alt=\"\" loading=\"lazy\" srcset=\"https:\/\/www.lyceelecorbusier.eu\/projets\/wp-content\/uploads\/sites\/8\/2025\/03\/Capture-decran-2025-03-26-a-18.16.52.png 756w, https:\/\/www.lyceelecorbusier.eu\/projets\/wp-content\/uploads\/sites\/8\/2025\/03\/Capture-decran-2025-03-26-a-18.16.52-182x300.png 182w, https:\/\/www.lyceelecorbusier.eu\/projets\/wp-content\/uploads\/sites\/8\/2025\/03\/Capture-decran-2025-03-26-a-18.16.52-621x1024.png 621w, https:\/\/www.lyceelecorbusier.eu\/projets\/wp-content\/uploads\/sites\/8\/2025\/03\/Capture-decran-2025-03-26-a-18.16.52-728x1200.png 728w, https:\/\/www.lyceelecorbusier.eu\/projets\/wp-content\/uploads\/sites\/8\/2025\/03\/Capture-decran-2025-03-26-a-18.16.52-582x960.png 582w\" sizes=\"(max-width: 756px) 100vw, 756px\" \/><\/a>\n\t\t\t<\/dt><\/dl><br style=\"clear: both\" \/>\n\t\t<\/div>\n\n<p style=\"text-align: right\"><em>Laetitia Ory et Roseline Miniotti-Ulmer<\/em><\/p>\n","protected":false},"excerpt":{"rendered":"<p>Au CDI<\/p>\n","protected":false},"author":5,"featured_media":9231,"comment_status":"closed","ping_status":"closed","sticky":false,"template":"","format":"standard","meta":[],"categories":[28,11,4,6],"tags":[],"_links":{"self":[{"href":"https:\/\/www.lyceelecorbusier.eu\/projets\/index.php?rest_route=\/wp\/v2\/posts\/9225"}],"collection":[{"href":"https:\/\/www.lyceelecorbusier.eu\/projets\/index.php?rest_route=\/wp\/v2\/posts"}],"about":[{"href":"https:\/\/www.lyceelecorbusier.eu\/projets\/index.php?rest_route=\/wp\/v2\/types\/post"}],"author":[{"embeddable":true,"href":"https:\/\/www.lyceelecorbusier.eu\/projets\/index.php?rest_route=\/wp\/v2\/users\/5"}],"replies":[{"embeddable":true,"href":"https:\/\/www.lyceelecorbusier.eu\/projets\/index.php?rest_route=%2Fwp%2Fv2%2Fcomments&post=9225"}],"version-history":[{"count":2,"href":"https:\/\/www.lyceelecorbusier.eu\/projets\/index.php?rest_route=\/wp\/v2\/posts\/9225\/revisions"}],"predecessor-version":[{"id":9242,"href":"https:\/\/www.lyceelecorbusier.eu\/projets\/index.php?rest_route=\/wp\/v2\/posts\/9225\/revisions\/9242"}],"wp:featuredmedia":[{"embeddable":true,"href":"https:\/\/www.lyceelecorbusier.eu\/projets\/index.php?rest_route=\/wp\/v2\/media\/9231"}],"wp:attachment":[{"href":"https:\/\/www.lyceelecorbusier.eu\/projets\/index.php?rest_route=%2Fwp%2Fv2%2Fmedia&parent=9225"}],"wp:term":[{"taxonomy":"category","embeddable":true,"href":"https:\/\/www.lyceelecorbusier.eu\/projets\/index.php?rest_route=%2Fwp%2Fv2%2Fcategories&post=9225"},{"taxonomy":"post_tag","embeddable":true,"href":"https:\/\/www.lyceelecorbusier.eu\/projets\/index.php?rest_route=%2Fwp%2Fv2%2Ftags&post=9225"}],"curies":[{"name":"wp","href":"https:\/\/api.w.org\/{rel}","templated":true}]}}