{"id":9003,"date":"2024-10-14T15:35:18","date_gmt":"2024-10-14T14:35:18","guid":{"rendered":"https:\/\/www.lyceelecorbusier.eu\/projets\/?p=9003"},"modified":"2024-11-08T17:43:10","modified_gmt":"2024-11-08T16:43:10","slug":"galerie-de-portraits-horrifiques-au-cdi","status":"publish","type":"post","link":"https:\/\/www.lyceelecorbusier.eu\/projets\/?p=9003","title":{"rendered":"Galerie de portraits horrifiques au CDI !"},"content":{"rendered":"<h2 style=\"text-align: center\">A l&#8217;approche d&#8217;Halloween, certains adultes du lyc\u00e9e ont accept\u00e9 de montrer leur vrai visage&#8230;<\/h2>\n<div><\/div>\n<div>Pendant quelques semaines, \u00e9l\u00e8ves et membres du personnels sont invit\u00e9s \u00e0 d\u00e9couvrir au CDI leurs portraits horrifiques et leur s\u00e9lection de livres sur le th\u00e8me &#8220;horreur, magie et sorcellerie&#8221;.<\/div>\n<div><a href=\"https:\/\/www.canva.com\/design\/DAGSnyd4wkA\/jnGvUI-48hQBZc2TTenk2g\/view?utm_content=DAGSnyd4wkA&amp;utm_campaign=designshare&amp;utm_medium=link&amp;utm_source=editor\"><img loading=\"lazy\" width=\"1000\" height=\"637\" class=\"aligncenter size-full wp-image-9004\" src=\"https:\/\/www.lyceelecorbusier.eu\/projets\/wp-content\/uploads\/sites\/8\/2024\/10\/Capture.jpg\" alt=\"\" srcset=\"https:\/\/www.lyceelecorbusier.eu\/projets\/wp-content\/uploads\/sites\/8\/2024\/10\/Capture.jpg 1000w, https:\/\/www.lyceelecorbusier.eu\/projets\/wp-content\/uploads\/sites\/8\/2024\/10\/Capture-300x191.jpg 300w, https:\/\/www.lyceelecorbusier.eu\/projets\/wp-content\/uploads\/sites\/8\/2024\/10\/Capture-768x489.jpg 768w, https:\/\/www.lyceelecorbusier.eu\/projets\/wp-content\/uploads\/sites\/8\/2024\/10\/Capture-960x612.jpg 960w\" sizes=\"(max-width: 1000px) 100vw, 1000px\" \/><\/a><\/div>\n<div><\/div>\n<h2><strong>Les suggestions de lecture<\/strong><\/h2>\n<p>D\u00e9couvrez les portraits en d\u00e9tail et les conseils de lecture de chacun des membres du personnel en cliquant sur le visuel et en <a href=\"https:\/\/www.canva.com\/design\/DAGSnyd4wkA\/jnGvUI-48hQBZc2TTenk2g\/view?utm_content=DAGSnyd4wkA&amp;utm_campaign=designshare&amp;utm_medium=link&amp;utm_source=editor\">faisant d\u00e9filer les diapositives<\/a> :<\/p>\n<p><a href=\"https:\/\/www.canva.com\/design\/DAGSnyd4wkA\/jnGvUI-48hQBZc2TTenk2g\/view?utm_content=DAGSnyd4wkA&amp;utm_campaign=designshare&amp;utm_medium=link&amp;utm_source=editor\"><img loading=\"lazy\" width=\"1694\" height=\"964\" class=\"aligncenter size-full wp-image-9033\" src=\"https:\/\/www.lyceelecorbusier.eu\/projets\/wp-content\/uploads\/sites\/8\/2024\/10\/Capture-decran-2024-11-08-a-17.41.11.png\" alt=\"\" srcset=\"https:\/\/www.lyceelecorbusier.eu\/projets\/wp-content\/uploads\/sites\/8\/2024\/10\/Capture-decran-2024-11-08-a-17.41.11.png 1694w, https:\/\/www.lyceelecorbusier.eu\/projets\/wp-content\/uploads\/sites\/8\/2024\/10\/Capture-decran-2024-11-08-a-17.41.11-300x171.png 300w, https:\/\/www.lyceelecorbusier.eu\/projets\/wp-content\/uploads\/sites\/8\/2024\/10\/Capture-decran-2024-11-08-a-17.41.11-1024x583.png 1024w, https:\/\/www.lyceelecorbusier.eu\/projets\/wp-content\/uploads\/sites\/8\/2024\/10\/Capture-decran-2024-11-08-a-17.41.11-768x437.png 768w, https:\/\/www.lyceelecorbusier.eu\/projets\/wp-content\/uploads\/sites\/8\/2024\/10\/Capture-decran-2024-11-08-a-17.41.11-1536x874.png 1536w, https:\/\/www.lyceelecorbusier.eu\/projets\/wp-content\/uploads\/sites\/8\/2024\/10\/Capture-decran-2024-11-08-a-17.41.11-960x546.png 960w\" sizes=\"(max-width: 1694px) 100vw, 1694px\" \/><\/a><\/p>\n<h2><strong>Les votes<\/strong><\/h2>\n<div><\/div>\n<div><strong>Tout le monde &#8211; \u00e9l\u00e8ves, parents, autres membres du personnels..- a ensuite pu voter en ligne sur Pronote et au CDI dans une urne pr\u00e9vue \u00e0 cet effet, \u00a0pour son portrait pr\u00e9f\u00e9r\u00e9 <\/strong>et ce jusqu&#8217;au retour des vacances de la Toussaint.<\/div>\n<div><\/div>\n<div>A l&#8217;issue des votes, \u00e0 la rentr\u00e9e de novembre, les 3 portraits pr\u00e9f\u00e9r\u00e9s \u00e9taient :<\/div>\n<div><\/div>\n<div><img loading=\"lazy\" width=\"1200\" height=\"683\" class=\"aligncenter size-full wp-image-9034\" src=\"https:\/\/www.lyceelecorbusier.eu\/projets\/wp-content\/uploads\/sites\/8\/2024\/10\/Capture-decran-2024-11-08-a-17.42.22.png\" alt=\"\" srcset=\"https:\/\/www.lyceelecorbusier.eu\/projets\/wp-content\/uploads\/sites\/8\/2024\/10\/Capture-decran-2024-11-08-a-17.42.22.png 1200w, https:\/\/www.lyceelecorbusier.eu\/projets\/wp-content\/uploads\/sites\/8\/2024\/10\/Capture-decran-2024-11-08-a-17.42.22-300x171.png 300w, https:\/\/www.lyceelecorbusier.eu\/projets\/wp-content\/uploads\/sites\/8\/2024\/10\/Capture-decran-2024-11-08-a-17.42.22-1024x583.png 1024w, https:\/\/www.lyceelecorbusier.eu\/projets\/wp-content\/uploads\/sites\/8\/2024\/10\/Capture-decran-2024-11-08-a-17.42.22-768x437.png 768w, https:\/\/www.lyceelecorbusier.eu\/projets\/wp-content\/uploads\/sites\/8\/2024\/10\/Capture-decran-2024-11-08-a-17.42.22-960x546.png 960w\" sizes=\"(max-width: 1200px) 100vw, 1200px\" \/><\/div>\n<div><\/div>\n<div style=\"text-align: right\"><em>Une campagne de lecture imagin\u00e9e, ambianc\u00e9e et coordonn\u00e9e <\/em><\/div>\n<div style=\"text-align: right\"><em>par les professeures documentalistes, Mme Ory et Miniotti-Ulmer.<\/em><\/div>\n<div><\/div>\n<div><\/div>\n<div><\/div>\n<div><\/div>\n","protected":false},"excerpt":{"rendered":"<p>Halloween 2024 <\/p>\n","protected":false},"author":5,"featured_media":9005,"comment_status":"closed","ping_status":"closed","sticky":false,"template":"","format":"standard","meta":[],"categories":[28,11,6],"tags":[],"_links":{"self":[{"href":"https:\/\/www.lyceelecorbusier.eu\/projets\/index.php?rest_route=\/wp\/v2\/posts\/9003"}],"collection":[{"href":"https:\/\/www.lyceelecorbusier.eu\/projets\/index.php?rest_route=\/wp\/v2\/posts"}],"about":[{"href":"https:\/\/www.lyceelecorbusier.eu\/projets\/index.php?rest_route=\/wp\/v2\/types\/post"}],"author":[{"embeddable":true,"href":"https:\/\/www.lyceelecorbusier.eu\/projets\/index.php?rest_route=\/wp\/v2\/users\/5"}],"replies":[{"embeddable":true,"href":"https:\/\/www.lyceelecorbusier.eu\/projets\/index.php?rest_route=%2Fwp%2Fv2%2Fcomments&post=9003"}],"version-history":[{"count":5,"href":"https:\/\/www.lyceelecorbusier.eu\/projets\/index.php?rest_route=\/wp\/v2\/posts\/9003\/revisions"}],"predecessor-version":[{"id":9035,"href":"https:\/\/www.lyceelecorbusier.eu\/projets\/index.php?rest_route=\/wp\/v2\/posts\/9003\/revisions\/9035"}],"wp:featuredmedia":[{"embeddable":true,"href":"https:\/\/www.lyceelecorbusier.eu\/projets\/index.php?rest_route=\/wp\/v2\/media\/9005"}],"wp:attachment":[{"href":"https:\/\/www.lyceelecorbusier.eu\/projets\/index.php?rest_route=%2Fwp%2Fv2%2Fmedia&parent=9003"}],"wp:term":[{"taxonomy":"category","embeddable":true,"href":"https:\/\/www.lyceelecorbusier.eu\/projets\/index.php?rest_route=%2Fwp%2Fv2%2Fcategories&post=9003"},{"taxonomy":"post_tag","embeddable":true,"href":"https:\/\/www.lyceelecorbusier.eu\/projets\/index.php?rest_route=%2Fwp%2Fv2%2Ftags&post=9003"}],"curies":[{"name":"wp","href":"https:\/\/api.w.org\/{rel}","templated":true}]}}