{"id":7155,"date":"2021-01-05T14:43:14","date_gmt":"2021-01-05T13:43:14","guid":{"rendered":"https:\/\/www.lyceelecorbusier.eu\/projets\/?p=7155"},"modified":"2021-06-01T20:18:02","modified_gmt":"2021-06-01T19:18:02","slug":"le-calendrier-de-lavant-les-vacances-2020","status":"publish","type":"post","link":"https:\/\/www.lyceelecorbusier.eu\/projets\/?p=7155","title":{"rendered":"Le &#8220;calendrier de l&#8217;av(a)nt les vacances&#8221; 2020"},"content":{"rendered":"<h2 style=\"text-align: center\"><strong>Le &#8220;calendrier de l&#8217;av(a)nt les vacances&#8221; 2020 du CDI Corbu !<\/strong><\/h2>\n<p style=\"text-align: justify\">La 5\u00e8me \u00e9dition du jeu concours<a href=\"https:\/\/calendrier2020.weebly.com\"><strong> &#8220;Le Calendrier de l&#8217;av(a)nt les vacances du CDI Corbu&#8221;<\/strong><\/a> a eu beaucoup de succ\u00e8s. Comme l&#8217;an dernier, il s&#8217;agissait, chaque jour du mois de d\u00e9cembre, de reconna\u00eetre une personnalit\u00e9 ayant fait la une des journaux ou bien\u00a0une actualit\u00e9 survenue en 2020. Ce jeu, enti\u00e8rement con\u00e7u par les professeurs documentalistes du Corbusier, a pour objectif de d\u00e9velopper l&#8217;app\u00e9tence de nos jeunes pour l&#8217;actualit\u00e9 mais aussi de susciter la bonne humeur en fin d&#8217;ann\u00e9e et de participer au dynamisme de la communaut\u00e9 \u00e9ducative !<\/p>\n<h4><strong>D\u00e9couvrez le teaser du jeu :<\/strong><\/h4>\n<p><iframe loading=\"lazy\" title=\"Calendrier de l&#039;av(a)nt les vacances 2020 : teaser\" width=\"640\" height=\"360\" src=\"https:\/\/www.youtube.com\/embed\/krB6MJpYcRs?feature=oembed\" frameborder=\"0\" allow=\"accelerometer; autoplay; clipboard-write; encrypted-media; gyroscope; picture-in-picture\" allowfullscreen><\/iframe><\/p>\n<h4 style=\"text-align: justify\"><strong>Pour (re)voir les \u00e9nigmes mais aussi consulter les bonnes r\u00e9ponses de cette \u00e9dition 2021, rendez-vous sur le site web publi\u00e9 par les professeurs documentalistes :<\/strong><\/h4>\n<p style=\"text-align: center\"><a href=\"https:\/\/calendrier2020.weebly.com\"><strong>www.calendrier2020.weebly.com<\/strong><\/a><\/p>\n<p style=\"text-align: justify\">Presque 1500 r\u00e9ponses ont \u00e9t\u00e9 enregistr\u00e9es, puisqu&#8217;en plus des \u00e9l\u00e8ves, nombreux \u00e9taient les membres du personnel et les parents qui se sont connect\u00e9s chaque jour pour d\u00e9couvrir les \u00e9nigmes et les indices (images, puzzle, indice sonore, montage infographique&#8230;) et ainsi tenter leur chance !<\/p>\n<p><img loading=\"lazy\" class=\"aligncenter wp-image-7159\" src=\"https:\/\/www.lyceelecorbusier.eu\/projets\/wp-content\/uploads\/sites\/8\/2021\/01\/IMG_30BE94B14BE2-1.jpeg\" alt=\"\" width=\"679\" height=\"670\" srcset=\"https:\/\/www.lyceelecorbusier.eu\/projets\/wp-content\/uploads\/sites\/8\/2021\/01\/IMG_30BE94B14BE2-1.jpeg 750w, https:\/\/www.lyceelecorbusier.eu\/projets\/wp-content\/uploads\/sites\/8\/2021\/01\/IMG_30BE94B14BE2-1-300x296.jpeg 300w\" sizes=\"(max-width: 679px) 100vw, 679px\" \/><\/p>\n<p style=\"text-align: justify\">Le corrig\u00e9 avec les bonnes r\u00e9ponses aux \u00e9nigmes mais aussi des suggestions de lecture en regard de chaque sujet abord\u00e9 par ce calendrier a \u00e9t\u00e9 publi\u00e9 d\u00e8s la rentr\u00e9e !<\/p>\n<p><img loading=\"lazy\" class=\"aligncenter wp-image-7160 size-full\" src=\"https:\/\/www.lyceelecorbusier.eu\/projets\/wp-content\/uploads\/sites\/8\/2021\/01\/3.png\" alt=\"\" width=\"800\" height=\"566\" srcset=\"https:\/\/www.lyceelecorbusier.eu\/projets\/wp-content\/uploads\/sites\/8\/2021\/01\/3.png 800w, https:\/\/www.lyceelecorbusier.eu\/projets\/wp-content\/uploads\/sites\/8\/2021\/01\/3-300x212.png 300w, https:\/\/www.lyceelecorbusier.eu\/projets\/wp-content\/uploads\/sites\/8\/2021\/01\/3-768x543.png 768w\" sizes=\"(max-width: 800px) 100vw, 800px\" \/><\/p>\n<p style=\"text-align: justify\">Les &#8220;incollables sur l&#8217;actualit\u00e9 2020&#8221; ainsi que quelques participants m\u00e9ritants pour leur pugnacit\u00e9, ont \u00e9t\u00e9 r\u00e9compens\u00e9s par des cartes cadeaux de 10 voire 20\u20ac pour acheter un livre en librairie, des ouvrages choisis pour eux, ou encore par quelques goodies du CDI !<\/p>\n<p><strong>Le projet a b\u00e9n\u00e9fici\u00e9 du soutien financier de la R\u00e9gion Grand Est (achat de r\u00e9compenses pour les gagnants)<\/strong><\/p>\n<p style=\"text-align: right\"><em>Laetitia Ory, professeure documentaliste<\/em><\/p>\n\n\t\t<style type=\"text\/css\">\n\t\t\t#gallery-1 {\n\t\t\t\tmargin: auto;\n\t\t\t}\n\t\t\t#gallery-1 .gallery-item {\n\t\t\t\tfloat: left;\n\t\t\t\tmargin-top: 10px;\n\t\t\t\ttext-align: center;\n\t\t\t\twidth: 50%;\n\t\t\t}\n\t\t\t#gallery-1 img {\n\t\t\t\tborder: 2px solid #cfcfcf;\n\t\t\t}\n\t\t\t#gallery-1 .gallery-caption {\n\t\t\t\tmargin-left: 0;\n\t\t\t}\n\t\t\t\/* see gallery_shortcode() in wp-includes\/media.php *\/\n\t\t<\/style>\n\t\t<div id='gallery-1' class='gallery galleryid-7155 gallery-columns-2 gallery-size-full'><dl class='gallery-item'>\n\t\t\t<dt class='gallery-icon landscape'>\n\t\t\t\t<a href='https:\/\/www.lyceelecorbusier.eu\/projets\/wp-content\/uploads\/sites\/8\/2021\/01\/1.png'><img width=\"800\" height=\"566\" src=\"https:\/\/www.lyceelecorbusier.eu\/projets\/wp-content\/uploads\/sites\/8\/2021\/01\/1.png\" class=\"attachment-full size-full\" alt=\"\" loading=\"lazy\" srcset=\"https:\/\/www.lyceelecorbusier.eu\/projets\/wp-content\/uploads\/sites\/8\/2021\/01\/1.png 800w, https:\/\/www.lyceelecorbusier.eu\/projets\/wp-content\/uploads\/sites\/8\/2021\/01\/1-300x212.png 300w, https:\/\/www.lyceelecorbusier.eu\/projets\/wp-content\/uploads\/sites\/8\/2021\/01\/1-768x543.png 768w\" sizes=\"(max-width: 800px) 100vw, 800px\" \/><\/a>\n\t\t\t<\/dt><\/dl><dl class='gallery-item'>\n\t\t\t<dt class='gallery-icon landscape'>\n\t\t\t\t<a href='https:\/\/www.lyceelecorbusier.eu\/projets\/wp-content\/uploads\/sites\/8\/2021\/01\/2.png'><img width=\"800\" height=\"566\" src=\"https:\/\/www.lyceelecorbusier.eu\/projets\/wp-content\/uploads\/sites\/8\/2021\/01\/2.png\" class=\"attachment-full size-full\" alt=\"\" loading=\"lazy\" srcset=\"https:\/\/www.lyceelecorbusier.eu\/projets\/wp-content\/uploads\/sites\/8\/2021\/01\/2.png 800w, https:\/\/www.lyceelecorbusier.eu\/projets\/wp-content\/uploads\/sites\/8\/2021\/01\/2-300x212.png 300w, https:\/\/www.lyceelecorbusier.eu\/projets\/wp-content\/uploads\/sites\/8\/2021\/01\/2-768x543.png 768w\" sizes=\"(max-width: 800px) 100vw, 800px\" \/><\/a>\n\t\t\t<\/dt><\/dl><br style=\"clear: both\" \/>\n\t\t<\/div>\n\n<p>&nbsp;<\/p>\n","protected":false},"excerpt":{"rendered":"<p>Le jeu concours du CDI en d\u00e9cembre !<\/p>\n","protected":false},"author":5,"featured_media":7163,"comment_status":"closed","ping_status":"closed","sticky":false,"template":"","format":"standard","meta":[],"categories":[22,11,4,6],"tags":[],"_links":{"self":[{"href":"https:\/\/www.lyceelecorbusier.eu\/projets\/index.php?rest_route=\/wp\/v2\/posts\/7155"}],"collection":[{"href":"https:\/\/www.lyceelecorbusier.eu\/projets\/index.php?rest_route=\/wp\/v2\/posts"}],"about":[{"href":"https:\/\/www.lyceelecorbusier.eu\/projets\/index.php?rest_route=\/wp\/v2\/types\/post"}],"author":[{"embeddable":true,"href":"https:\/\/www.lyceelecorbusier.eu\/projets\/index.php?rest_route=\/wp\/v2\/users\/5"}],"replies":[{"embeddable":true,"href":"https:\/\/www.lyceelecorbusier.eu\/projets\/index.php?rest_route=%2Fwp%2Fv2%2Fcomments&post=7155"}],"version-history":[{"count":7,"href":"https:\/\/www.lyceelecorbusier.eu\/projets\/index.php?rest_route=\/wp\/v2\/posts\/7155\/revisions"}],"predecessor-version":[{"id":7383,"href":"https:\/\/www.lyceelecorbusier.eu\/projets\/index.php?rest_route=\/wp\/v2\/posts\/7155\/revisions\/7383"}],"wp:featuredmedia":[{"embeddable":true,"href":"https:\/\/www.lyceelecorbusier.eu\/projets\/index.php?rest_route=\/wp\/v2\/media\/7163"}],"wp:attachment":[{"href":"https:\/\/www.lyceelecorbusier.eu\/projets\/index.php?rest_route=%2Fwp%2Fv2%2Fmedia&parent=7155"}],"wp:term":[{"taxonomy":"category","embeddable":true,"href":"https:\/\/www.lyceelecorbusier.eu\/projets\/index.php?rest_route=%2Fwp%2Fv2%2Fcategories&post=7155"},{"taxonomy":"post_tag","embeddable":true,"href":"https:\/\/www.lyceelecorbusier.eu\/projets\/index.php?rest_route=%2Fwp%2Fv2%2Ftags&post=7155"}],"curies":[{"name":"wp","href":"https:\/\/api.w.org\/{rel}","templated":true}]}}