{"id":7012,"date":"2020-05-26T14:45:53","date_gmt":"2020-05-26T13:45:53","guid":{"rendered":"https:\/\/www.lyceelecorbusier.eu\/projets\/?p=7012"},"modified":"2020-06-13T11:33:29","modified_gmt":"2020-06-13T10:33:29","slug":"des-nouvelles-pour-sauver-la-planete","status":"publish","type":"post","link":"https:\/\/www.lyceelecorbusier.eu\/projets\/?p=7012","title":{"rendered":"Des nouvelles pour sauver la plan\u00e8te"},"content":{"rendered":"<h3 style=\"text-align: center\">Apr\u00e8s plusieurs mois de travail, les membres du lyc\u00e9e ont pu voter pour leurs nouvelles pr\u00e9f\u00e9r\u00e9es <a href=\"https:\/\/nouvelles2gt4.weebly.com\/\">\u00e9crites par les 2GT4<\/a><\/h3>\n\n\t\t<style type=\"text\/css\">\n\t\t\t#gallery-1 {\n\t\t\t\tmargin: auto;\n\t\t\t}\n\t\t\t#gallery-1 .gallery-item {\n\t\t\t\tfloat: left;\n\t\t\t\tmargin-top: 10px;\n\t\t\t\ttext-align: center;\n\t\t\t\twidth: 50%;\n\t\t\t}\n\t\t\t#gallery-1 img {\n\t\t\t\tborder: 2px solid #cfcfcf;\n\t\t\t}\n\t\t\t#gallery-1 .gallery-caption {\n\t\t\t\tmargin-left: 0;\n\t\t\t}\n\t\t\t\/* see gallery_shortcode() in wp-includes\/media.php *\/\n\t\t<\/style>\n\t\t<div id='gallery-1' class='gallery galleryid-7012 gallery-columns-2 gallery-size-large'><dl class='gallery-item'>\n\t\t\t<dt class='gallery-icon landscape'>\n\t\t\t\t<img width=\"640\" height=\"406\" src=\"https:\/\/www.lyceelecorbusier.eu\/projets\/wp-content\/uploads\/sites\/8\/2020\/05\/EY8t0MyVAAAAhT3-1024x650.jpeg\" class=\"attachment-large size-large\" alt=\"\" loading=\"lazy\" srcset=\"https:\/\/www.lyceelecorbusier.eu\/projets\/wp-content\/uploads\/sites\/8\/2020\/05\/EY8t0MyVAAAAhT3-1024x650.jpeg 1024w, https:\/\/www.lyceelecorbusier.eu\/projets\/wp-content\/uploads\/sites\/8\/2020\/05\/EY8t0MyVAAAAhT3-300x190.jpeg 300w, https:\/\/www.lyceelecorbusier.eu\/projets\/wp-content\/uploads\/sites\/8\/2020\/05\/EY8t0MyVAAAAhT3-768x487.jpeg 768w, https:\/\/www.lyceelecorbusier.eu\/projets\/wp-content\/uploads\/sites\/8\/2020\/05\/EY8t0MyVAAAAhT3-960x609.jpeg 960w, https:\/\/www.lyceelecorbusier.eu\/projets\/wp-content\/uploads\/sites\/8\/2020\/05\/EY8t0MyVAAAAhT3.jpeg 1062w\" sizes=\"(max-width: 640px) 100vw, 640px\" \/>\n\t\t\t<\/dt><\/dl><dl class='gallery-item'>\n\t\t\t<dt class='gallery-icon landscape'>\n\t\t\t\t<img width=\"640\" height=\"406\" src=\"https:\/\/www.lyceelecorbusier.eu\/projets\/wp-content\/uploads\/sites\/8\/2020\/05\/EY8t0MyXgAAv7vx-1024x650.jpeg\" class=\"attachment-large size-large\" alt=\"\" loading=\"lazy\" srcset=\"https:\/\/www.lyceelecorbusier.eu\/projets\/wp-content\/uploads\/sites\/8\/2020\/05\/EY8t0MyXgAAv7vx-1024x650.jpeg 1024w, https:\/\/www.lyceelecorbusier.eu\/projets\/wp-content\/uploads\/sites\/8\/2020\/05\/EY8t0MyXgAAv7vx-300x190.jpeg 300w, https:\/\/www.lyceelecorbusier.eu\/projets\/wp-content\/uploads\/sites\/8\/2020\/05\/EY8t0MyXgAAv7vx-768x487.jpeg 768w, https:\/\/www.lyceelecorbusier.eu\/projets\/wp-content\/uploads\/sites\/8\/2020\/05\/EY8t0MyXgAAv7vx-960x609.jpeg 960w, https:\/\/www.lyceelecorbusier.eu\/projets\/wp-content\/uploads\/sites\/8\/2020\/05\/EY8t0MyXgAAv7vx.jpeg 1062w\" sizes=\"(max-width: 640px) 100vw, 640px\" \/>\n\t\t\t<\/dt><\/dl><br style=\"clear: both\" \/>\n\t\t<\/div>\n\n<h4 style=\"text-align: justify\"><strong>Un projet d\u2019\u00e9criture pour sensibiliser \u00e0 la protection de l\u2019environnement\u00a0\u00a0<\/strong><\/h4>\n<p style=\"text-align: justify\">D\u00e8s le mois de d\u00e9cembre, les \u00e9l\u00e8ves de 2GT4, encadr\u00e9s par Mme Barthel, professeure de fran\u00e7ais, et Mme Roche, professeure documentaliste, avaient entam\u00e9 un travail d\u2019\u00e9criture de nouvelles sur le th\u00e8me de la protection de l\u2019environnement.<\/p>\n<p style=\"text-align: justify\">Fin janvier, <a href=\"https:\/\/www.lyceelecorbusier.eu\/projets\/?p=6859\">ils rencontraient l\u2019auteur strasbourgeois L\u00e9o Henry<\/a>, dont les pr\u00e9cieux conseils ont \u00e9t\u00e9 tr\u00e8s appr\u00e9ci\u00e9s par la classe pour les aider dans leur d\u00e9marche d\u2019\u00e9criture.<\/p>\n<h4 style=\"text-align: justify\"><strong>Un concours pour \u00e9lire les meilleures nouvelles<\/strong><\/h4>\n<p style=\"text-align: justify\">Avec l\u2019outil collaboratif Framapad, les \u00e9l\u00e8ves, r\u00e9partis par groupes de 1 \u00e0 3, ont travaill\u00e9 pendant plusieurs semaines sur leurs nouvelles respectives.<\/p>\n<p style=\"text-align: justify\">Celles-ci ont \u00e9t\u00e9 r\u00e9unies sur un site internet d\u00e9di\u00e9\u00a0: <a href=\"https:\/\/nouvelles2gt4.weebly.com\/\">https:\/\/nouvelles2gt4.weebly.com\/<\/a>. Un teaser d\u00e9voilait les titres des nouvelles et les pseudonymes des auteurs pour susciter l\u2019envie de lire aux votants\u00a0:<\/p>\n<p style=\"text-align: justify\"><a href=\"https:\/\/youtu.be\/dlIrBRprf6Q\">https:\/\/youtu.be\/dlIrBRprf6Q<\/a><\/p>\n<p><iframe loading=\"lazy\" title=\"Des nouvelles pour sauver la plan\u00e8te : votez pour vos nouvelles pr\u00e9f\u00e9r\u00e9es !\" width=\"640\" height=\"480\" src=\"https:\/\/www.youtube.com\/embed\/dlIrBRprf6Q?feature=oembed\" frameborder=\"0\" allow=\"accelerometer; autoplay; encrypted-media; gyroscope; picture-in-picture\" allowfullscreen><\/iframe><\/p>\n<p style=\"text-align: justify\">El\u00e8ves, parents d\u2019\u00e9l\u00e8ves et personnels du lyc\u00e9e \u00e9taient tous invit\u00e9s \u00e0 lire les nouvelles \u00e9crites par nos \u00e9crivains en herbe et voter pour leurs nouvelles pr\u00e9f\u00e9r\u00e9es. Apr\u00e8s plusieurs semaines de votes, le palmar\u00e8s est tomb\u00e9, r\u00e9compensant 5 nouvelles pl\u00e9biscit\u00e9es par les votants\u00a0!<\/p>\n<p style=\"text-align: justify\">Les \u00e9l\u00e8ves laur\u00e9ats auront le privil\u00e8ge de recevoir des cartes cadeaux pour faire leurs prochains achats livresques \u00e0 la librairie Kl\u00e9ber\u00a0!<\/p>\n<p><img loading=\"lazy\" width=\"800\" height=\"800\" class=\"aligncenter size-full wp-image-7013\" src=\"https:\/\/www.lyceelecorbusier.eu\/projets\/wp-content\/uploads\/sites\/8\/2020\/05\/resultats-nouvelles1.png\" alt=\"\" srcset=\"https:\/\/www.lyceelecorbusier.eu\/projets\/wp-content\/uploads\/sites\/8\/2020\/05\/resultats-nouvelles1.png 800w, https:\/\/www.lyceelecorbusier.eu\/projets\/wp-content\/uploads\/sites\/8\/2020\/05\/resultats-nouvelles1-300x300.png 300w, https:\/\/www.lyceelecorbusier.eu\/projets\/wp-content\/uploads\/sites\/8\/2020\/05\/resultats-nouvelles1-150x150.png 150w, https:\/\/www.lyceelecorbusier.eu\/projets\/wp-content\/uploads\/sites\/8\/2020\/05\/resultats-nouvelles1-768x768.png 768w, https:\/\/www.lyceelecorbusier.eu\/projets\/wp-content\/uploads\/sites\/8\/2020\/05\/resultats-nouvelles1-720x720.png 720w\" sizes=\"(max-width: 800px) 100vw, 800px\" \/><\/p>\n<h4 style=\"text-align: justify\"><strong>Une participation au concours du Prix de la Nouvelle Litt\u00e9raire<\/strong><\/h4>\n<p style=\"text-align: justify\">Parall\u00e8lement au concours au sein du lyc\u00e9e, certains \u00e9l\u00e8ves ont tent\u00e9 leur chance en soumettant leur \u0153uvre au concours du <a href=\"https:\/\/www.jeanmoulin-forbach.fr\/pnl\/\">Prix de la Nouvelle Litt\u00e9raire<\/a> organis\u00e9 par la cit\u00e9 scolaire Jean Moulin de Forbach. Le palmar\u00e8s n\u2019est pas encore connu, mais la nouvelle \u00ab\u00a0Deux heures pour vivre\u00a0\u00bb de Taesthyk, premi\u00e8re de notre concours corbus\u00e9en, a \u00e9t\u00e9 retenue parmi les 20 finalistes. Nous croisons les doigts pour qu\u2019elle continue son ascension\u00a0!<\/p>\n<p style=\"text-align: justify\">Nous f\u00e9licitons chaleureusement tous les \u00e9l\u00e8ves pour leur implication dans ce beau projet d\u2019\u00e9criture\u00a0!<\/p>\n<p style=\"text-align: right\">Mme Roche &amp; Mme Barthel<\/p>\n","protected":false},"excerpt":{"rendered":"<p>Le concours de nouvelles des 2GT4<\/p>\n","protected":false},"author":5,"featured_media":7015,"comment_status":"closed","ping_status":"closed","sticky":false,"template":"","format":"standard","meta":[],"categories":[21,11,4,6],"tags":[],"_links":{"self":[{"href":"https:\/\/www.lyceelecorbusier.eu\/projets\/index.php?rest_route=\/wp\/v2\/posts\/7012"}],"collection":[{"href":"https:\/\/www.lyceelecorbusier.eu\/projets\/index.php?rest_route=\/wp\/v2\/posts"}],"about":[{"href":"https:\/\/www.lyceelecorbusier.eu\/projets\/index.php?rest_route=\/wp\/v2\/types\/post"}],"author":[{"embeddable":true,"href":"https:\/\/www.lyceelecorbusier.eu\/projets\/index.php?rest_route=\/wp\/v2\/users\/5"}],"replies":[{"embeddable":true,"href":"https:\/\/www.lyceelecorbusier.eu\/projets\/index.php?rest_route=%2Fwp%2Fv2%2Fcomments&post=7012"}],"version-history":[{"count":4,"href":"https:\/\/www.lyceelecorbusier.eu\/projets\/index.php?rest_route=\/wp\/v2\/posts\/7012\/revisions"}],"predecessor-version":[{"id":7073,"href":"https:\/\/www.lyceelecorbusier.eu\/projets\/index.php?rest_route=\/wp\/v2\/posts\/7012\/revisions\/7073"}],"wp:featuredmedia":[{"embeddable":true,"href":"https:\/\/www.lyceelecorbusier.eu\/projets\/index.php?rest_route=\/wp\/v2\/media\/7015"}],"wp:attachment":[{"href":"https:\/\/www.lyceelecorbusier.eu\/projets\/index.php?rest_route=%2Fwp%2Fv2%2Fmedia&parent=7012"}],"wp:term":[{"taxonomy":"category","embeddable":true,"href":"https:\/\/www.lyceelecorbusier.eu\/projets\/index.php?rest_route=%2Fwp%2Fv2%2Fcategories&post=7012"},{"taxonomy":"post_tag","embeddable":true,"href":"https:\/\/www.lyceelecorbusier.eu\/projets\/index.php?rest_route=%2Fwp%2Fv2%2Ftags&post=7012"}],"curies":[{"name":"wp","href":"https:\/\/api.w.org\/{rel}","templated":true}]}}