{"id":6991,"date":"2020-04-27T13:22:15","date_gmt":"2020-04-27T12:22:15","guid":{"rendered":"https:\/\/www.lyceelecorbusier.eu\/projets\/?p=6991"},"modified":"2020-06-13T11:34:03","modified_gmt":"2020-06-13T10:34:03","slug":"une-conference-sur-la-machine-enigma","status":"publish","type":"post","link":"https:\/\/www.lyceelecorbusier.eu\/projets\/?p=6991","title":{"rendered":"Une conf\u00e9rence sur la machine Enigma"},"content":{"rendered":"<h3 style=\"text-align: center\">Une conf\u00e9rence sur la machine Enigma le 12 mars dernier au lyc\u00e9e Le Corbusier<\/h3>\n<p style=\"text-align: justify\">Edmond Kern est venu, le 12 mars 2020, pr\u00e9senter une v\u00e9ritable machine Enigma, aux \u00e9l\u00e8ves de Seconde section europ\u00e9enne, de Premi\u00e8re STI2D, de Premi\u00e8re G\u00e9n\u00e9rale, ainsi qu\u2019\u00e0 nos \u00e9l\u00e8ves invit\u00e9s de Quatri\u00e8me du coll\u00e8ge Mandela, accompagn\u00e9s de Madame Acciari et Monsieur Ziam. Cette manifestation a \u00e9t\u00e9 organis\u00e9e dans le cadre de la Semaine des Math\u00e9matiques par Mme Morand et de l\u2019\u00e9change Erasmus franco-allemand g\u00e9r\u00e9 par Monsieur Andlauer.<\/p>\n<p style=\"text-align: justify\">Conf\u00e9rencier passionn\u00e9 et passionnant, Edmond Kern fait partie de l\u2019association <a href=\"http:\/\/ancmeca.org\">ANCMECA<\/a> (association nationale des collectionneurs de machines \u00e0 \u00e9crire et \u00e0 calculer m\u00e9caniques) et a \u00e9galement pr\u00e9sent\u00e9 et fait fonctionner deux autres machines tr\u00e8s rares de codage.<\/p>\n<p style=\"text-align: justify\">Monsieur Kern a expliqu\u00e9 l\u2019historique de cette fameuse et fascinante machine qu\u2019est Enigma, ainsi que son fonctionnement m\u00e9canique et \u00e9lectrique. Elle a principalement servie \u00e0 l\u2019arm\u00e9e allemande \u00e0 coder ses messages pendant la Seconde Guerre Mondiale\u00a0; le d\u00e9codage r\u00e9ussi par l\u2019\u00e9quipe du math\u00e9maticien anglais Alan Turing a constitu\u00e9 un tournant d\u00e9cisif dans la victoire des Alli\u00e9s.<br \/>\nIl n\u2019existe plus que peu de mod\u00e8les dans le monde et surtout dans un si bon \u00e9tat de restauration, la plupart ayant \u00e9t\u00e9 d\u00e9truits. En plus d\u2019en voir une en vrai, les \u00e9l\u00e8ves ont m\u00eame pu tester\u00a0la machine : c\u2019est un rare privil\u00e8ge\u00a0!<\/p>\n<p style=\"text-align: justify\">Tous nos remerciements \u00e0 Monsieur Kern (qui devrait revenir l\u2019an prochain pour animer des ateliers \u2026).<\/p>\n<p style=\"text-align: justify\"><em>Armelle Morand, professeure de Math\u00e9matiques<\/em><\/p>\n<p><img loading=\"lazy\" width=\"1024\" height=\"576\" class=\"aligncenter size-full wp-image-7004\" src=\"https:\/\/www.lyceelecorbusier.eu\/projets\/wp-content\/uploads\/sites\/8\/2020\/04\/10-Conf-Enigma-12.03.20-Codage-par-les-\u201alSves.jpg\" alt=\"\" srcset=\"https:\/\/www.lyceelecorbusier.eu\/projets\/wp-content\/uploads\/sites\/8\/2020\/04\/10-Conf-Enigma-12.03.20-Codage-par-les-\u201alSves.jpg 1024w, https:\/\/www.lyceelecorbusier.eu\/projets\/wp-content\/uploads\/sites\/8\/2020\/04\/10-Conf-Enigma-12.03.20-Codage-par-les-\u201alSves-300x169.jpg 300w, https:\/\/www.lyceelecorbusier.eu\/projets\/wp-content\/uploads\/sites\/8\/2020\/04\/10-Conf-Enigma-12.03.20-Codage-par-les-\u201alSves-768x432.jpg 768w, https:\/\/www.lyceelecorbusier.eu\/projets\/wp-content\/uploads\/sites\/8\/2020\/04\/10-Conf-Enigma-12.03.20-Codage-par-les-\u201alSves-960x540.jpg 960w\" sizes=\"(max-width: 1024px) 100vw, 1024px\" \/><\/p>\n<p><img loading=\"lazy\" width=\"1024\" height=\"768\" class=\"aligncenter size-full wp-image-7003\" src=\"https:\/\/www.lyceelecorbusier.eu\/projets\/wp-content\/uploads\/sites\/8\/2020\/04\/8-Conf-Enigma-12.03.20-Codage-avec-une-2\u78bae-machine.jpg\" alt=\"\" srcset=\"https:\/\/www.lyceelecorbusier.eu\/projets\/wp-content\/uploads\/sites\/8\/2020\/04\/8-Conf-Enigma-12.03.20-Codage-avec-une-2\u78bae-machine.jpg 1024w, https:\/\/www.lyceelecorbusier.eu\/projets\/wp-content\/uploads\/sites\/8\/2020\/04\/8-Conf-Enigma-12.03.20-Codage-avec-une-2\u78bae-machine-300x225.jpg 300w, https:\/\/www.lyceelecorbusier.eu\/projets\/wp-content\/uploads\/sites\/8\/2020\/04\/8-Conf-Enigma-12.03.20-Codage-avec-une-2\u78bae-machine-768x576.jpg 768w, https:\/\/www.lyceelecorbusier.eu\/projets\/wp-content\/uploads\/sites\/8\/2020\/04\/8-Conf-Enigma-12.03.20-Codage-avec-une-2\u78bae-machine-960x720.jpg 960w\" sizes=\"(max-width: 1024px) 100vw, 1024px\" \/><\/p>\n\n\t\t<style type=\"text\/css\">\n\t\t\t#gallery-1 {\n\t\t\t\tmargin: auto;\n\t\t\t}\n\t\t\t#gallery-1 .gallery-item {\n\t\t\t\tfloat: left;\n\t\t\t\tmargin-top: 10px;\n\t\t\t\ttext-align: center;\n\t\t\t\twidth: 50%;\n\t\t\t}\n\t\t\t#gallery-1 img {\n\t\t\t\tborder: 2px solid #cfcfcf;\n\t\t\t}\n\t\t\t#gallery-1 .gallery-caption {\n\t\t\t\tmargin-left: 0;\n\t\t\t}\n\t\t\t\/* see gallery_shortcode() in wp-includes\/media.php *\/\n\t\t<\/style>\n\t\t<div id='gallery-1' class='gallery galleryid-6991 gallery-columns-2 gallery-size-full'><dl class='gallery-item'>\n\t\t\t<dt class='gallery-icon landscape'>\n\t\t\t\t<img width=\"1024\" height=\"576\" src=\"https:\/\/www.lyceelecorbusier.eu\/projets\/wp-content\/uploads\/sites\/8\/2020\/04\/1-Conf-Enigma-12.03.20-D\u4fe0ut.jpg\" class=\"attachment-full size-full\" alt=\"\" loading=\"lazy\" srcset=\"https:\/\/www.lyceelecorbusier.eu\/projets\/wp-content\/uploads\/sites\/8\/2020\/04\/1-Conf-Enigma-12.03.20-D\u4fe0ut.jpg 1024w, https:\/\/www.lyceelecorbusier.eu\/projets\/wp-content\/uploads\/sites\/8\/2020\/04\/1-Conf-Enigma-12.03.20-D\u4fe0ut-300x169.jpg 300w, https:\/\/www.lyceelecorbusier.eu\/projets\/wp-content\/uploads\/sites\/8\/2020\/04\/1-Conf-Enigma-12.03.20-D\u4fe0ut-768x432.jpg 768w, https:\/\/www.lyceelecorbusier.eu\/projets\/wp-content\/uploads\/sites\/8\/2020\/04\/1-Conf-Enigma-12.03.20-D\u4fe0ut-960x540.jpg 960w\" sizes=\"(max-width: 1024px) 100vw, 1024px\" \/>\n\t\t\t<\/dt><\/dl><dl class='gallery-item'>\n\t\t\t<dt class='gallery-icon landscape'>\n\t\t\t\t<img width=\"1024\" height=\"576\" src=\"https:\/\/www.lyceelecorbusier.eu\/projets\/wp-content\/uploads\/sites\/8\/2020\/04\/3-Conf-Enigma-12.03.20-Pr\u201asentation-ext\u201arieure-de-la-machine.jpg\" class=\"attachment-full size-full\" alt=\"\" loading=\"lazy\" srcset=\"https:\/\/www.lyceelecorbusier.eu\/projets\/wp-content\/uploads\/sites\/8\/2020\/04\/3-Conf-Enigma-12.03.20-Pr\u201asentation-ext\u201arieure-de-la-machine.jpg 1024w, https:\/\/www.lyceelecorbusier.eu\/projets\/wp-content\/uploads\/sites\/8\/2020\/04\/3-Conf-Enigma-12.03.20-Pr\u201asentation-ext\u201arieure-de-la-machine-300x169.jpg 300w, https:\/\/www.lyceelecorbusier.eu\/projets\/wp-content\/uploads\/sites\/8\/2020\/04\/3-Conf-Enigma-12.03.20-Pr\u201asentation-ext\u201arieure-de-la-machine-768x432.jpg 768w, https:\/\/www.lyceelecorbusier.eu\/projets\/wp-content\/uploads\/sites\/8\/2020\/04\/3-Conf-Enigma-12.03.20-Pr\u201asentation-ext\u201arieure-de-la-machine-960x540.jpg 960w\" sizes=\"(max-width: 1024px) 100vw, 1024px\" \/>\n\t\t\t<\/dt><\/dl><br style=\"clear: both\" \/><dl class='gallery-item'>\n\t\t\t<dt class='gallery-icon landscape'>\n\t\t\t\t<img width=\"1024\" height=\"576\" src=\"https:\/\/www.lyceelecorbusier.eu\/projets\/wp-content\/uploads\/sites\/8\/2020\/04\/4-Conf-Enigma-12.03.20-Pr\u201asentation-de-lint\u201arieur-\u201alectrique-de-la-machine.jpg\" class=\"attachment-full size-full\" alt=\"\" loading=\"lazy\" srcset=\"https:\/\/www.lyceelecorbusier.eu\/projets\/wp-content\/uploads\/sites\/8\/2020\/04\/4-Conf-Enigma-12.03.20-Pr\u201asentation-de-lint\u201arieur-\u201alectrique-de-la-machine.jpg 1024w, https:\/\/www.lyceelecorbusier.eu\/projets\/wp-content\/uploads\/sites\/8\/2020\/04\/4-Conf-Enigma-12.03.20-Pr\u201asentation-de-lint\u201arieur-\u201alectrique-de-la-machine-300x169.jpg 300w, https:\/\/www.lyceelecorbusier.eu\/projets\/wp-content\/uploads\/sites\/8\/2020\/04\/4-Conf-Enigma-12.03.20-Pr\u201asentation-de-lint\u201arieur-\u201alectrique-de-la-machine-768x432.jpg 768w, https:\/\/www.lyceelecorbusier.eu\/projets\/wp-content\/uploads\/sites\/8\/2020\/04\/4-Conf-Enigma-12.03.20-Pr\u201asentation-de-lint\u201arieur-\u201alectrique-de-la-machine-960x540.jpg 960w\" sizes=\"(max-width: 1024px) 100vw, 1024px\" \/>\n\t\t\t<\/dt><\/dl><dl class='gallery-item'>\n\t\t\t<dt class='gallery-icon landscape'>\n\t\t\t\t<img width=\"1024\" height=\"576\" src=\"https:\/\/www.lyceelecorbusier.eu\/projets\/wp-content\/uploads\/sites\/8\/2020\/04\/5-Conf-Enigma-12.03.20-Principe-des-rotors-de-codage-de-la-machine.jpg\" class=\"attachment-full size-full\" alt=\"\" loading=\"lazy\" srcset=\"https:\/\/www.lyceelecorbusier.eu\/projets\/wp-content\/uploads\/sites\/8\/2020\/04\/5-Conf-Enigma-12.03.20-Principe-des-rotors-de-codage-de-la-machine.jpg 1024w, https:\/\/www.lyceelecorbusier.eu\/projets\/wp-content\/uploads\/sites\/8\/2020\/04\/5-Conf-Enigma-12.03.20-Principe-des-rotors-de-codage-de-la-machine-300x169.jpg 300w, https:\/\/www.lyceelecorbusier.eu\/projets\/wp-content\/uploads\/sites\/8\/2020\/04\/5-Conf-Enigma-12.03.20-Principe-des-rotors-de-codage-de-la-machine-768x432.jpg 768w, https:\/\/www.lyceelecorbusier.eu\/projets\/wp-content\/uploads\/sites\/8\/2020\/04\/5-Conf-Enigma-12.03.20-Principe-des-rotors-de-codage-de-la-machine-960x540.jpg 960w\" sizes=\"(max-width: 1024px) 100vw, 1024px\" \/>\n\t\t\t<\/dt><\/dl><br style=\"clear: both\" \/><dl class='gallery-item'>\n\t\t\t<dt class='gallery-icon landscape'>\n\t\t\t\t<img width=\"1024\" height=\"576\" src=\"https:\/\/www.lyceelecorbusier.eu\/projets\/wp-content\/uploads\/sites\/8\/2020\/04\/6-Conf-Enigma-12.03.20-Circuit-\u201alectrique-de-codage.jpg\" class=\"attachment-full size-full\" alt=\"\" loading=\"lazy\" srcset=\"https:\/\/www.lyceelecorbusier.eu\/projets\/wp-content\/uploads\/sites\/8\/2020\/04\/6-Conf-Enigma-12.03.20-Circuit-\u201alectrique-de-codage.jpg 1024w, https:\/\/www.lyceelecorbusier.eu\/projets\/wp-content\/uploads\/sites\/8\/2020\/04\/6-Conf-Enigma-12.03.20-Circuit-\u201alectrique-de-codage-300x169.jpg 300w, https:\/\/www.lyceelecorbusier.eu\/projets\/wp-content\/uploads\/sites\/8\/2020\/04\/6-Conf-Enigma-12.03.20-Circuit-\u201alectrique-de-codage-768x432.jpg 768w, https:\/\/www.lyceelecorbusier.eu\/projets\/wp-content\/uploads\/sites\/8\/2020\/04\/6-Conf-Enigma-12.03.20-Circuit-\u201alectrique-de-codage-960x540.jpg 960w\" sizes=\"(max-width: 1024px) 100vw, 1024px\" \/>\n\t\t\t<\/dt><\/dl><dl class='gallery-item'>\n\t\t\t<dt class='gallery-icon landscape'>\n\t\t\t\t<img width=\"1024\" height=\"576\" src=\"https:\/\/www.lyceelecorbusier.eu\/projets\/wp-content\/uploads\/sites\/8\/2020\/04\/7-Conf-Enigma-12.03.20-Bletchley-Park-lieu-ou-travaillait-Turing.jpg\" class=\"attachment-full size-full\" alt=\"\" loading=\"lazy\" srcset=\"https:\/\/www.lyceelecorbusier.eu\/projets\/wp-content\/uploads\/sites\/8\/2020\/04\/7-Conf-Enigma-12.03.20-Bletchley-Park-lieu-ou-travaillait-Turing.jpg 1024w, https:\/\/www.lyceelecorbusier.eu\/projets\/wp-content\/uploads\/sites\/8\/2020\/04\/7-Conf-Enigma-12.03.20-Bletchley-Park-lieu-ou-travaillait-Turing-300x169.jpg 300w, https:\/\/www.lyceelecorbusier.eu\/projets\/wp-content\/uploads\/sites\/8\/2020\/04\/7-Conf-Enigma-12.03.20-Bletchley-Park-lieu-ou-travaillait-Turing-768x432.jpg 768w, https:\/\/www.lyceelecorbusier.eu\/projets\/wp-content\/uploads\/sites\/8\/2020\/04\/7-Conf-Enigma-12.03.20-Bletchley-Park-lieu-ou-travaillait-Turing-960x540.jpg 960w\" sizes=\"(max-width: 1024px) 100vw, 1024px\" \/>\n\t\t\t<\/dt><\/dl><br style=\"clear: both\" \/>\n\t\t<\/div>\n\n\n\t\t<style type=\"text\/css\">\n\t\t\t#gallery-2 {\n\t\t\t\tmargin: auto;\n\t\t\t}\n\t\t\t#gallery-2 .gallery-item {\n\t\t\t\tfloat: left;\n\t\t\t\tmargin-top: 10px;\n\t\t\t\ttext-align: center;\n\t\t\t\twidth: 50%;\n\t\t\t}\n\t\t\t#gallery-2 img {\n\t\t\t\tborder: 2px solid #cfcfcf;\n\t\t\t}\n\t\t\t#gallery-2 .gallery-caption {\n\t\t\t\tmargin-left: 0;\n\t\t\t}\n\t\t\t\/* see gallery_shortcode() in wp-includes\/media.php *\/\n\t\t<\/style>\n\t\t<div id='gallery-2' class='gallery galleryid-6991 gallery-columns-2 gallery-size-full'><dl class='gallery-item'>\n\t\t\t<dt class='gallery-icon portrait'>\n\t\t\t\t<a href='https:\/\/www.lyceelecorbusier.eu\/projets\/?attachment_id=7006'><img width=\"576\" height=\"1024\" src=\"https:\/\/www.lyceelecorbusier.eu\/projets\/wp-content\/uploads\/sites\/8\/2020\/04\/9-Conf-Enigma-12.03.20-Codage-avec-une-3\u78bae-machine.jpg\" class=\"attachment-full size-full\" alt=\"\" loading=\"lazy\" srcset=\"https:\/\/www.lyceelecorbusier.eu\/projets\/wp-content\/uploads\/sites\/8\/2020\/04\/9-Conf-Enigma-12.03.20-Codage-avec-une-3\u78bae-machine.jpg 576w, https:\/\/www.lyceelecorbusier.eu\/projets\/wp-content\/uploads\/sites\/8\/2020\/04\/9-Conf-Enigma-12.03.20-Codage-avec-une-3\u78bae-machine-169x300.jpg 169w, https:\/\/www.lyceelecorbusier.eu\/projets\/wp-content\/uploads\/sites\/8\/2020\/04\/9-Conf-Enigma-12.03.20-Codage-avec-une-3\u78bae-machine-540x960.jpg 540w\" sizes=\"(max-width: 576px) 100vw, 576px\" \/><\/a>\n\t\t\t<\/dt><\/dl><dl class='gallery-item'>\n\t\t\t<dt class='gallery-icon portrait'>\n\t\t\t\t<a href='https:\/\/www.lyceelecorbusier.eu\/projets\/?attachment_id=7005'><img width=\"576\" height=\"1024\" src=\"https:\/\/www.lyceelecorbusier.eu\/projets\/wp-content\/uploads\/sites\/8\/2020\/04\/2-Conf-Enigma-12.03.20-La-machine.jpg\" class=\"attachment-full size-full\" alt=\"\" loading=\"lazy\" srcset=\"https:\/\/www.lyceelecorbusier.eu\/projets\/wp-content\/uploads\/sites\/8\/2020\/04\/2-Conf-Enigma-12.03.20-La-machine.jpg 576w, https:\/\/www.lyceelecorbusier.eu\/projets\/wp-content\/uploads\/sites\/8\/2020\/04\/2-Conf-Enigma-12.03.20-La-machine-169x300.jpg 169w, https:\/\/www.lyceelecorbusier.eu\/projets\/wp-content\/uploads\/sites\/8\/2020\/04\/2-Conf-Enigma-12.03.20-La-machine-540x960.jpg 540w\" sizes=\"(max-width: 576px) 100vw, 576px\" \/><\/a>\n\t\t\t<\/dt><\/dl><br style=\"clear: both\" \/>\n\t\t<\/div>\n\n<p><a href=\"https:\/\/view.genial.ly\/5ea6cbca2bbd100db04e0b09\/interactive-content-genially-sans-titre\"><strong>Cliquez sur l&#8217;image ci-dessous pour acc\u00e9der la s\u00e9lection documentaire du CDI :\u00a0<\/strong><\/a><\/p>\n<p><a href=\"https:\/\/view.genial.ly\/5ea6cbca2bbd100db04e0b09\/interactive-content-genially-sans-titre\"><img loading=\"lazy\" width=\"792\" height=\"446\" class=\"aligncenter size-full wp-image-7009\" src=\"https:\/\/www.lyceelecorbusier.eu\/projets\/wp-content\/uploads\/sites\/8\/2020\/04\/Capture-d\u2019ecran-2020-04-27-a-14.13.00.png\" alt=\"\" srcset=\"https:\/\/www.lyceelecorbusier.eu\/projets\/wp-content\/uploads\/sites\/8\/2020\/04\/Capture-d\u2019ecran-2020-04-27-a-14.13.00.png 792w, https:\/\/www.lyceelecorbusier.eu\/projets\/wp-content\/uploads\/sites\/8\/2020\/04\/Capture-d\u2019ecran-2020-04-27-a-14.13.00-300x169.png 300w, https:\/\/www.lyceelecorbusier.eu\/projets\/wp-content\/uploads\/sites\/8\/2020\/04\/Capture-d\u2019ecran-2020-04-27-a-14.13.00-768x432.png 768w\" sizes=\"(max-width: 792px) 100vw, 792px\" \/><\/a><br \/>\n<img loading=\"lazy\" width=\"724\" height=\"1024\" class=\"aligncenter size-full wp-image-6993\" src=\"https:\/\/www.lyceelecorbusier.eu\/projets\/wp-content\/uploads\/sites\/8\/2020\/04\/Conference-Machine-Enigma-par-Edmond-KERN.png\" alt=\"\" srcset=\"https:\/\/www.lyceelecorbusier.eu\/projets\/wp-content\/uploads\/sites\/8\/2020\/04\/Conference-Machine-Enigma-par-Edmond-KERN.png 724w, https:\/\/www.lyceelecorbusier.eu\/projets\/wp-content\/uploads\/sites\/8\/2020\/04\/Conference-Machine-Enigma-par-Edmond-KERN-212x300.png 212w, https:\/\/www.lyceelecorbusier.eu\/projets\/wp-content\/uploads\/sites\/8\/2020\/04\/Conference-Machine-Enigma-par-Edmond-KERN-679x960.png 679w\" sizes=\"(max-width: 724px) 100vw, 724px\" \/><\/p>\n<div style=\"width: 100%\">\n<div style=\"padding-bottom: 56.25%;padding-top: 0;height: 0\"><\/div>\n<\/div>\n","protected":false},"excerpt":{"rendered":"<p>Semaine des maths avec Edmond Kern<\/p>\n","protected":false},"author":5,"featured_media":6994,"comment_status":"closed","ping_status":"closed","sticky":false,"template":"","format":"standard","meta":[],"categories":[21,11,6],"tags":[],"_links":{"self":[{"href":"https:\/\/www.lyceelecorbusier.eu\/projets\/index.php?rest_route=\/wp\/v2\/posts\/6991"}],"collection":[{"href":"https:\/\/www.lyceelecorbusier.eu\/projets\/index.php?rest_route=\/wp\/v2\/posts"}],"about":[{"href":"https:\/\/www.lyceelecorbusier.eu\/projets\/index.php?rest_route=\/wp\/v2\/types\/post"}],"author":[{"embeddable":true,"href":"https:\/\/www.lyceelecorbusier.eu\/projets\/index.php?rest_route=\/wp\/v2\/users\/5"}],"replies":[{"embeddable":true,"href":"https:\/\/www.lyceelecorbusier.eu\/projets\/index.php?rest_route=%2Fwp%2Fv2%2Fcomments&post=6991"}],"version-history":[{"count":7,"href":"https:\/\/www.lyceelecorbusier.eu\/projets\/index.php?rest_route=\/wp\/v2\/posts\/6991\/revisions"}],"predecessor-version":[{"id":7074,"href":"https:\/\/www.lyceelecorbusier.eu\/projets\/index.php?rest_route=\/wp\/v2\/posts\/6991\/revisions\/7074"}],"wp:featuredmedia":[{"embeddable":true,"href":"https:\/\/www.lyceelecorbusier.eu\/projets\/index.php?rest_route=\/wp\/v2\/media\/6994"}],"wp:attachment":[{"href":"https:\/\/www.lyceelecorbusier.eu\/projets\/index.php?rest_route=%2Fwp%2Fv2%2Fmedia&parent=6991"}],"wp:term":[{"taxonomy":"category","embeddable":true,"href":"https:\/\/www.lyceelecorbusier.eu\/projets\/index.php?rest_route=%2Fwp%2Fv2%2Fcategories&post=6991"},{"taxonomy":"post_tag","embeddable":true,"href":"https:\/\/www.lyceelecorbusier.eu\/projets\/index.php?rest_route=%2Fwp%2Fv2%2Ftags&post=6991"}],"curies":[{"name":"wp","href":"https:\/\/api.w.org\/{rel}","templated":true}]}}