{"id":6807,"date":"2019-12-21T20:17:36","date_gmt":"2019-12-21T19:17:36","guid":{"rendered":"http:\/\/www.lyceelecorbusier.eu\/projets\/?p=6807"},"modified":"2019-12-21T20:18:37","modified_gmt":"2019-12-21T19:18:37","slug":"les-1pmel-rencontrent-un-journaliste-du-monde","status":"publish","type":"post","link":"https:\/\/www.lyceelecorbusier.eu\/projets\/?p=6807","title":{"rendered":"Les 1PMEL rencontrent un journaliste du Monde !"},"content":{"rendered":"<h4 style=\"text-align: center\"><strong>Education aux m\u00e9dias et \u00e0 l&#8217;information<\/strong><\/h4>\n<h4 style=\"text-align: center\">Lundi 16 d\u00e9cembre 2019, la classe de 1PMEL, accompagn\u00e9e par Mme Vialla, professeur de lettres-histoire, et Mme Roche, professeure documentaliste, a eu la chance de suivre deux ateliers anim\u00e9s par Olivier Mougeot, journaliste au Monde, gr\u00e2ce \u00e0 l\u2019association <strong><a href=\"http:\/\/entreleslignes.media\/\">Entre les lignes<\/a>.<\/strong><\/h4>\n<p style=\"text-align: justify\">D\u00e8s 10h ce lundi, nos futurs \u00e9lectriciens ont fait la connaissance d\u2019Olivier Mougeot, r\u00e9dacteur dans le journal Le Monde. Les \u00e9l\u00e8ves se sont rapidement lanc\u00e9s dans le premier atelier, une conf\u00e9rence de presse fictive sur une agression homophobe \u00e0 Lyon. Apr\u00e8s avoir \u00e9cout\u00e9 et pris note des propos du procureur de la R\u00e9publique, jou\u00e9 par Olivier Mougeot, et de la porte-parole de l\u2019association le Refuge, jou\u00e9e par Mme Roche, les \u00e9l\u00e8ves ont investi leurs r\u00f4les de journalistes en posant des questions aux deux intervenants. Chaque groupe d\u2019\u00e9l\u00e8ves a ainsi pu r\u00e9diger un article r\u00e9sumant l\u2019affaire.<\/p>\n<p><img loading=\"lazy\" width=\"1024\" height=\"768\" class=\"aligncenter size-full wp-image-6810\" src=\"http:\/\/www.lyceelecorbusier.eu\/projets\/wp-content\/uploads\/sites\/8\/2019\/12\/IMG_20191216_103141.jpg\" alt=\"\" srcset=\"https:\/\/www.lyceelecorbusier.eu\/projets\/wp-content\/uploads\/sites\/8\/2019\/12\/IMG_20191216_103141.jpg 1024w, https:\/\/www.lyceelecorbusier.eu\/projets\/wp-content\/uploads\/sites\/8\/2019\/12\/IMG_20191216_103141-300x225.jpg 300w, https:\/\/www.lyceelecorbusier.eu\/projets\/wp-content\/uploads\/sites\/8\/2019\/12\/IMG_20191216_103141-768x576.jpg 768w, https:\/\/www.lyceelecorbusier.eu\/projets\/wp-content\/uploads\/sites\/8\/2019\/12\/IMG_20191216_103141-960x720.jpg 960w\" sizes=\"(max-width: 1024px) 100vw, 1024px\" \/><\/p>\n<p style=\"text-align: justify\">L\u2019apr\u00e8s-midi, la classe a encha\u00een\u00e9 avec un atelier portant sur les images et leurs d\u00e9tournements. A travers l\u2019analyse de diff\u00e9rentes images de presse, ils se sont confront\u00e9s au d\u00e9tournement d\u2019images prises hors contexte ou encore aux \u00e9motions que suscitent les images choisies pour faire la une.<\/p>\n<p><img loading=\"lazy\" class=\"aligncenter wp-image-6811 size-full\" src=\"http:\/\/www.lyceelecorbusier.eu\/projets\/wp-content\/uploads\/sites\/8\/2019\/12\/IMG_20191216_131151.jpg\" alt=\"\" width=\"1024\" height=\"768\" srcset=\"https:\/\/www.lyceelecorbusier.eu\/projets\/wp-content\/uploads\/sites\/8\/2019\/12\/IMG_20191216_131151.jpg 1024w, https:\/\/www.lyceelecorbusier.eu\/projets\/wp-content\/uploads\/sites\/8\/2019\/12\/IMG_20191216_131151-300x225.jpg 300w, https:\/\/www.lyceelecorbusier.eu\/projets\/wp-content\/uploads\/sites\/8\/2019\/12\/IMG_20191216_131151-768x576.jpg 768w, https:\/\/www.lyceelecorbusier.eu\/projets\/wp-content\/uploads\/sites\/8\/2019\/12\/IMG_20191216_131151-960x720.jpg 960w\" sizes=\"(max-width: 1024px) 100vw, 1024px\" \/><\/p>\n<p style=\"text-align: justify\"><img loading=\"lazy\" width=\"1024\" height=\"768\" class=\"aligncenter size-full wp-image-6812\" src=\"http:\/\/www.lyceelecorbusier.eu\/projets\/wp-content\/uploads\/sites\/8\/2019\/12\/IMG_20191216_142614.jpg\" alt=\"\" srcset=\"https:\/\/www.lyceelecorbusier.eu\/projets\/wp-content\/uploads\/sites\/8\/2019\/12\/IMG_20191216_142614.jpg 1024w, https:\/\/www.lyceelecorbusier.eu\/projets\/wp-content\/uploads\/sites\/8\/2019\/12\/IMG_20191216_142614-300x225.jpg 300w, https:\/\/www.lyceelecorbusier.eu\/projets\/wp-content\/uploads\/sites\/8\/2019\/12\/IMG_20191216_142614-768x576.jpg 768w, https:\/\/www.lyceelecorbusier.eu\/projets\/wp-content\/uploads\/sites\/8\/2019\/12\/IMG_20191216_142614-960x720.jpg 960w\" sizes=\"(max-width: 1024px) 100vw, 1024px\" \/><\/p>\n<p style=\"text-align: justify\">Les deux ateliers ont par ailleurs donn\u00e9 lieu \u00e0 de nombreux et riches \u00e9changes entre cette classe dynamique et curieuse, et le journaliste.<\/p>\n<p style=\"text-align: justify\">Nous tenons \u00e0 remercier chaleureusement Olivier Mougeot pour cette action b\u00e9n\u00e9vole ainsi que l\u2019association &#8220;Entre le lignes&#8221; qui permet ces rencontres \u00e9l\u00e8ves-journalistes.<\/p>\n<p style=\"text-align: right\">Aur\u00e9lie Roche &amp; Loryane Vialla<\/p>\n<p><img loading=\"lazy\" width=\"768\" height=\"1024\" class=\"aligncenter size-full wp-image-6813\" src=\"http:\/\/www.lyceelecorbusier.eu\/projets\/wp-content\/uploads\/sites\/8\/2019\/12\/IMG_20191216_111303.jpg\" alt=\"\" srcset=\"https:\/\/www.lyceelecorbusier.eu\/projets\/wp-content\/uploads\/sites\/8\/2019\/12\/IMG_20191216_111303.jpg 768w, https:\/\/www.lyceelecorbusier.eu\/projets\/wp-content\/uploads\/sites\/8\/2019\/12\/IMG_20191216_111303-225x300.jpg 225w, https:\/\/www.lyceelecorbusier.eu\/projets\/wp-content\/uploads\/sites\/8\/2019\/12\/IMG_20191216_111303-720x960.jpg 720w\" sizes=\"(max-width: 768px) 100vw, 768px\" \/><\/p>\n","protected":false},"excerpt":{"rendered":"<p>Education aux m\u00e9dias et \u00e0 l&#8217;info<\/p>\n","protected":false},"author":5,"featured_media":6815,"comment_status":"closed","ping_status":"closed","sticky":false,"template":"","format":"standard","meta":[],"categories":[21,11,4,6],"tags":[],"_links":{"self":[{"href":"https:\/\/www.lyceelecorbusier.eu\/projets\/index.php?rest_route=\/wp\/v2\/posts\/6807"}],"collection":[{"href":"https:\/\/www.lyceelecorbusier.eu\/projets\/index.php?rest_route=\/wp\/v2\/posts"}],"about":[{"href":"https:\/\/www.lyceelecorbusier.eu\/projets\/index.php?rest_route=\/wp\/v2\/types\/post"}],"author":[{"embeddable":true,"href":"https:\/\/www.lyceelecorbusier.eu\/projets\/index.php?rest_route=\/wp\/v2\/users\/5"}],"replies":[{"embeddable":true,"href":"https:\/\/www.lyceelecorbusier.eu\/projets\/index.php?rest_route=%2Fwp%2Fv2%2Fcomments&post=6807"}],"version-history":[{"count":3,"href":"https:\/\/www.lyceelecorbusier.eu\/projets\/index.php?rest_route=\/wp\/v2\/posts\/6807\/revisions"}],"predecessor-version":[{"id":6816,"href":"https:\/\/www.lyceelecorbusier.eu\/projets\/index.php?rest_route=\/wp\/v2\/posts\/6807\/revisions\/6816"}],"wp:featuredmedia":[{"embeddable":true,"href":"https:\/\/www.lyceelecorbusier.eu\/projets\/index.php?rest_route=\/wp\/v2\/media\/6815"}],"wp:attachment":[{"href":"https:\/\/www.lyceelecorbusier.eu\/projets\/index.php?rest_route=%2Fwp%2Fv2%2Fmedia&parent=6807"}],"wp:term":[{"taxonomy":"category","embeddable":true,"href":"https:\/\/www.lyceelecorbusier.eu\/projets\/index.php?rest_route=%2Fwp%2Fv2%2Fcategories&post=6807"},{"taxonomy":"post_tag","embeddable":true,"href":"https:\/\/www.lyceelecorbusier.eu\/projets\/index.php?rest_route=%2Fwp%2Fv2%2Ftags&post=6807"}],"curies":[{"name":"wp","href":"https:\/\/api.w.org\/{rel}","templated":true}]}}