{"id":6721,"date":"2019-11-07T20:19:42","date_gmt":"2019-11-07T19:19:42","guid":{"rendered":"http:\/\/www.lyceelecorbusier.eu\/projets\/?p=6721"},"modified":"2019-12-14T22:32:02","modified_gmt":"2019-12-14T21:32:02","slug":"goncourt-des-lyceens-les-news","status":"publish","type":"post","link":"https:\/\/www.lyceelecorbusier.eu\/projets\/?p=6721","title":{"rendered":"Goncourt des lyc\u00e9ens : les news"},"content":{"rendered":"<h2 style=\"text-align: center\"><strong>L&#8217;aventure de la classe de 2GT2 continue ! <\/strong><\/h2>\n<h2 style=\"text-align: center\"><strong>Voici les derni\u00e8res infos :<\/strong><\/h2>\n<p style=\"text-align: center\"><a href=\"http:\/\/goncourtlyceens.weebly.com\">Le site web de la classe avec toutes les chroniques des \u00e9l\u00e8ves &gt;&gt;<\/a><\/p>\n<h4 style=\"text-align: justify\"><strong>Agathe et Maxandre ont t\u00e9moign\u00e9 \u00e0 <a href=\"https:\/\/rcf.fr\/actualite\/le-gongourt-des-lyceens-2019-profs-et-eleves-votent?fbclid=IwAR3WxXE5poR-Rh46-89vjZAXtzbmrn1xgZRrGb6YIcCHRiP-Hb_Fkz15RdA\">la radio lundi 4 novembre dans l&#8217;\u00e9mission &#8220;Le Grand invit\u00e9&#8221; sur RCF :\u00a0<\/a><\/strong><\/h4>\n<p><a href=\"https:\/\/rcf.fr\/actualite\/le-gongourt-des-lyceens-2019-profs-et-eleves-votent?fbclid=IwAR3WxXE5poR-Rh46-89vjZAXtzbmrn1xgZRrGb6YIcCHRiP-Hb_Fkz15RdA\">Cliquez \u00a0pour les \u00e9couter en replay !<\/a><\/p>\n<p><img loading=\"lazy\" width=\"960\" height=\"960\" class=\"aligncenter size-full wp-image-6722\" src=\"http:\/\/www.lyceelecorbusier.eu\/projets\/wp-content\/uploads\/sites\/8\/2019\/11\/75199837_2476668445935996_2546053378958426112_n.jpg\" alt=\"\" data-wp-editing=\"1\" srcset=\"https:\/\/www.lyceelecorbusier.eu\/projets\/wp-content\/uploads\/sites\/8\/2019\/11\/75199837_2476668445935996_2546053378958426112_n.jpg 960w, https:\/\/www.lyceelecorbusier.eu\/projets\/wp-content\/uploads\/sites\/8\/2019\/11\/75199837_2476668445935996_2546053378958426112_n-150x150.jpg 150w, https:\/\/www.lyceelecorbusier.eu\/projets\/wp-content\/uploads\/sites\/8\/2019\/11\/75199837_2476668445935996_2546053378958426112_n-300x300.jpg 300w, https:\/\/www.lyceelecorbusier.eu\/projets\/wp-content\/uploads\/sites\/8\/2019\/11\/75199837_2476668445935996_2546053378958426112_n-768x768.jpg 768w, https:\/\/www.lyceelecorbusier.eu\/projets\/wp-content\/uploads\/sites\/8\/2019\/11\/75199837_2476668445935996_2546053378958426112_n-720x720.jpg 720w\" sizes=\"(max-width: 960px) 100vw, 960px\" \/><\/p>\n<h4 style=\"text-align: justify\"><strong>Les d\u00e9lib\u00e9rations de la classe ont eu lieu le lendemain, mardi 5 novembre, \u00e0 l&#8217;amphith\u00e9\u00e2tre : <\/strong><\/h4>\n<p style=\"text-align: justify\">Des d\u00e9bats vifs et argument\u00e9s qui ont conduit au choix du tierc\u00e9 de la classe d\u00e9voil\u00e9 le lendemain <a href=\"https:\/\/www.dna.fr\/edition-de-strasbourg\/2019\/11\/06\/goncourt-des-lyceens-le-trio-de-tete-de-la-seconde-gt2\">dans les DNA. L&#8217;article pr\u00e9sente aussi Alice Mougenot<\/a> qui a \u00e9t\u00e9 d\u00e9sign\u00e9e d\u00e9mocratiquement par ses camarades, et qui se rendre mardi 12 novembre \u00e0 Metz pour d\u00e9fendre les 3 romans pr\u00e9f\u00e9r\u00e9s de sa classe lors des d\u00e9lib\u00e9rations r\u00e9gionales !<\/p>\n<p><a href=\"https:\/\/www.dna.fr\/edition-de-strasbourg\/2019\/11\/06\/goncourt-des-lyceens-le-trio-de-tete-de-la-seconde-gt2\"><img loading=\"lazy\" width=\"848\" height=\"900\" class=\"aligncenter size-full wp-image-6723\" src=\"http:\/\/www.lyceelecorbusier.eu\/projets\/wp-content\/uploads\/sites\/8\/2019\/11\/DNA191106GoncourtAliceBis.png\" alt=\"\" srcset=\"https:\/\/www.lyceelecorbusier.eu\/projets\/wp-content\/uploads\/sites\/8\/2019\/11\/DNA191106GoncourtAliceBis.png 848w, https:\/\/www.lyceelecorbusier.eu\/projets\/wp-content\/uploads\/sites\/8\/2019\/11\/DNA191106GoncourtAliceBis-283x300.png 283w, https:\/\/www.lyceelecorbusier.eu\/projets\/wp-content\/uploads\/sites\/8\/2019\/11\/DNA191106GoncourtAliceBis-768x815.png 768w\" sizes=\"(max-width: 848px) 100vw, 848px\" \/><\/a><\/p>\n","protected":false},"excerpt":{"rendered":"<p>En route pour les d\u00e9lib\u00e9rations \/\/ 03<\/p>\n","protected":false},"author":5,"featured_media":6728,"comment_status":"closed","ping_status":"closed","sticky":false,"template":"","format":"standard","meta":[],"categories":[21,11,4,6],"tags":[],"_links":{"self":[{"href":"https:\/\/www.lyceelecorbusier.eu\/projets\/index.php?rest_route=\/wp\/v2\/posts\/6721"}],"collection":[{"href":"https:\/\/www.lyceelecorbusier.eu\/projets\/index.php?rest_route=\/wp\/v2\/posts"}],"about":[{"href":"https:\/\/www.lyceelecorbusier.eu\/projets\/index.php?rest_route=\/wp\/v2\/types\/post"}],"author":[{"embeddable":true,"href":"https:\/\/www.lyceelecorbusier.eu\/projets\/index.php?rest_route=\/wp\/v2\/users\/5"}],"replies":[{"embeddable":true,"href":"https:\/\/www.lyceelecorbusier.eu\/projets\/index.php?rest_route=%2Fwp%2Fv2%2Fcomments&post=6721"}],"version-history":[{"count":6,"href":"https:\/\/www.lyceelecorbusier.eu\/projets\/index.php?rest_route=\/wp\/v2\/posts\/6721\/revisions"}],"predecessor-version":[{"id":6791,"href":"https:\/\/www.lyceelecorbusier.eu\/projets\/index.php?rest_route=\/wp\/v2\/posts\/6721\/revisions\/6791"}],"wp:featuredmedia":[{"embeddable":true,"href":"https:\/\/www.lyceelecorbusier.eu\/projets\/index.php?rest_route=\/wp\/v2\/media\/6728"}],"wp:attachment":[{"href":"https:\/\/www.lyceelecorbusier.eu\/projets\/index.php?rest_route=%2Fwp%2Fv2%2Fmedia&parent=6721"}],"wp:term":[{"taxonomy":"category","embeddable":true,"href":"https:\/\/www.lyceelecorbusier.eu\/projets\/index.php?rest_route=%2Fwp%2Fv2%2Fcategories&post=6721"},{"taxonomy":"post_tag","embeddable":true,"href":"https:\/\/www.lyceelecorbusier.eu\/projets\/index.php?rest_route=%2Fwp%2Fv2%2Ftags&post=6721"}],"curies":[{"name":"wp","href":"https:\/\/api.w.org\/{rel}","templated":true}]}}