{"id":6558,"date":"2019-10-13T16:19:25","date_gmt":"2019-10-13T15:19:25","guid":{"rendered":"http:\/\/www.lyceelecorbusier.eu\/projets\/?p=6558"},"modified":"2019-10-13T16:19:25","modified_gmt":"2019-10-13T15:19:25","slug":"remise-des-pass-mobilite","status":"publish","type":"post","link":"https:\/\/www.lyceelecorbusier.eu\/projets\/?p=6558","title":{"rendered":"Remise des Pass Mobilit\u00e9"},"content":{"rendered":"<h3 style=\"text-align: center\">Remise des Pass Mobilit\u00e9 aux \u00e9l\u00e8ves de Terminales STI2D et 1\u00e8re S-SI euro<\/h3>\n<p style=\"text-align: justify\">Vendredi 11 octobre 2019 : une c\u00e9r\u00e9monie a r\u00e9uni les \u00e9l\u00e8ves de Terminales (section euro) qui ont particip\u00e9 \u00e0 l&#8217;\u00e9change <strong>Erasmus +<\/strong> \u00e0 Neustadt en 2018-2019.<\/p>\n<p style=\"text-align: justify\">Ils ont pr\u00e9sent\u00e9 leur projet aux \u00e9l\u00e8ves de 1\u00e8re DD et 1\u00e8re G qui font l&#8217;\u00e9change cette ann\u00e9e \u00e0 Bad Urach ( Allemagne).<\/p>\n<p style=\"text-align: justify\">Les professeurs, M. Andlauer, M. Wurtzer et Mme Meny\u00a0 accompagn\u00e9s du proviseur M. Feidt ont remis\u00a0 aux \u00e9l\u00e8ves un Certificat de participation \u00e0 l&#8217; \u00e9change Erasmus + et un Pass Mobilit\u00e9 estampill\u00e9 par l&#8217;Union Europ\u00e9enne. Ils ont \u00e9galement re\u00e7u une tasse d\u00e9cor\u00e9e par leurs soins en souvenir de leur voyage.<u><br \/>\n<\/u><\/p>\n<p>Avec Erasmus +, vive l&#8217;Europe au Corbu !<\/p>\n<p><img loading=\"lazy\" width=\"1600\" height=\"1200\" class=\"aligncenter size-full wp-image-6560\" src=\"http:\/\/www.lyceelecorbusier.eu\/projets\/wp-content\/uploads\/sites\/8\/2019\/10\/IMG_1621.jpg\" alt=\"\" srcset=\"https:\/\/www.lyceelecorbusier.eu\/projets\/wp-content\/uploads\/sites\/8\/2019\/10\/IMG_1621.jpg 1600w, https:\/\/www.lyceelecorbusier.eu\/projets\/wp-content\/uploads\/sites\/8\/2019\/10\/IMG_1621-300x225.jpg 300w, https:\/\/www.lyceelecorbusier.eu\/projets\/wp-content\/uploads\/sites\/8\/2019\/10\/IMG_1621-768x576.jpg 768w, https:\/\/www.lyceelecorbusier.eu\/projets\/wp-content\/uploads\/sites\/8\/2019\/10\/IMG_1621-1024x768.jpg 1024w, https:\/\/www.lyceelecorbusier.eu\/projets\/wp-content\/uploads\/sites\/8\/2019\/10\/IMG_1621-960x720.jpg 960w\" sizes=\"(max-width: 1600px) 100vw, 1600px\" \/> <img loading=\"lazy\" width=\"1600\" height=\"1200\" class=\"aligncenter size-full wp-image-6561\" src=\"http:\/\/www.lyceelecorbusier.eu\/projets\/wp-content\/uploads\/sites\/8\/2019\/10\/IMG_1622.jpg\" alt=\"\" srcset=\"https:\/\/www.lyceelecorbusier.eu\/projets\/wp-content\/uploads\/sites\/8\/2019\/10\/IMG_1622.jpg 1600w, https:\/\/www.lyceelecorbusier.eu\/projets\/wp-content\/uploads\/sites\/8\/2019\/10\/IMG_1622-300x225.jpg 300w, https:\/\/www.lyceelecorbusier.eu\/projets\/wp-content\/uploads\/sites\/8\/2019\/10\/IMG_1622-768x576.jpg 768w, https:\/\/www.lyceelecorbusier.eu\/projets\/wp-content\/uploads\/sites\/8\/2019\/10\/IMG_1622-1024x768.jpg 1024w, https:\/\/www.lyceelecorbusier.eu\/projets\/wp-content\/uploads\/sites\/8\/2019\/10\/IMG_1622-960x720.jpg 960w\" sizes=\"(max-width: 1600px) 100vw, 1600px\" \/> <img loading=\"lazy\" width=\"1600\" height=\"1200\" class=\"aligncenter size-full wp-image-6562\" src=\"http:\/\/www.lyceelecorbusier.eu\/projets\/wp-content\/uploads\/sites\/8\/2019\/10\/IMG_1623.jpg\" alt=\"\" srcset=\"https:\/\/www.lyceelecorbusier.eu\/projets\/wp-content\/uploads\/sites\/8\/2019\/10\/IMG_1623.jpg 1600w, https:\/\/www.lyceelecorbusier.eu\/projets\/wp-content\/uploads\/sites\/8\/2019\/10\/IMG_1623-300x225.jpg 300w, https:\/\/www.lyceelecorbusier.eu\/projets\/wp-content\/uploads\/sites\/8\/2019\/10\/IMG_1623-768x576.jpg 768w, https:\/\/www.lyceelecorbusier.eu\/projets\/wp-content\/uploads\/sites\/8\/2019\/10\/IMG_1623-1024x768.jpg 1024w, https:\/\/www.lyceelecorbusier.eu\/projets\/wp-content\/uploads\/sites\/8\/2019\/10\/IMG_1623-960x720.jpg 960w\" sizes=\"(max-width: 1600px) 100vw, 1600px\" \/> <img loading=\"lazy\" width=\"1600\" height=\"1200\" class=\"aligncenter size-full wp-image-6563\" src=\"http:\/\/www.lyceelecorbusier.eu\/projets\/wp-content\/uploads\/sites\/8\/2019\/10\/IMG_1624.jpg\" alt=\"\" srcset=\"https:\/\/www.lyceelecorbusier.eu\/projets\/wp-content\/uploads\/sites\/8\/2019\/10\/IMG_1624.jpg 1600w, https:\/\/www.lyceelecorbusier.eu\/projets\/wp-content\/uploads\/sites\/8\/2019\/10\/IMG_1624-300x225.jpg 300w, https:\/\/www.lyceelecorbusier.eu\/projets\/wp-content\/uploads\/sites\/8\/2019\/10\/IMG_1624-768x576.jpg 768w, https:\/\/www.lyceelecorbusier.eu\/projets\/wp-content\/uploads\/sites\/8\/2019\/10\/IMG_1624-1024x768.jpg 1024w, https:\/\/www.lyceelecorbusier.eu\/projets\/wp-content\/uploads\/sites\/8\/2019\/10\/IMG_1624-960x720.jpg 960w\" sizes=\"(max-width: 1600px) 100vw, 1600px\" \/><\/p>\n","protected":false},"excerpt":{"rendered":"<p>Erasmus+ au Corbu<\/p>\n","protected":false},"author":5,"featured_media":6564,"comment_status":"closed","ping_status":"closed","sticky":false,"template":"","format":"standard","meta":[],"categories":[21,11,6],"tags":[],"_links":{"self":[{"href":"https:\/\/www.lyceelecorbusier.eu\/projets\/index.php?rest_route=\/wp\/v2\/posts\/6558"}],"collection":[{"href":"https:\/\/www.lyceelecorbusier.eu\/projets\/index.php?rest_route=\/wp\/v2\/posts"}],"about":[{"href":"https:\/\/www.lyceelecorbusier.eu\/projets\/index.php?rest_route=\/wp\/v2\/types\/post"}],"author":[{"embeddable":true,"href":"https:\/\/www.lyceelecorbusier.eu\/projets\/index.php?rest_route=\/wp\/v2\/users\/5"}],"replies":[{"embeddable":true,"href":"https:\/\/www.lyceelecorbusier.eu\/projets\/index.php?rest_route=%2Fwp%2Fv2%2Fcomments&post=6558"}],"version-history":[{"count":2,"href":"https:\/\/www.lyceelecorbusier.eu\/projets\/index.php?rest_route=\/wp\/v2\/posts\/6558\/revisions"}],"predecessor-version":[{"id":6565,"href":"https:\/\/www.lyceelecorbusier.eu\/projets\/index.php?rest_route=\/wp\/v2\/posts\/6558\/revisions\/6565"}],"wp:featuredmedia":[{"embeddable":true,"href":"https:\/\/www.lyceelecorbusier.eu\/projets\/index.php?rest_route=\/wp\/v2\/media\/6564"}],"wp:attachment":[{"href":"https:\/\/www.lyceelecorbusier.eu\/projets\/index.php?rest_route=%2Fwp%2Fv2%2Fmedia&parent=6558"}],"wp:term":[{"taxonomy":"category","embeddable":true,"href":"https:\/\/www.lyceelecorbusier.eu\/projets\/index.php?rest_route=%2Fwp%2Fv2%2Fcategories&post=6558"},{"taxonomy":"post_tag","embeddable":true,"href":"https:\/\/www.lyceelecorbusier.eu\/projets\/index.php?rest_route=%2Fwp%2Fv2%2Ftags&post=6558"}],"curies":[{"name":"wp","href":"https:\/\/api.w.org\/{rel}","templated":true}]}}