{"id":6310,"date":"2019-06-03T19:04:56","date_gmt":"2019-06-03T18:04:56","guid":{"rendered":"http:\/\/www.lyceelecorbusier.eu\/projets\/?p=6310"},"modified":"2019-06-03T19:07:13","modified_gmt":"2019-06-03T18:07:13","slug":"negociations-pour-le-climat","status":"publish","type":"post","link":"https:\/\/www.lyceelecorbusier.eu\/projets\/?p=6310","title":{"rendered":"N\u00e9gociations pour le climat"},"content":{"rendered":"<h2 style=\"text-align: center\"><strong>N\u00e9gociations pour le climat : Des r\u00e9solutions pour la plan\u00e8te !<\/strong><\/h2>\n<h4 style=\"text-align: center\">Apr\u00e8s plusieurs mois de pr\u00e9paration, des \u00e9l\u00e8ves de secondes ont propos\u00e9 et d\u00e9battu des mesures pour stopper le r\u00e9chauffement climatique<\/h4>\n<h4 style=\"text-align: center\">lors d\u2019une journ\u00e9e de simulation de n\u00e9gociations climatiques le 4 avril 2019.<\/h4>\n<p style=\"text-align: center\"><strong>Retrouvez l\u2019ensemble du projet et les billets du blog sur <a href=\"https:\/\/strascop.weebly.com\/\">https:\/\/strascop.weebly.com\/<\/a><\/strong><\/p>\n<p style=\"text-align: center\"><strong>Ainsi que le compte instagram du projet\u00a0<a href=\"https:\/\/www.instagram.com\/strascorbucop\/?hl=fr\">https:\/\/www.instagram.com\/strascorbucop\/?hl=fr<\/a><\/strong><\/p>\n<p><img loading=\"lazy\" width=\"1024\" height=\"768\" class=\"aligncenter size-full wp-image-6311\" src=\"http:\/\/www.lyceelecorbusier.eu\/projets\/wp-content\/uploads\/sites\/8\/2019\/06\/IMG_20190404_093047.jpg\" alt=\"\" srcset=\"https:\/\/www.lyceelecorbusier.eu\/projets\/wp-content\/uploads\/sites\/8\/2019\/06\/IMG_20190404_093047.jpg 1024w, https:\/\/www.lyceelecorbusier.eu\/projets\/wp-content\/uploads\/sites\/8\/2019\/06\/IMG_20190404_093047-300x225.jpg 300w, https:\/\/www.lyceelecorbusier.eu\/projets\/wp-content\/uploads\/sites\/8\/2019\/06\/IMG_20190404_093047-768x576.jpg 768w, https:\/\/www.lyceelecorbusier.eu\/projets\/wp-content\/uploads\/sites\/8\/2019\/06\/IMG_20190404_093047-960x720.jpg 960w\" sizes=\"(max-width: 1024px) 100vw, 1024px\" \/><\/p>\n<p style=\"text-align: justify\">9h30, arriv\u00e9e au lyc\u00e9e Le Corbusier d\u2019une classe de secondes du lyc\u00e9e Jean Monnet accueillie par leurs acolytes locaux, portant \u00e0 pr\u00e8s de 100 le nombre d\u2019\u00e9l\u00e8ves participant \u00e0 cette journ\u00e9e de simulation le 4 avril dernier.<\/p>\n<p style=\"text-align: justify\">D\u00e8s les portes franchies, chaque \u00e9l\u00e8ve investit son r\u00f4le, pr\u00e9par\u00e9 depuis le mois de f\u00e9vrier (<a href=\"http:\/\/www.lyceelecorbusier.eu\/projets\/?p=5814\">voir notre pr\u00e9c\u00e9dent billet<\/a>). La pr\u00e9sidence ouvre la journ\u00e9e de cette COP 24 par un discours bilingue anglo-fran\u00e7ais, avant de passer la parole \u00e0 M. Feidt, proviseur du lyc\u00e9e Le Corbusier.<\/p>\n<p style=\"text-align: justify\">L\u2019\u00e9quipe du groupe m\u00e9dias est d\u00e9j\u00e0 sur le pied de guerre, smartphone mont\u00e9 sur tr\u00e9pied pour les uns, crayon et carnet pour les autres. Le groupe lobbyiste Sea Shepherd brandit sa mascotte Pablo le manchot qui pr\u00e9dit \u00ab Fondu, c\u2019est foutu \u00bb.<\/p>\n<p><img loading=\"lazy\" width=\"1024\" height=\"768\" class=\"aligncenter size-full wp-image-6313\" src=\"http:\/\/www.lyceelecorbusier.eu\/projets\/wp-content\/uploads\/sites\/8\/2019\/06\/IMG_20190404_100823.jpg\" alt=\"\" srcset=\"https:\/\/www.lyceelecorbusier.eu\/projets\/wp-content\/uploads\/sites\/8\/2019\/06\/IMG_20190404_100823.jpg 1024w, https:\/\/www.lyceelecorbusier.eu\/projets\/wp-content\/uploads\/sites\/8\/2019\/06\/IMG_20190404_100823-300x225.jpg 300w, https:\/\/www.lyceelecorbusier.eu\/projets\/wp-content\/uploads\/sites\/8\/2019\/06\/IMG_20190404_100823-768x576.jpg 768w, https:\/\/www.lyceelecorbusier.eu\/projets\/wp-content\/uploads\/sites\/8\/2019\/06\/IMG_20190404_100823-960x720.jpg 960w\" sizes=\"(max-width: 1024px) 100vw, 1024px\" \/><\/p>\n<p style=\"text-align: justify\">Mais c\u2019est d\u00e9j\u00e0 le temps des commissions\u00a0: les d\u00e9l\u00e9gations \u00e9tatiques de l\u2019Inde, du Br\u00e9sil, du Maroc, des Maldives, de la Russie, de l\u2019Australie, des Etats-Unis, de l\u2019Islande, de la Chine, de l\u2019Allemagne et de la Norv\u00e8ge se r\u00e9partissent au sein des commissions adaptation et att\u00e9nuation. Ils y discutent de sujets tels que l\u2019\u00e9ducation, les transports, la d\u00e9forestation, les d\u00e9chets ou encore la biodiversit\u00e9. A la fin de la matin\u00e9e, les d\u00e9l\u00e9gu\u00e9s de chaque commission ont r\u00e9dig\u00e9 des r\u00e9solutions pour att\u00e9nuer et s\u2019adapter au r\u00e9chauffement climatique par le biais de ces diff\u00e9rentes th\u00e9matiques.<\/p>\n<p style=\"text-align: justify\">Apr\u00e8s la pause d\u00e9jeuner, changement de cadre\u00a0: l\u2019ensemble des invit\u00e9s \u00e0 la Conf\u00e9rence des Parties est convi\u00e9 \u00e0 la salle des f\u00eates Millius d\u2019Illkirch pour l\u2019Assembl\u00e9e G\u00e9n\u00e9rale. Chaque r\u00e9solution est d\u00e9battue et soumise au vote des d\u00e9l\u00e9gations \u00e9tatiques. Sous l\u2019\u0153il de M.\u00a0Schneider, vice-pr\u00e9sident Sciences en soci\u00e9t\u00e9 de l\u2019Universit\u00e9 de Strasbourg et de M.\u00a0Bachmann, maire-adjoint au d\u00e9veloppement durable de la mairie d\u2019Illkirch, les d\u00e9bats sont vifs entre d\u00e9l\u00e9gu\u00e9s de pays aux int\u00e9r\u00eats divergents\u00a0! Les discussions se corsent encore davantage quand les diff\u00e9rents lobbys demandent la parole\u00a0! Gr\u00e2ce au travail de la pr\u00e9sidence, chaque intervenant est \u00e9cout\u00e9 avant de cl\u00f4turer les d\u00e9bats par le vote des r\u00e9solutions Les cartons rouges et verts sont brandis\u00a0: certaines r\u00e9solutions n\u2019obtiendront pas la majorit\u00e9. Au fond de la salle, les apprentis journalistes \u00e9crivent des billets, alimentent en direct le compte Instagram de la COP24, captent des extraits vid\u00e9os et croquent sur le vif quelques instantan\u00e9s.<\/p>\n<p><img loading=\"lazy\" width=\"1024\" height=\"768\" class=\"aligncenter size-full wp-image-6314\" src=\"http:\/\/www.lyceelecorbusier.eu\/projets\/wp-content\/uploads\/sites\/8\/2019\/06\/IMG_20190404_144044.jpg\" alt=\"\" srcset=\"https:\/\/www.lyceelecorbusier.eu\/projets\/wp-content\/uploads\/sites\/8\/2019\/06\/IMG_20190404_144044.jpg 1024w, https:\/\/www.lyceelecorbusier.eu\/projets\/wp-content\/uploads\/sites\/8\/2019\/06\/IMG_20190404_144044-300x225.jpg 300w, https:\/\/www.lyceelecorbusier.eu\/projets\/wp-content\/uploads\/sites\/8\/2019\/06\/IMG_20190404_144044-768x576.jpg 768w, https:\/\/www.lyceelecorbusier.eu\/projets\/wp-content\/uploads\/sites\/8\/2019\/06\/IMG_20190404_144044-960x720.jpg 960w\" sizes=\"(max-width: 1024px) 100vw, 1024px\" \/><\/p>\n<p><img loading=\"lazy\" width=\"1024\" height=\"768\" class=\"aligncenter size-full wp-image-6315\" src=\"http:\/\/www.lyceelecorbusier.eu\/projets\/wp-content\/uploads\/sites\/8\/2019\/06\/IMG_20190404_145640.jpg\" alt=\"\" srcset=\"https:\/\/www.lyceelecorbusier.eu\/projets\/wp-content\/uploads\/sites\/8\/2019\/06\/IMG_20190404_145640.jpg 1024w, https:\/\/www.lyceelecorbusier.eu\/projets\/wp-content\/uploads\/sites\/8\/2019\/06\/IMG_20190404_145640-300x225.jpg 300w, https:\/\/www.lyceelecorbusier.eu\/projets\/wp-content\/uploads\/sites\/8\/2019\/06\/IMG_20190404_145640-768x576.jpg 768w, https:\/\/www.lyceelecorbusier.eu\/projets\/wp-content\/uploads\/sites\/8\/2019\/06\/IMG_20190404_145640-960x720.jpg 960w\" sizes=\"(max-width: 1024px) 100vw, 1024px\" \/><\/p>\n<p style=\"text-align: justify\"><img loading=\"lazy\" width=\"1024\" height=\"768\" class=\"aligncenter size-full wp-image-6316\" src=\"http:\/\/www.lyceelecorbusier.eu\/projets\/wp-content\/uploads\/sites\/8\/2019\/06\/IMG_20190404_145847.jpg\" alt=\"\" srcset=\"https:\/\/www.lyceelecorbusier.eu\/projets\/wp-content\/uploads\/sites\/8\/2019\/06\/IMG_20190404_145847.jpg 1024w, https:\/\/www.lyceelecorbusier.eu\/projets\/wp-content\/uploads\/sites\/8\/2019\/06\/IMG_20190404_145847-300x225.jpg 300w, https:\/\/www.lyceelecorbusier.eu\/projets\/wp-content\/uploads\/sites\/8\/2019\/06\/IMG_20190404_145847-768x576.jpg 768w, https:\/\/www.lyceelecorbusier.eu\/projets\/wp-content\/uploads\/sites\/8\/2019\/06\/IMG_20190404_145847-960x720.jpg 960w\" sizes=\"(max-width: 1024px) 100vw, 1024px\" \/><\/p>\n<p style=\"text-align: justify\">La journ\u00e9e se cl\u00f4ture par un r\u00e9sum\u00e9 des interventions par le groupe m\u00e9dias de Jean Monnet et la vid\u00e9o de promotion du projet r\u00e9alis\u00e9e par les \u00e9l\u00e8ves du Corbusier (cf. ci-dessous), avant la remise des r\u00e9solutions \u00e0 MM. Schneider et Bachnmann.<\/p>\n<p><img loading=\"lazy\" width=\"1024\" height=\"768\" class=\"aligncenter size-full wp-image-6317\" src=\"http:\/\/www.lyceelecorbusier.eu\/projets\/wp-content\/uploads\/sites\/8\/2019\/06\/IMG_20190404_164653.jpg\" alt=\"\" srcset=\"https:\/\/www.lyceelecorbusier.eu\/projets\/wp-content\/uploads\/sites\/8\/2019\/06\/IMG_20190404_164653.jpg 1024w, https:\/\/www.lyceelecorbusier.eu\/projets\/wp-content\/uploads\/sites\/8\/2019\/06\/IMG_20190404_164653-300x225.jpg 300w, https:\/\/www.lyceelecorbusier.eu\/projets\/wp-content\/uploads\/sites\/8\/2019\/06\/IMG_20190404_164653-768x576.jpg 768w, https:\/\/www.lyceelecorbusier.eu\/projets\/wp-content\/uploads\/sites\/8\/2019\/06\/IMG_20190404_164653-960x720.jpg 960w\" sizes=\"(max-width: 1024px) 100vw, 1024px\" \/> <img loading=\"lazy\" width=\"1024\" height=\"768\" class=\"aligncenter size-full wp-image-6318\" src=\"http:\/\/www.lyceelecorbusier.eu\/projets\/wp-content\/uploads\/sites\/8\/2019\/06\/IMG_20190404_165137.jpg\" alt=\"\" srcset=\"https:\/\/www.lyceelecorbusier.eu\/projets\/wp-content\/uploads\/sites\/8\/2019\/06\/IMG_20190404_165137.jpg 1024w, https:\/\/www.lyceelecorbusier.eu\/projets\/wp-content\/uploads\/sites\/8\/2019\/06\/IMG_20190404_165137-300x225.jpg 300w, https:\/\/www.lyceelecorbusier.eu\/projets\/wp-content\/uploads\/sites\/8\/2019\/06\/IMG_20190404_165137-768x576.jpg 768w, https:\/\/www.lyceelecorbusier.eu\/projets\/wp-content\/uploads\/sites\/8\/2019\/06\/IMG_20190404_165137-960x720.jpg 960w\" sizes=\"(max-width: 1024px) 100vw, 1024px\" \/><\/p>\n<h3>Visionnez la vid\u00e9o promotionnelle du projet r\u00e9alis\u00e9e par Simon, Corentin, Jules et Doryan ci-dessous\u00a0:<\/h3>\n<p><iframe loading=\"lazy\" title=\"Simulation de n\u00e9gociations climatiques : Tous unis pour le climat !\" width=\"640\" height=\"360\" src=\"https:\/\/www.youtube.com\/embed\/KD6coXBiDjc?feature=oembed\" frameborder=\"0\" allow=\"accelerometer; autoplay; encrypted-media; gyroscope; picture-in-picture\" allowfullscreen><\/iframe><\/p>\n<h5 style=\"text-align: justify\">Un grand merci \u00e0 l\u2019ensemble des partenaires du projet\u00a0: le Jardin des Sciences de l\u2019universit\u00e9 de Strasbourg \u00e0 l\u2019initiative du projet, le Lyc\u00e9e Jean Monnet de Strasbourg, l\u2019Atelier Canop\u00e9 pour l\u2019aide \u00e0 la r\u00e9alisation de la vid\u00e9o promotionnelle, le CINE Bussierre pour les ateliers suivis, \u00e0 MM. Feidt, Bachmann et Schneider pour avoir d\u00e9but\u00e9 et cl\u00f4tur\u00e9 cette journ\u00e9e.<\/h5>\n<p style=\"text-align: right\"><em>Aur\u00e9lie Roche, professeure documentaliste, pour l&#8217;\u00e9quipe p\u00e9dagogique\u00a0<\/em><\/p>\n","protected":false},"excerpt":{"rendered":"<p>Des r\u00e9solutions pour la plan\u00e8te !<\/p>\n","protected":false},"author":5,"featured_media":6312,"comment_status":"closed","ping_status":"closed","sticky":false,"template":"","format":"standard","meta":[],"categories":[19,11,4,6],"tags":[],"_links":{"self":[{"href":"https:\/\/www.lyceelecorbusier.eu\/projets\/index.php?rest_route=\/wp\/v2\/posts\/6310"}],"collection":[{"href":"https:\/\/www.lyceelecorbusier.eu\/projets\/index.php?rest_route=\/wp\/v2\/posts"}],"about":[{"href":"https:\/\/www.lyceelecorbusier.eu\/projets\/index.php?rest_route=\/wp\/v2\/types\/post"}],"author":[{"embeddable":true,"href":"https:\/\/www.lyceelecorbusier.eu\/projets\/index.php?rest_route=\/wp\/v2\/users\/5"}],"replies":[{"embeddable":true,"href":"https:\/\/www.lyceelecorbusier.eu\/projets\/index.php?rest_route=%2Fwp%2Fv2%2Fcomments&post=6310"}],"version-history":[{"count":3,"href":"https:\/\/www.lyceelecorbusier.eu\/projets\/index.php?rest_route=\/wp\/v2\/posts\/6310\/revisions"}],"predecessor-version":[{"id":6321,"href":"https:\/\/www.lyceelecorbusier.eu\/projets\/index.php?rest_route=\/wp\/v2\/posts\/6310\/revisions\/6321"}],"wp:featuredmedia":[{"embeddable":true,"href":"https:\/\/www.lyceelecorbusier.eu\/projets\/index.php?rest_route=\/wp\/v2\/media\/6312"}],"wp:attachment":[{"href":"https:\/\/www.lyceelecorbusier.eu\/projets\/index.php?rest_route=%2Fwp%2Fv2%2Fmedia&parent=6310"}],"wp:term":[{"taxonomy":"category","embeddable":true,"href":"https:\/\/www.lyceelecorbusier.eu\/projets\/index.php?rest_route=%2Fwp%2Fv2%2Fcategories&post=6310"},{"taxonomy":"post_tag","embeddable":true,"href":"https:\/\/www.lyceelecorbusier.eu\/projets\/index.php?rest_route=%2Fwp%2Fv2%2Ftags&post=6310"}],"curies":[{"name":"wp","href":"https:\/\/api.w.org\/{rel}","templated":true}]}}