{"id":6165,"date":"2019-05-19T11:33:28","date_gmt":"2019-05-19T10:33:28","guid":{"rendered":"http:\/\/www.lyceelecorbusier.eu\/projets\/?p=6165"},"modified":"2019-05-27T09:08:56","modified_gmt":"2019-05-27T08:08:56","slug":"chantier-ecole-en-croatie-2019","status":"publish","type":"post","link":"https:\/\/www.lyceelecorbusier.eu\/projets\/?p=6165","title":{"rendered":"Chantier \u00e9cole en Croatie 2019"},"content":{"rendered":"<h3 style=\"text-align: center\"><strong>Chantier \u00e9cole au camp du &#8220;Petit Joseph&#8221; en Croatie\u00a0<\/strong><\/h3>\n<p style=\"text-align: justify\">Pour ce nouveau s\u00e9jour, <strong>20 \u00e9l\u00e8ves du lyc\u00e9e Le Corbusier ont particip\u00e9 au chantier \u00e9cole en Croatie avec leurs camarades de l&#8217;E.R.E.A.<\/strong> Et le cru 2019 a ressembl\u00e9 \u00e0 toutes les actions qui se sont d\u00e9j\u00e0 d\u00e9roul\u00e9es \u00e0 <em>Savudrija<\/em>\u00a0: les travaux qui ont \u00e9t\u00e9 r\u00e9alis\u00e9s ont donn\u00e9 satisfaction \u00e0 nos h\u00f4tes qui nous ont fortement remerci\u00e9 et exprim\u00e9 leur gratitude.<\/p>\n<h4 style=\"text-align: justify\">Cette action a eu lieu dans le cadre du \u00ab\u00a0Mois de l&#8217;Europe\u00a02019\u00bb organis\u00e9 par la r\u00e9gion Grand Est.<\/h4>\n<p><img loading=\"lazy\" width=\"4875\" height=\"1146\" class=\"aligncenter size-full wp-image-6168\" src=\"http:\/\/www.lyceelecorbusier.eu\/projets\/wp-content\/uploads\/sites\/8\/2019\/05\/banniere-1170x275.jpg\" alt=\"\" srcset=\"https:\/\/www.lyceelecorbusier.eu\/projets\/wp-content\/uploads\/sites\/8\/2019\/05\/banniere-1170x275.jpg 4875w, https:\/\/www.lyceelecorbusier.eu\/projets\/wp-content\/uploads\/sites\/8\/2019\/05\/banniere-1170x275-300x71.jpg 300w, https:\/\/www.lyceelecorbusier.eu\/projets\/wp-content\/uploads\/sites\/8\/2019\/05\/banniere-1170x275-768x181.jpg 768w, https:\/\/www.lyceelecorbusier.eu\/projets\/wp-content\/uploads\/sites\/8\/2019\/05\/banniere-1170x275-1024x241.jpg 1024w, https:\/\/www.lyceelecorbusier.eu\/projets\/wp-content\/uploads\/sites\/8\/2019\/05\/banniere-1170x275-1800x423.jpg 1800w, https:\/\/www.lyceelecorbusier.eu\/projets\/wp-content\/uploads\/sites\/8\/2019\/05\/banniere-1170x275-960x226.jpg 960w\" sizes=\"(max-width: 4875px) 100vw, 4875px\" \/><\/p>\n<p style=\"text-align: justify\"><img loading=\"lazy\" class=\" wp-image-6189 alignleft\" src=\"http:\/\/www.lyceelecorbusier.eu\/projets\/wp-content\/uploads\/sites\/8\/2019\/05\/chantier-ecole-19-043-1.jpg\" alt=\"\" width=\"311\" height=\"233\" \/>Tr\u00e8s nombreux cette ann\u00e9e, <strong>les \u00e9l\u00e8ves de la<\/strong> <strong>section \u00ab\u00a0m\u00e9tallerie\u00a0\u00bb<\/strong> ont poursuivi les travaux de remise en \u00e9tat et d&#8217;entretien dans le camp\u00a0: consolidation des rampes d&#8217;acc\u00e8s \u00e0 la mer, r\u00e9paration de la porte d&#8217;entr\u00e9e du centre, du grill de l&#8217;aire de pique-nique et des filets de tables de tennis, mise en place de garages \u00e0 v\u00e9los&#8230; Plusieurs <strong>\u00e9l\u00e8ves de premi\u00e8re ann\u00e9e \u00ab\u00a0peinture\u00a0\u00bb se sont joints \u00e0 leurs homologues de l&#8217;E.R.E.A. <\/strong>pour redonner un coup d&#8217;\u00e9clat \u00e0 des fa\u00e7ades de bungalows bien d\u00e9fraichies et aux trav\u00e9es du stade du camp. <strong>Les carreleurs<\/strong> quant \u00e0 eux ont travaill\u00e9 \u00e0 la r\u00e9novation d&#8217;un espace qui servira de lieu de rencontre pour les groupes qui seront pr\u00e9sents au camp cet \u00e9t\u00e9. <strong>Les \u00e9l\u00e8ves de la section \u00ab\u00a0travaux paysagers\u00a0\u00bb de l&#8217;E.R.E.A.<\/strong> se sont occup\u00e9s du parc et des parterres de fleurs diss\u00e9min\u00e9s aux quatre coins du camping.<\/p>\n<h4><img loading=\"lazy\" width=\"1024\" height=\"768\" class=\"aligncenter size-full wp-image-6170\" src=\"http:\/\/www.lyceelecorbusier.eu\/projets\/wp-content\/uploads\/sites\/8\/2019\/05\/chantier-ecole-19-009.jpg\" alt=\"\" srcset=\"https:\/\/www.lyceelecorbusier.eu\/projets\/wp-content\/uploads\/sites\/8\/2019\/05\/chantier-ecole-19-009.jpg 1024w, https:\/\/www.lyceelecorbusier.eu\/projets\/wp-content\/uploads\/sites\/8\/2019\/05\/chantier-ecole-19-009-300x225.jpg 300w, https:\/\/www.lyceelecorbusier.eu\/projets\/wp-content\/uploads\/sites\/8\/2019\/05\/chantier-ecole-19-009-768x576.jpg 768w, https:\/\/www.lyceelecorbusier.eu\/projets\/wp-content\/uploads\/sites\/8\/2019\/05\/chantier-ecole-19-009-960x720.jpg 960w\" sizes=\"(max-width: 1024px) 100vw, 1024px\" \/> <img loading=\"lazy\" width=\"1024\" height=\"768\" class=\"aligncenter size-full wp-image-6171\" src=\"http:\/\/www.lyceelecorbusier.eu\/projets\/wp-content\/uploads\/sites\/8\/2019\/05\/chantier-ecole-19-012.jpg\" alt=\"\" srcset=\"https:\/\/www.lyceelecorbusier.eu\/projets\/wp-content\/uploads\/sites\/8\/2019\/05\/chantier-ecole-19-012.jpg 1024w, https:\/\/www.lyceelecorbusier.eu\/projets\/wp-content\/uploads\/sites\/8\/2019\/05\/chantier-ecole-19-012-300x225.jpg 300w, https:\/\/www.lyceelecorbusier.eu\/projets\/wp-content\/uploads\/sites\/8\/2019\/05\/chantier-ecole-19-012-768x576.jpg 768w, https:\/\/www.lyceelecorbusier.eu\/projets\/wp-content\/uploads\/sites\/8\/2019\/05\/chantier-ecole-19-012-960x720.jpg 960w\" sizes=\"(max-width: 1024px) 100vw, 1024px\" \/> <img loading=\"lazy\" width=\"1024\" height=\"768\" class=\"aligncenter size-full wp-image-6172\" src=\"http:\/\/www.lyceelecorbusier.eu\/projets\/wp-content\/uploads\/sites\/8\/2019\/05\/chantier-ecole-19-014.jpg\" alt=\"\" srcset=\"https:\/\/www.lyceelecorbusier.eu\/projets\/wp-content\/uploads\/sites\/8\/2019\/05\/chantier-ecole-19-014.jpg 1024w, https:\/\/www.lyceelecorbusier.eu\/projets\/wp-content\/uploads\/sites\/8\/2019\/05\/chantier-ecole-19-014-300x225.jpg 300w, https:\/\/www.lyceelecorbusier.eu\/projets\/wp-content\/uploads\/sites\/8\/2019\/05\/chantier-ecole-19-014-768x576.jpg 768w, https:\/\/www.lyceelecorbusier.eu\/projets\/wp-content\/uploads\/sites\/8\/2019\/05\/chantier-ecole-19-014-960x720.jpg 960w\" sizes=\"(max-width: 1024px) 100vw, 1024px\" \/> <img loading=\"lazy\" width=\"1024\" height=\"768\" class=\"aligncenter size-full wp-image-6178\" src=\"http:\/\/www.lyceelecorbusier.eu\/projets\/wp-content\/uploads\/sites\/8\/2019\/05\/chantier-ecole-19-059.jpg\" alt=\"\" srcset=\"https:\/\/www.lyceelecorbusier.eu\/projets\/wp-content\/uploads\/sites\/8\/2019\/05\/chantier-ecole-19-059.jpg 1024w, https:\/\/www.lyceelecorbusier.eu\/projets\/wp-content\/uploads\/sites\/8\/2019\/05\/chantier-ecole-19-059-300x225.jpg 300w, https:\/\/www.lyceelecorbusier.eu\/projets\/wp-content\/uploads\/sites\/8\/2019\/05\/chantier-ecole-19-059-768x576.jpg 768w, https:\/\/www.lyceelecorbusier.eu\/projets\/wp-content\/uploads\/sites\/8\/2019\/05\/chantier-ecole-19-059-960x720.jpg 960w\" sizes=\"(max-width: 1024px) 100vw, 1024px\" \/> <img loading=\"lazy\" width=\"1024\" height=\"768\" class=\"aligncenter size-full wp-image-6179\" src=\"http:\/\/www.lyceelecorbusier.eu\/projets\/wp-content\/uploads\/sites\/8\/2019\/05\/chantier-ecole-19-064.jpg\" alt=\"\" srcset=\"https:\/\/www.lyceelecorbusier.eu\/projets\/wp-content\/uploads\/sites\/8\/2019\/05\/chantier-ecole-19-064.jpg 1024w, https:\/\/www.lyceelecorbusier.eu\/projets\/wp-content\/uploads\/sites\/8\/2019\/05\/chantier-ecole-19-064-300x225.jpg 300w, https:\/\/www.lyceelecorbusier.eu\/projets\/wp-content\/uploads\/sites\/8\/2019\/05\/chantier-ecole-19-064-768x576.jpg 768w, https:\/\/www.lyceelecorbusier.eu\/projets\/wp-content\/uploads\/sites\/8\/2019\/05\/chantier-ecole-19-064-960x720.jpg 960w\" sizes=\"(max-width: 1024px) 100vw, 1024px\" \/><\/h4>\n<h4><\/h4>\n<h4 style=\"text-align: justify\">Arts : un visuel pour le &#8220;Petit Joseph&#8221;<\/h4>\n<p style=\"text-align: justify\">Il y a plus d&#8217;un si\u00e8cle, Vladimir Nazor, auteur croate de contes pour enfants \u00e9crivait l&#8217;histoire de \u00ab\u00a0Veli Joze\u00a0\u00bb (appel\u00e9 aussi \u00ab\u00a0Petit Joseph\u00a0\u00bb). C&#8217;est ce nom que porte aujourd&#8217;hui le camp dans lequel nous avons s\u00e9journ\u00e9. Mais rien ne le laissait deviner jusqu&#8217;\u00e0 pr\u00e9sent. L&#8217;oubli a \u00e9t\u00e9 r\u00e9par\u00e9 cette ann\u00e9e par le travail de nos \u00e9l\u00e8ves\u00a0: ils ont donn\u00e9 des traits au \u00ab\u00a0Petit Joseph\u00a0\u00bb en <strong>cours d\u2019arts appliqu\u00e9s.<\/strong> Puis \u00e0 l&#8217;aide d&#8217;un pochoir qu&#8217;ils ont soigneusement pr\u00e9par\u00e9 en le d\u00e9coupant, ils ont tagu\u00e9 les murs. La silhouette du \u00ab\u00a0Petit Joseph\u00a0\u00bb accompagn\u00e9e de quelques oiseaux rappellera maintenant aux futures occupants des lieux que ce camp est avant tout un endroit destin\u00e9 \u00e0 l&#8217;accueil des jeunes.<\/p>\n<p><img loading=\"lazy\" width=\"768\" height=\"1024\" class=\"aligncenter size-full wp-image-6181\" src=\"http:\/\/www.lyceelecorbusier.eu\/projets\/wp-content\/uploads\/sites\/8\/2019\/05\/chantier-ecole-19-066.jpg\" alt=\"\" srcset=\"https:\/\/www.lyceelecorbusier.eu\/projets\/wp-content\/uploads\/sites\/8\/2019\/05\/chantier-ecole-19-066.jpg 768w, https:\/\/www.lyceelecorbusier.eu\/projets\/wp-content\/uploads\/sites\/8\/2019\/05\/chantier-ecole-19-066-225x300.jpg 225w, https:\/\/www.lyceelecorbusier.eu\/projets\/wp-content\/uploads\/sites\/8\/2019\/05\/chantier-ecole-19-066-720x960.jpg 720w\" sizes=\"(max-width: 768px) 100vw, 768px\" \/><\/p>\n<h4>L&#8217;article paru dans les DNA du 17 mai 2019<\/h4>\n<h4><img loading=\"lazy\" width=\"422\" height=\"867\" class=\"aligncenter size-full wp-image-6240\" src=\"http:\/\/www.lyceelecorbusier.eu\/projets\/wp-content\/uploads\/sites\/8\/2019\/05\/2019ChantierecoleCroatieNA.png\" alt=\"\" srcset=\"https:\/\/www.lyceelecorbusier.eu\/projets\/wp-content\/uploads\/sites\/8\/2019\/05\/2019ChantierecoleCroatieNA.png 422w, https:\/\/www.lyceelecorbusier.eu\/projets\/wp-content\/uploads\/sites\/8\/2019\/05\/2019ChantierecoleCroatieNA-146x300.png 146w\" sizes=\"(max-width: 422px) 100vw, 422px\" \/><\/h4>\n<h4>Visites culturelles et artistiques<\/h4>\n<p style=\"text-align: justify\">Tous les jours apr\u00e8s le travail, nos \u00e9l\u00e8ves ont eu des activit\u00e9s vari\u00e9es pour agr\u00e9menter ce s\u00e9jour. Ils ont pu visiter la ville romaine de Pula mais aussi les villages pittoresques de Rovinj, Motovum ou encore Groznjan et Umag. Sports, promenades ou simplement repos \u00e9taient aussi au programme\u00a0!<\/p>\n<p><img loading=\"lazy\" width=\"1024\" height=\"768\" class=\"aligncenter size-full wp-image-6174\" src=\"http:\/\/www.lyceelecorbusier.eu\/projets\/wp-content\/uploads\/sites\/8\/2019\/05\/chantier-ecole-19-033.jpg\" alt=\"\" srcset=\"https:\/\/www.lyceelecorbusier.eu\/projets\/wp-content\/uploads\/sites\/8\/2019\/05\/chantier-ecole-19-033.jpg 1024w, https:\/\/www.lyceelecorbusier.eu\/projets\/wp-content\/uploads\/sites\/8\/2019\/05\/chantier-ecole-19-033-300x225.jpg 300w, https:\/\/www.lyceelecorbusier.eu\/projets\/wp-content\/uploads\/sites\/8\/2019\/05\/chantier-ecole-19-033-768x576.jpg 768w, https:\/\/www.lyceelecorbusier.eu\/projets\/wp-content\/uploads\/sites\/8\/2019\/05\/chantier-ecole-19-033-960x720.jpg 960w\" sizes=\"(max-width: 1024px) 100vw, 1024px\" \/> <img loading=\"lazy\" width=\"1024\" height=\"768\" class=\"aligncenter size-full wp-image-6173\" src=\"http:\/\/www.lyceelecorbusier.eu\/projets\/wp-content\/uploads\/sites\/8\/2019\/05\/chantier-ecole-19-025.jpg\" alt=\"\" srcset=\"https:\/\/www.lyceelecorbusier.eu\/projets\/wp-content\/uploads\/sites\/8\/2019\/05\/chantier-ecole-19-025.jpg 1024w, https:\/\/www.lyceelecorbusier.eu\/projets\/wp-content\/uploads\/sites\/8\/2019\/05\/chantier-ecole-19-025-300x225.jpg 300w, https:\/\/www.lyceelecorbusier.eu\/projets\/wp-content\/uploads\/sites\/8\/2019\/05\/chantier-ecole-19-025-768x576.jpg 768w, https:\/\/www.lyceelecorbusier.eu\/projets\/wp-content\/uploads\/sites\/8\/2019\/05\/chantier-ecole-19-025-960x720.jpg 960w\" sizes=\"(max-width: 1024px) 100vw, 1024px\" \/><\/p>\n<h4>Sport et activit\u00e9s physiques<\/h4>\n<p style=\"text-align: justify\">Pour respecter les usages mis en place au fil des ann\u00e9es,<strong> une demie journ\u00e9e sportive a \u00e9t\u00e9 organis\u00e9e par le service d\u00e9partemental de l&#8217;UNSS qui participe \u00e0 ce projet<\/strong>. Des rencontres sportives en football gar\u00e7ons, basket, volley, tennis de table, fl\u00e9chettes ont pr\u00e9c\u00e9d\u00e9 une rencontre f\u00e9minine de football opposant le personnel de service du camp aux jeunes fran\u00e7aises du lyc\u00e9e Le Corbusier et de l&#8217;E.R.E.A. Succ\u00e8s des n\u00f4tres devant une centaine de spectateurs, mais il faut dire que la moyenne d&#8217;\u00e2ge des deux \u00e9quipes n&#8217;\u00e9tait pas la m\u00eame\u00a0!<\/p>\n<p><img loading=\"lazy\" width=\"1024\" height=\"768\" class=\"aligncenter size-full wp-image-6177\" src=\"http:\/\/www.lyceelecorbusier.eu\/projets\/wp-content\/uploads\/sites\/8\/2019\/05\/chantier-ecole-19-047.jpg\" alt=\"\" srcset=\"https:\/\/www.lyceelecorbusier.eu\/projets\/wp-content\/uploads\/sites\/8\/2019\/05\/chantier-ecole-19-047.jpg 1024w, https:\/\/www.lyceelecorbusier.eu\/projets\/wp-content\/uploads\/sites\/8\/2019\/05\/chantier-ecole-19-047-300x225.jpg 300w, https:\/\/www.lyceelecorbusier.eu\/projets\/wp-content\/uploads\/sites\/8\/2019\/05\/chantier-ecole-19-047-768x576.jpg 768w, https:\/\/www.lyceelecorbusier.eu\/projets\/wp-content\/uploads\/sites\/8\/2019\/05\/chantier-ecole-19-047-960x720.jpg 960w\" sizes=\"(max-width: 1024px) 100vw, 1024px\" \/><\/p>\n<p style=\"text-align: justify\"><strong>A la fin du s\u00e9jour, le directeur du camp a remerci\u00e9 et f\u00e9licit\u00e9 tous les \u00e9l\u00e8ves ayant particip\u00e9 \u00e0 ce chantier \u00e9cole dont la renomm\u00e9e d\u00e9passe maintenant largement les limites du village de Savudrija.<\/strong> Il y a encore peu de groupes scolaires fran\u00e7ais qui viennent en Croatie \u00e0 cette \u00e9poque de l&#8217;ann\u00e9e et partout o\u00f9 nous passons, force est de reconna\u00eetre que nous sommes toujours tr\u00e8s bien re\u00e7us\u00a0!<\/p>\n<p style=\"text-align: justify\"><strong>Un nouveau d\u00e9placement est envisag\u00e9 l&#8217;an prochain au m\u00eame endroit pour participer \u00e0 la campagne 2020, suite \u00e0 l&#8217;invitation faite avant notre retour par le directeur du camp! C&#8217;est dire si la qualit\u00e9 du travail r\u00e9alis\u00e9 par des \u00e9l\u00e8ves encore en formation est reconnue.<\/strong><\/p>\n<p style=\"text-align: justify\">Le comportement des \u00e9l\u00e8ves a \u00e9t\u00e9 satisfaisant\u00a0: les horaires de travail ont \u00e9t\u00e9 respect\u00e9s, le travail fait et les chantiers ont \u00e9t\u00e9 rendus tr\u00e8s propres. La seule ombre au tableau a \u00e9t\u00e9 le temps qui a \u00e9t\u00e9 loin d&#8217;\u00eatre beau. Quelques t\u00e9m\u00e9raires ont bien essay\u00e9 de mettre leurs orteils dans la mer Adriatique, mais sans vraiment insister !<\/p>\n<p style=\"text-align: center\"><em>Les enseignants accompagnateurs\u00a0:<\/em><\/p>\n<p style=\"text-align: right\"><em>Sandrine Etienne, Maud Didier, Vincent Didier, Emmanuel Thomas pour l&#8217;E.R.E.A.<\/em><\/p>\n<p style=\"text-align: right\"><em>Anne Weisbecker, Claude Dumser, Mathieu Lignel, Ddidier Mailfert pour le Lyc\u00e9e Le Corbusier<\/em><\/p>\n<p><img loading=\"lazy\" width=\"1024\" height=\"768\" class=\"aligncenter size-full wp-image-6175\" src=\"http:\/\/www.lyceelecorbusier.eu\/projets\/wp-content\/uploads\/sites\/8\/2019\/05\/chantier-ecole-19-038.jpg\" alt=\"\" srcset=\"https:\/\/www.lyceelecorbusier.eu\/projets\/wp-content\/uploads\/sites\/8\/2019\/05\/chantier-ecole-19-038.jpg 1024w, https:\/\/www.lyceelecorbusier.eu\/projets\/wp-content\/uploads\/sites\/8\/2019\/05\/chantier-ecole-19-038-300x225.jpg 300w, https:\/\/www.lyceelecorbusier.eu\/projets\/wp-content\/uploads\/sites\/8\/2019\/05\/chantier-ecole-19-038-768x576.jpg 768w, https:\/\/www.lyceelecorbusier.eu\/projets\/wp-content\/uploads\/sites\/8\/2019\/05\/chantier-ecole-19-038-960x720.jpg 960w\" sizes=\"(max-width: 1024px) 100vw, 1024px\" \/><img loading=\"lazy\" width=\"1024\" height=\"765\" class=\"aligncenter size-full wp-image-6180\" src=\"http:\/\/www.lyceelecorbusier.eu\/projets\/wp-content\/uploads\/sites\/8\/2019\/05\/photo-chan-cro-19-004.jpg\" alt=\"\" srcset=\"https:\/\/www.lyceelecorbusier.eu\/projets\/wp-content\/uploads\/sites\/8\/2019\/05\/photo-chan-cro-19-004.jpg 1024w, https:\/\/www.lyceelecorbusier.eu\/projets\/wp-content\/uploads\/sites\/8\/2019\/05\/photo-chan-cro-19-004-300x224.jpg 300w, https:\/\/www.lyceelecorbusier.eu\/projets\/wp-content\/uploads\/sites\/8\/2019\/05\/photo-chan-cro-19-004-768x574.jpg 768w, https:\/\/www.lyceelecorbusier.eu\/projets\/wp-content\/uploads\/sites\/8\/2019\/05\/photo-chan-cro-19-004-960x717.jpg 960w\" sizes=\"(max-width: 1024px) 100vw, 1024px\" \/><\/p>\n<p><img loading=\"lazy\" class=\"aligncenter wp-image-6208\" src=\"http:\/\/www.lyceelecorbusier.eu\/projets\/wp-content\/uploads\/sites\/8\/2019\/05\/images.jpeg\" alt=\"\" width=\"275\" height=\"275\" srcset=\"https:\/\/www.lyceelecorbusier.eu\/projets\/wp-content\/uploads\/sites\/8\/2019\/05\/images.jpeg 225w, https:\/\/www.lyceelecorbusier.eu\/projets\/wp-content\/uploads\/sites\/8\/2019\/05\/images-150x150.jpeg 150w\" sizes=\"(max-width: 275px) 100vw, 275px\" \/><\/p>\n","protected":false},"excerpt":{"rendered":"<p>Savudrija, camp du &#8220;Petit Joseph&#8221; <\/p>\n","protected":false},"author":5,"featured_media":6167,"comment_status":"closed","ping_status":"closed","sticky":false,"template":"","format":"standard","meta":[],"categories":[19,11,3,6],"tags":[],"_links":{"self":[{"href":"https:\/\/www.lyceelecorbusier.eu\/projets\/index.php?rest_route=\/wp\/v2\/posts\/6165"}],"collection":[{"href":"https:\/\/www.lyceelecorbusier.eu\/projets\/index.php?rest_route=\/wp\/v2\/posts"}],"about":[{"href":"https:\/\/www.lyceelecorbusier.eu\/projets\/index.php?rest_route=\/wp\/v2\/types\/post"}],"author":[{"embeddable":true,"href":"https:\/\/www.lyceelecorbusier.eu\/projets\/index.php?rest_route=\/wp\/v2\/users\/5"}],"replies":[{"embeddable":true,"href":"https:\/\/www.lyceelecorbusier.eu\/projets\/index.php?rest_route=%2Fwp%2Fv2%2Fcomments&post=6165"}],"version-history":[{"count":11,"href":"https:\/\/www.lyceelecorbusier.eu\/projets\/index.php?rest_route=\/wp\/v2\/posts\/6165\/revisions"}],"predecessor-version":[{"id":6241,"href":"https:\/\/www.lyceelecorbusier.eu\/projets\/index.php?rest_route=\/wp\/v2\/posts\/6165\/revisions\/6241"}],"wp:featuredmedia":[{"embeddable":true,"href":"https:\/\/www.lyceelecorbusier.eu\/projets\/index.php?rest_route=\/wp\/v2\/media\/6167"}],"wp:attachment":[{"href":"https:\/\/www.lyceelecorbusier.eu\/projets\/index.php?rest_route=%2Fwp%2Fv2%2Fmedia&parent=6165"}],"wp:term":[{"taxonomy":"category","embeddable":true,"href":"https:\/\/www.lyceelecorbusier.eu\/projets\/index.php?rest_route=%2Fwp%2Fv2%2Fcategories&post=6165"},{"taxonomy":"post_tag","embeddable":true,"href":"https:\/\/www.lyceelecorbusier.eu\/projets\/index.php?rest_route=%2Fwp%2Fv2%2Ftags&post=6165"}],"curies":[{"name":"wp","href":"https:\/\/api.w.org\/{rel}","templated":true}]}}