{"id":5950,"date":"2019-04-05T19:16:44","date_gmt":"2019-04-05T18:16:44","guid":{"rendered":"http:\/\/www.lyceelecorbusier.eu\/projets\/?p=5950"},"modified":"2019-04-11T15:54:02","modified_gmt":"2019-04-11T14:54:02","slug":"metamorphose-les-dechets-sublimes","status":"publish","type":"post","link":"https:\/\/www.lyceelecorbusier.eu\/projets\/?p=5950","title":{"rendered":"&#8220;M\u00e9tamorphose : le d\u00e9chet sublim\u00e9&#8221;"},"content":{"rendered":"<h3 style=\"text-align: center\">Des d\u00e9chets qui se m\u00e9tamorphosent en \u0153uvres d\u2019art, vous pensez cela impossible ?! Les \u00e9tudiants en BTS Design Produit et des \u00e9l\u00e8ves de Terminales Arts Appliqu\u00e9s prouvent le contraire.<\/h3>\n<h4 style=\"text-align: center\">Leurs cr\u00e9ations sont expos\u00e9es \u00e0 la m\u00e9diath\u00e8que Sud \u00e0 Illkirch du 5 avril au 25 mai 2019 !<\/h4>\n<p>&nbsp;<\/p>\n<h4>A partir :<\/h4>\n<ul style=\"list-style-type: circle\">\n<li>du d\u00e9tournement de mat\u00e9riaux de rebut, simples et sans valeur, issus de la m\u00eame famille : plastique, papier et carton, verre, bois, tissus, m\u00e9tal<\/li>\n<li><span style=\"font-size: 1em\">\u00a0d&#8217;un th\u00e8me au choix \u00a0: EAU, AIR, TERRE ou FEU<\/span><\/li>\n<li><span style=\"font-size: 1em\">de proc\u00e9d\u00e9s : plier, enrouler, entrelacer, accumuler, superposer, enchev\u00eatrer, ajourer, lac\u00e9rer, triturer, d\u00e9chiqueter, effilocher&#8230;<\/span><\/li>\n<li><span style=\"font-size: 1em\">de modes d&#8217;assemblage : coudre, agrafer, tisser, tresser, coller, \u00e9pingler, nouer, boutonner, visser, clouter&#8230;<\/span><\/li>\n<\/ul>\n<h4 style=\"text-align: center\">&#8230; les \u00e9l\u00e8ves et \u00e9tudiants ont imagin\u00e9 une installation dans l&#8217;espace de la m\u00e9diath\u00e8que Sud d&#8217;Illkirch qui c\u00e9l\u00e8bre la METAMORPHOSE et SUBLIME le d\u00e9chet !<\/h4>\n<p><img loading=\"lazy\" width=\"1280\" height=\"960\" class=\"aligncenter size-full wp-image-5973\" src=\"http:\/\/www.lyceelecorbusier.eu\/projets\/wp-content\/uploads\/sites\/8\/2019\/04\/IMG_9110-1.jpg\" alt=\"\" srcset=\"https:\/\/www.lyceelecorbusier.eu\/projets\/wp-content\/uploads\/sites\/8\/2019\/04\/IMG_9110-1.jpg 1280w, https:\/\/www.lyceelecorbusier.eu\/projets\/wp-content\/uploads\/sites\/8\/2019\/04\/IMG_9110-1-300x225.jpg 300w, https:\/\/www.lyceelecorbusier.eu\/projets\/wp-content\/uploads\/sites\/8\/2019\/04\/IMG_9110-1-768x576.jpg 768w, https:\/\/www.lyceelecorbusier.eu\/projets\/wp-content\/uploads\/sites\/8\/2019\/04\/IMG_9110-1-1024x768.jpg 1024w, https:\/\/www.lyceelecorbusier.eu\/projets\/wp-content\/uploads\/sites\/8\/2019\/04\/IMG_9110-1-960x720.jpg 960w\" sizes=\"(max-width: 1280px) 100vw, 1280px\" \/><\/p>\n<p style=\"text-align: justify\">Ce projet a \u00e9t\u00e9 l\u2019occasion pour les \u00e9l\u00e8ves et \u00e9tudiants de travailler en \u00e9quipe, d\u2019exposer leurs r\u00e9alisations dans un autre contexte que l\u2019\u00e9cole et surtout de s\u2019interroger sur les cons\u00e9quences de la pollution, la n\u00e9cessit\u00e9 de recycler les d\u00e9chets du quotidien et d\u2019adopter un comportement plus raisonn\u00e9 et durable.<\/p>\n<p style=\"text-align: justify\">Quelques contraintes ont \u00e9t\u00e9 propos\u00e9es aux TS2DP, notamment le fait de prendre comme point de d\u00e9part un des 4 \u00e9l\u00e9ments : eau, air, terre ou feu. Ils devaient \u00e9galement s\u2019approprier une famille de mat\u00e9riaux de rebut : plastique, papier et carton, verre, m\u00e9tal.<\/p>\n<p style=\"text-align: justify\">6 \u00e9quipes ont \u00e9t\u00e9 constitu\u00e9es sur cette base avec comme objectif de m\u00e9tamorphoser au niveau plastique ces mat\u00e9riaux qu\u2019ils avaient collect\u00e9s pendant de longues semaines.<\/p>\n<h4>Ils ont ainsi propos\u00e9 des installations parfois po\u00e9tiques, parfois engag\u00e9es :<\/h4>\n<ul>\n<li>d\u00e9non\u00e7ant la pollution des fonds marins et des eaux,<\/li>\n<li><span style=\"font-size: 1em\">les probl\u00e8mes de r\u00e9chauffement climatique et les catastrophes naturelles que cela\u00a0\u00a0\u00a0 engendre,<\/span><\/li>\n<li><span style=\"font-size: 1em\">les probl\u00e8mes de d\u00e9forestation,<\/span><\/li>\n<li><span style=\"font-size: 1em\">ou de consommation de masse.<\/span><\/li>\n<\/ul>\n<div><\/div>\n<div><img loading=\"lazy\" width=\"1024\" height=\"768\" class=\"aligncenter size-full wp-image-5915\" src=\"http:\/\/www.lyceelecorbusier.eu\/projets\/wp-content\/uploads\/sites\/8\/2019\/04\/IMG_9097.jpg\" alt=\"\" srcset=\"https:\/\/www.lyceelecorbusier.eu\/projets\/wp-content\/uploads\/sites\/8\/2019\/04\/IMG_9097.jpg 1024w, https:\/\/www.lyceelecorbusier.eu\/projets\/wp-content\/uploads\/sites\/8\/2019\/04\/IMG_9097-300x225.jpg 300w, https:\/\/www.lyceelecorbusier.eu\/projets\/wp-content\/uploads\/sites\/8\/2019\/04\/IMG_9097-768x576.jpg 768w, https:\/\/www.lyceelecorbusier.eu\/projets\/wp-content\/uploads\/sites\/8\/2019\/04\/IMG_9097-960x720.jpg 960w\" sizes=\"(max-width: 1024px) 100vw, 1024px\" \/> <img loading=\"lazy\" width=\"960\" height=\"1280\" class=\"aligncenter size-full wp-image-5963\" src=\"http:\/\/www.lyceelecorbusier.eu\/projets\/wp-content\/uploads\/sites\/8\/2019\/04\/IMG_9094-1.jpg\" alt=\"\" srcset=\"https:\/\/www.lyceelecorbusier.eu\/projets\/wp-content\/uploads\/sites\/8\/2019\/04\/IMG_9094-1.jpg 960w, https:\/\/www.lyceelecorbusier.eu\/projets\/wp-content\/uploads\/sites\/8\/2019\/04\/IMG_9094-1-225x300.jpg 225w, https:\/\/www.lyceelecorbusier.eu\/projets\/wp-content\/uploads\/sites\/8\/2019\/04\/IMG_9094-1-768x1024.jpg 768w, https:\/\/www.lyceelecorbusier.eu\/projets\/wp-content\/uploads\/sites\/8\/2019\/04\/IMG_9094-1-900x1200.jpg 900w, https:\/\/www.lyceelecorbusier.eu\/projets\/wp-content\/uploads\/sites\/8\/2019\/04\/IMG_9094-1-720x960.jpg 720w\" sizes=\"(max-width: 960px) 100vw, 960px\" \/><\/div>\n<div><img loading=\"lazy\" width=\"1280\" height=\"960\" class=\"aligncenter size-full wp-image-5969\" src=\"http:\/\/www.lyceelecorbusier.eu\/projets\/wp-content\/uploads\/sites\/8\/2019\/04\/IMG_9104-1.jpg\" alt=\"\" srcset=\"https:\/\/www.lyceelecorbusier.eu\/projets\/wp-content\/uploads\/sites\/8\/2019\/04\/IMG_9104-1.jpg 1280w, https:\/\/www.lyceelecorbusier.eu\/projets\/wp-content\/uploads\/sites\/8\/2019\/04\/IMG_9104-1-300x225.jpg 300w, https:\/\/www.lyceelecorbusier.eu\/projets\/wp-content\/uploads\/sites\/8\/2019\/04\/IMG_9104-1-768x576.jpg 768w, https:\/\/www.lyceelecorbusier.eu\/projets\/wp-content\/uploads\/sites\/8\/2019\/04\/IMG_9104-1-1024x768.jpg 1024w, https:\/\/www.lyceelecorbusier.eu\/projets\/wp-content\/uploads\/sites\/8\/2019\/04\/IMG_9104-1-960x720.jpg 960w\" sizes=\"(max-width: 1280px) 100vw, 1280px\" \/><\/div>\n<div><\/div>\n<div>\n<p>Les terminales arts appliqu\u00e9s ont quant \u00e0 eux pu s\u2019exprimer en d\u00e9tournant les d\u00e9chets du quotidien en proposant des r\u00e9alisations concr\u00e8tes notamment dans le domaine du luminaire, du bijou et de l\u2019objet.<\/p>\n<p>Ce fut une exp\u00e9rience riche et stimulante pour tous et les r\u00e9sultats t\u00e9moignent de l\u2019enthousiasme, de l\u2019investissement et de l\u2019engagement des \u00e9tudiants dans ce projet.<\/p>\n<div><\/div>\n<div style=\"text-align: right\"><em>Projet sous la responsabilit\u00e9 de Mme Fannie Lefebvre, professeure\u00a0d&#8217;arts appliqu\u00e9s au lyc\u00e9e Le Corbusier et en partenariat avec la M\u00e9diath\u00e8que Sud d&#8217;Ilkirch..<\/em><\/div>\n<div><\/div>\n<\/div>\n<div><\/div>\n<div style=\"text-align: center\">\n\t\t<!-- MasterSlider -->\n\t\t<div id=\"P_MS69f5c0d193f0f\" class=\"master-slider-parent msl ms-parent-id-183\" style=\"max-width:1000px;\">\n\n\t\t\t\n\t\t\t<!-- MasterSlider Main -->\n\t\t\t<div id=\"MS69f5c0d193f0f\" class=\"master-slider ms-skin-light-3\" >\n\t\t\t\t \t\t\t\t \n\t\t\t\t<div  class=\"ms-slide\" data-delay=\"3\" data-fill-mode=\"fill\"  >\n\t\t\t\t\t<img src=\"https:\/\/www.lyceelecorbusier.eu\/projets\/wp-content\/plugins\/master-slider\/public\/assets\/css\/blank.gif\" alt=\"\" title=\"\" data-src=\"https:\/\/www.lyceelecorbusier.eu\/projets\/wp-content\/uploads\/sites\/8\/2019\/04\/IMG_9101-1-1000x500.jpg\" \/>\n\n\n\t<div class=\"ms-thumb\" ><div class=\"ms-tab-context\"><div class=&quot;ms-tab-context&quot;><\/div><\/div>\n<\/div>\n\t\t\t\t<\/div>\n\t\t\t\t<div  class=\"ms-slide\" data-delay=\"3\" data-fill-mode=\"fill\"  >\n\t\t\t\t\t<img src=\"https:\/\/www.lyceelecorbusier.eu\/projets\/wp-content\/plugins\/master-slider\/public\/assets\/css\/blank.gif\" alt=\"\" title=\"\" data-src=\"https:\/\/www.lyceelecorbusier.eu\/projets\/wp-content\/uploads\/sites\/8\/2019\/04\/IMG_9100-1-1000x500.jpg\" \/>\n\n\n\t<div class=\"ms-thumb\" ><div class=\"ms-tab-context\"><div class=&quot;ms-tab-context&quot;><\/div><\/div>\n<\/div>\n\t\t\t\t<\/div>\n\t\t\t\t<div  class=\"ms-slide\" data-delay=\"3\" data-fill-mode=\"fill\"  >\n\t\t\t\t\t<img src=\"https:\/\/www.lyceelecorbusier.eu\/projets\/wp-content\/plugins\/master-slider\/public\/assets\/css\/blank.gif\" alt=\"\" title=\"\" data-src=\"https:\/\/www.lyceelecorbusier.eu\/projets\/wp-content\/uploads\/sites\/8\/2019\/04\/IMG_9104-1-1000x500.jpg\" \/>\n\n\n\t<div class=\"ms-thumb\" ><div class=\"ms-tab-context\"><div class=&quot;ms-tab-context&quot;><\/div><\/div>\n<\/div>\n\t\t\t\t<\/div>\n\t\t\t\t<div  class=\"ms-slide\" data-delay=\"3\" data-fill-mode=\"fill\"  >\n\t\t\t\t\t<img src=\"https:\/\/www.lyceelecorbusier.eu\/projets\/wp-content\/plugins\/master-slider\/public\/assets\/css\/blank.gif\" alt=\"\" title=\"\" data-src=\"https:\/\/www.lyceelecorbusier.eu\/projets\/wp-content\/uploads\/sites\/8\/2019\/04\/IMG_9105-1-1000x500.jpg\" \/>\n\n\n\t<div class=\"ms-thumb\" ><div class=\"ms-tab-context\"><div class=&quot;ms-tab-context&quot;><\/div><\/div>\n<\/div>\n\t\t\t\t<\/div>\n\t\t\t\t<div  class=\"ms-slide\" data-delay=\"3\" data-fill-mode=\"fill\"  >\n\t\t\t\t\t<img src=\"https:\/\/www.lyceelecorbusier.eu\/projets\/wp-content\/plugins\/master-slider\/public\/assets\/css\/blank.gif\" alt=\"\" title=\"\" data-src=\"https:\/\/www.lyceelecorbusier.eu\/projets\/wp-content\/uploads\/sites\/8\/2019\/04\/IMG_9094-1.jpg\" \/>\n\n\n\t<div class=\"ms-thumb\" ><div class=\"ms-tab-context\"><div class=&quot;ms-tab-context&quot;><\/div><\/div>\n<\/div>\n\t\t\t\t<\/div>\n\t\t\t\t<div  class=\"ms-slide\" data-delay=\"3\" data-fill-mode=\"fill\"  >\n\t\t\t\t\t<img src=\"https:\/\/www.lyceelecorbusier.eu\/projets\/wp-content\/plugins\/master-slider\/public\/assets\/css\/blank.gif\" alt=\"\" title=\"\" data-src=\"https:\/\/www.lyceelecorbusier.eu\/projets\/wp-content\/uploads\/sites\/8\/2019\/04\/IMG_9097-1-1000x500.jpg\" \/>\n\n\n\t<div class=\"ms-thumb\" ><div class=\"ms-tab-context\"><div class=&quot;ms-tab-context&quot;><\/div><\/div>\n<\/div>\n\t\t\t\t<\/div>\n\t\t\t\t<div  class=\"ms-slide\" data-delay=\"3\" data-fill-mode=\"fill\"  >\n\t\t\t\t\t<img src=\"https:\/\/www.lyceelecorbusier.eu\/projets\/wp-content\/plugins\/master-slider\/public\/assets\/css\/blank.gif\" alt=\"\" title=\"\" data-src=\"https:\/\/www.lyceelecorbusier.eu\/projets\/wp-content\/uploads\/sites\/8\/2019\/04\/IMG_9096-1-1000x500.jpg\" \/>\n\n\n\t<div class=\"ms-thumb\" ><div class=\"ms-tab-context\"><div class=&quot;ms-tab-context&quot;><\/div><\/div>\n<\/div>\n\t\t\t\t<\/div>\n\t\t\t\t<div  class=\"ms-slide\" data-delay=\"3\" data-fill-mode=\"fill\"  >\n\t\t\t\t\t<img src=\"https:\/\/www.lyceelecorbusier.eu\/projets\/wp-content\/plugins\/master-slider\/public\/assets\/css\/blank.gif\" alt=\"\" title=\"\" data-src=\"https:\/\/www.lyceelecorbusier.eu\/projets\/wp-content\/uploads\/sites\/8\/2019\/04\/IMG_9103-1-1000x500.jpg\" \/>\n\n\n\t<div class=\"ms-thumb\" ><div class=\"ms-tab-context\"><div class=&quot;ms-tab-context&quot;><\/div><\/div>\n<\/div>\n\t\t\t\t<\/div>\n\t\t\t\t<div  class=\"ms-slide\" data-delay=\"3\" data-fill-mode=\"fill\"  >\n\t\t\t\t\t<img src=\"https:\/\/www.lyceelecorbusier.eu\/projets\/wp-content\/plugins\/master-slider\/public\/assets\/css\/blank.gif\" alt=\"\" title=\"\" data-src=\"https:\/\/www.lyceelecorbusier.eu\/projets\/wp-content\/uploads\/sites\/8\/2019\/04\/IMG_9106-1-1000x500.jpg\" \/>\n\n\n\t<div class=\"ms-thumb\" ><div class=\"ms-tab-context\"><div class=&quot;ms-tab-context&quot;><\/div><\/div>\n<\/div>\n\t\t\t\t<\/div>\n\t\t\t\t<div  class=\"ms-slide\" data-delay=\"3\" data-fill-mode=\"fill\"  >\n\t\t\t\t\t<img src=\"https:\/\/www.lyceelecorbusier.eu\/projets\/wp-content\/plugins\/master-slider\/public\/assets\/css\/blank.gif\" alt=\"\" title=\"\" data-src=\"https:\/\/www.lyceelecorbusier.eu\/projets\/wp-content\/uploads\/sites\/8\/2019\/04\/IMG_9107-2-1000x500.jpg\" \/>\n\n\n\t<div class=\"ms-thumb\" ><div class=\"ms-tab-context\"><div class=&quot;ms-tab-context&quot;><\/div><\/div>\n<\/div>\n\t\t\t\t<\/div>\n\t\t\t\t<div  class=\"ms-slide\" data-delay=\"3\" data-fill-mode=\"fill\"  >\n\t\t\t\t\t<img src=\"https:\/\/www.lyceelecorbusier.eu\/projets\/wp-content\/plugins\/master-slider\/public\/assets\/css\/blank.gif\" alt=\"\" title=\"\" data-src=\"https:\/\/www.lyceelecorbusier.eu\/projets\/wp-content\/uploads\/sites\/8\/2019\/04\/IMG_9110-1-1000x500.jpg\" \/>\n\n\n\t<div class=\"ms-thumb\" ><div class=\"ms-tab-context\"><div class=&quot;ms-tab-context&quot;><\/div><\/div>\n<\/div>\n\t\t\t\t<\/div>\n\t\t\t\t<div  class=\"ms-slide\" data-delay=\"3\" data-fill-mode=\"fill\"  >\n\t\t\t\t\t<img src=\"https:\/\/www.lyceelecorbusier.eu\/projets\/wp-content\/plugins\/master-slider\/public\/assets\/css\/blank.gif\" alt=\"\" title=\"\" data-src=\"https:\/\/www.lyceelecorbusier.eu\/projets\/wp-content\/uploads\/sites\/8\/2019\/04\/IMG_9111-1-1000x500.jpg\" \/>\n\n\n\t<div class=\"ms-thumb\" ><div class=\"ms-tab-context\"><div class=&quot;ms-tab-context&quot;><\/div><\/div>\n<\/div>\n\t\t\t\t<\/div>\n\t\t\t\t<div  class=\"ms-slide\" data-delay=\"3\" data-fill-mode=\"fill\"  >\n\t\t\t\t\t<img src=\"https:\/\/www.lyceelecorbusier.eu\/projets\/wp-content\/plugins\/master-slider\/public\/assets\/css\/blank.gif\" alt=\"\" title=\"\" data-src=\"https:\/\/www.lyceelecorbusier.eu\/projets\/wp-content\/uploads\/sites\/8\/2019\/04\/IMG_9113-1-1000x500.jpg\" \/>\n\n\n\t<div class=\"ms-thumb\" ><div class=\"ms-tab-context\"><div class=&quot;ms-tab-context&quot;><\/div><\/div>\n<\/div>\n\t\t\t\t<\/div>\n\t\t\t\t<div  class=\"ms-slide\" data-delay=\"3\" data-fill-mode=\"fill\"  >\n\t\t\t\t\t<img src=\"https:\/\/www.lyceelecorbusier.eu\/projets\/wp-content\/plugins\/master-slider\/public\/assets\/css\/blank.gif\" alt=\"\" title=\"\" data-src=\"https:\/\/www.lyceelecorbusier.eu\/projets\/wp-content\/uploads\/sites\/8\/2019\/04\/IMG_9116-1-1000x500.jpg\" \/>\n\n\n\t<div class=\"ms-thumb\" ><div class=\"ms-tab-context\"><div class=&quot;ms-tab-context&quot;><\/div><\/div>\n<\/div>\n\t\t\t\t<\/div>\n\t\t\t\t<div  class=\"ms-slide\" data-delay=\"3\" data-fill-mode=\"fill\"  >\n\t\t\t\t\t<img src=\"https:\/\/www.lyceelecorbusier.eu\/projets\/wp-content\/plugins\/master-slider\/public\/assets\/css\/blank.gif\" alt=\"\" title=\"\" data-src=\"https:\/\/www.lyceelecorbusier.eu\/projets\/wp-content\/uploads\/sites\/8\/2019\/04\/IMG_9120-1-1000x500.jpg\" \/>\n\n\n\t<div class=\"ms-thumb\" ><div class=\"ms-tab-context\"><div class=&quot;ms-tab-context&quot;><\/div><\/div>\n<\/div>\n\t\t\t\t<\/div>\n\t\t\t\t<div  class=\"ms-slide\" data-delay=\"3\" data-fill-mode=\"fill\"  >\n\t\t\t\t\t<img src=\"https:\/\/www.lyceelecorbusier.eu\/projets\/wp-content\/plugins\/master-slider\/public\/assets\/css\/blank.gif\" alt=\"\" title=\"\" data-src=\"https:\/\/www.lyceelecorbusier.eu\/projets\/wp-content\/uploads\/sites\/8\/2019\/04\/IMG_9121-1-1000x500.jpg\" \/>\n\n\n\t<div class=\"ms-thumb\" ><div class=\"ms-tab-context\"><div class=&quot;ms-tab-context&quot;><\/div><\/div>\n<\/div>\n\t\t\t\t<\/div>\n\t\t\t\t<div  class=\"ms-slide\" data-delay=\"3\" data-fill-mode=\"fill\"  >\n\t\t\t\t\t<img src=\"https:\/\/www.lyceelecorbusier.eu\/projets\/wp-content\/plugins\/master-slider\/public\/assets\/css\/blank.gif\" alt=\"\" title=\"\" data-src=\"https:\/\/www.lyceelecorbusier.eu\/projets\/wp-content\/uploads\/sites\/8\/2019\/04\/IMG_9124-1-1000x500.jpg\" \/>\n\n\n\t<div class=\"ms-thumb\" ><div class=\"ms-tab-context\"><div class=&quot;ms-tab-context&quot;><\/div><\/div>\n<\/div>\n\t\t\t\t<\/div>\n\t\t\t\t<div  class=\"ms-slide\" data-delay=\"3\" data-fill-mode=\"fill\"  >\n\t\t\t\t\t<img src=\"https:\/\/www.lyceelecorbusier.eu\/projets\/wp-content\/plugins\/master-slider\/public\/assets\/css\/blank.gif\" alt=\"\" title=\"\" data-src=\"https:\/\/www.lyceelecorbusier.eu\/projets\/wp-content\/uploads\/sites\/8\/2019\/04\/IMG_9129-1-1000x500.jpg\" \/>\n\n\n\t<div class=\"ms-thumb\" ><div class=\"ms-tab-context\"><div class=&quot;ms-tab-context&quot;><\/div><\/div>\n<\/div>\n\t\t\t\t<\/div>\n\t\t\t\t<div  class=\"ms-slide\" data-delay=\"3\" data-fill-mode=\"fill\"  >\n\t\t\t\t\t<img src=\"https:\/\/www.lyceelecorbusier.eu\/projets\/wp-content\/plugins\/master-slider\/public\/assets\/css\/blank.gif\" alt=\"\" title=\"\" data-src=\"https:\/\/www.lyceelecorbusier.eu\/projets\/wp-content\/uploads\/sites\/8\/2019\/04\/IMG_9133-1-1000x500.jpg\" \/>\n\n\n\t<div class=\"ms-thumb\" ><div class=\"ms-tab-context\"><div class=&quot;ms-tab-context&quot;><\/div><\/div>\n<\/div>\n\t\t\t\t<\/div>\n\t\t\t\t<div  class=\"ms-slide\" data-delay=\"3\" data-fill-mode=\"fill\"  >\n\t\t\t\t\t<img src=\"https:\/\/www.lyceelecorbusier.eu\/projets\/wp-content\/plugins\/master-slider\/public\/assets\/css\/blank.gif\" alt=\"\" title=\"\" data-src=\"https:\/\/www.lyceelecorbusier.eu\/projets\/wp-content\/uploads\/sites\/8\/2019\/04\/IMG_9135-1-1000x500.jpg\" \/>\n\n\n\t<div class=\"ms-thumb\" ><div class=\"ms-tab-context\"><div class=&quot;ms-tab-context&quot;><\/div><\/div>\n<\/div>\n\t\t\t\t<\/div>\n\t\t\t\t<div  class=\"ms-slide\" data-delay=\"3\" data-fill-mode=\"fill\"  >\n\t\t\t\t\t<img src=\"https:\/\/www.lyceelecorbusier.eu\/projets\/wp-content\/plugins\/master-slider\/public\/assets\/css\/blank.gif\" alt=\"\" title=\"\" data-src=\"https:\/\/www.lyceelecorbusier.eu\/projets\/wp-content\/uploads\/sites\/8\/2019\/04\/IMG_9136-1-1000x500.jpg\" \/>\n\n\n\t<div class=\"ms-thumb\" ><div class=\"ms-tab-context\"><div class=&quot;ms-tab-context&quot;><\/div><\/div>\n<\/div>\n\t\t\t\t<\/div>\n\t\t\t\t<div  class=\"ms-slide\" data-delay=\"3\" data-fill-mode=\"fill\"  >\n\t\t\t\t\t<img src=\"https:\/\/www.lyceelecorbusier.eu\/projets\/wp-content\/plugins\/master-slider\/public\/assets\/css\/blank.gif\" alt=\"\" title=\"\" data-src=\"https:\/\/www.lyceelecorbusier.eu\/projets\/wp-content\/uploads\/sites\/8\/2019\/04\/IMG_9140-1-1000x500.jpg\" \/>\n\n\n\t<div class=\"ms-thumb\" ><div class=\"ms-tab-context\"><div class=&quot;ms-tab-context&quot;><\/div><\/div>\n<\/div>\n\t\t\t\t<\/div>\n\t\t\t\t<div  class=\"ms-slide\" data-delay=\"3\" data-fill-mode=\"fill\"  >\n\t\t\t\t\t<img src=\"https:\/\/www.lyceelecorbusier.eu\/projets\/wp-content\/plugins\/master-slider\/public\/assets\/css\/blank.gif\" alt=\"\" title=\"\" data-src=\"https:\/\/www.lyceelecorbusier.eu\/projets\/wp-content\/uploads\/sites\/8\/2019\/04\/IMG_9145-1-1000x500.jpg\" \/>\n\n\n\t<div class=\"ms-thumb\" ><div class=\"ms-tab-context\"><div class=&quot;ms-tab-context&quot;><\/div><\/div>\n<\/div>\n\t\t\t\t<\/div>\n\t\t\t\t<div  class=\"ms-slide\" data-delay=\"3\" data-fill-mode=\"fill\"  >\n\t\t\t\t\t<img src=\"https:\/\/www.lyceelecorbusier.eu\/projets\/wp-content\/plugins\/master-slider\/public\/assets\/css\/blank.gif\" alt=\"\" title=\"\" data-src=\"https:\/\/www.lyceelecorbusier.eu\/projets\/wp-content\/uploads\/sites\/8\/2019\/04\/IMG_9148-1-1000x500.jpg\" \/>\n\n\n\t<div class=\"ms-thumb\" ><div class=\"ms-tab-context\"><div class=&quot;ms-tab-context&quot;><\/div><\/div>\n<\/div>\n\t\t\t\t<\/div>\n\t\t\t\t<div  class=\"ms-slide\" data-delay=\"3\" data-fill-mode=\"fill\"  >\n\t\t\t\t\t<img src=\"https:\/\/www.lyceelecorbusier.eu\/projets\/wp-content\/plugins\/master-slider\/public\/assets\/css\/blank.gif\" alt=\"\" title=\"\" data-src=\"https:\/\/www.lyceelecorbusier.eu\/projets\/wp-content\/uploads\/sites\/8\/2019\/04\/IMG_9150-1-1000x500.jpg\" \/>\n\n\n\t<div class=\"ms-thumb\" ><div class=\"ms-tab-context\"><div class=&quot;ms-tab-context&quot;><\/div><\/div>\n<\/div>\n\t\t\t\t<\/div>\n\t\t\t\t<div  class=\"ms-slide\" data-delay=\"3\" data-fill-mode=\"fill\"  >\n\t\t\t\t\t<img src=\"https:\/\/www.lyceelecorbusier.eu\/projets\/wp-content\/plugins\/master-slider\/public\/assets\/css\/blank.gif\" alt=\"\" title=\"\" data-src=\"https:\/\/www.lyceelecorbusier.eu\/projets\/wp-content\/uploads\/sites\/8\/2019\/04\/IMG_9152-1-1000x500.jpg\" \/>\n\n\n\t<div class=\"ms-thumb\" ><div class=\"ms-tab-context\"><div class=&quot;ms-tab-context&quot;><\/div><\/div>\n<\/div>\n\t\t\t\t<\/div>\n\t\t\t\t<div  class=\"ms-slide\" data-delay=\"3\" data-fill-mode=\"fill\"  >\n\t\t\t\t\t<img src=\"https:\/\/www.lyceelecorbusier.eu\/projets\/wp-content\/plugins\/master-slider\/public\/assets\/css\/blank.gif\" alt=\"\" title=\"\" data-src=\"https:\/\/www.lyceelecorbusier.eu\/projets\/wp-content\/uploads\/sites\/8\/2019\/04\/IMG_9153-1-1000x500.jpg\" \/>\n\n\n\t<div class=\"ms-thumb\" ><div class=\"ms-tab-context\"><div class=&quot;ms-tab-context&quot;><\/div><\/div>\n<\/div>\n\t\t\t\t<\/div>\n\t\t\t\t<div  class=\"ms-slide\" data-delay=\"3\" data-fill-mode=\"fill\"  >\n\t\t\t\t\t<img src=\"https:\/\/www.lyceelecorbusier.eu\/projets\/wp-content\/plugins\/master-slider\/public\/assets\/css\/blank.gif\" alt=\"\" title=\"\" data-src=\"https:\/\/www.lyceelecorbusier.eu\/projets\/wp-content\/uploads\/sites\/8\/2019\/04\/IMG_9163-1000x500.jpg\" \/>\n\n\n\t<div class=\"ms-thumb\" ><div class=\"ms-tab-context\"><div class=&quot;ms-tab-context&quot;><\/div><\/div>\n<\/div>\n\t\t\t\t<\/div>\n\t\t\t\t<div  class=\"ms-slide\" data-delay=\"3\" data-fill-mode=\"fill\"  >\n\t\t\t\t\t<img src=\"https:\/\/www.lyceelecorbusier.eu\/projets\/wp-content\/plugins\/master-slider\/public\/assets\/css\/blank.gif\" alt=\"\" title=\"\" data-src=\"https:\/\/www.lyceelecorbusier.eu\/projets\/wp-content\/uploads\/sites\/8\/2019\/04\/IMG_9164-1000x500.jpg\" \/>\n\n\n\t<div class=\"ms-thumb\" ><div class=\"ms-tab-context\"><div class=&quot;ms-tab-context&quot;><\/div><\/div>\n<\/div>\n\t\t\t\t<\/div>\n\t\t\t\t<div  class=\"ms-slide\" data-delay=\"3\" data-fill-mode=\"fill\"  >\n\t\t\t\t\t<img src=\"https:\/\/www.lyceelecorbusier.eu\/projets\/wp-content\/plugins\/master-slider\/public\/assets\/css\/blank.gif\" alt=\"\" title=\"\" data-src=\"https:\/\/www.lyceelecorbusier.eu\/projets\/wp-content\/uploads\/sites\/8\/2019\/04\/IMG_9165.jpg\" \/>\n\n\n\t<div class=\"ms-thumb\" ><div class=\"ms-tab-context\"><div class=&quot;ms-tab-context&quot;><\/div><\/div>\n<\/div>\n\t\t\t\t<\/div>\n\t\t\t\t<div  class=\"ms-slide\" data-delay=\"3\" data-fill-mode=\"fill\"  >\n\t\t\t\t\t<img src=\"https:\/\/www.lyceelecorbusier.eu\/projets\/wp-content\/plugins\/master-slider\/public\/assets\/css\/blank.gif\" alt=\"\" title=\"\" data-src=\"https:\/\/www.lyceelecorbusier.eu\/projets\/wp-content\/uploads\/sites\/8\/2019\/04\/IMG_9166.jpg\" \/>\n\n\n\t<div class=\"ms-thumb\" ><div class=\"ms-tab-context\"><div class=&quot;ms-tab-context&quot;><\/div><\/div>\n<\/div>\n\t\t\t\t<\/div>\n\t\t\t\t<div  class=\"ms-slide\" data-delay=\"3\" data-fill-mode=\"fill\"  >\n\t\t\t\t\t<img src=\"https:\/\/www.lyceelecorbusier.eu\/projets\/wp-content\/plugins\/master-slider\/public\/assets\/css\/blank.gif\" alt=\"\" title=\"\" data-src=\"https:\/\/www.lyceelecorbusier.eu\/projets\/wp-content\/uploads\/sites\/8\/2019\/04\/IMG_9168-1000x500.jpg\" \/>\n\n\n\t<div class=\"ms-thumb\" ><div class=\"ms-tab-context\"><div class=&quot;ms-tab-context&quot;><\/div><\/div>\n<\/div>\n\t\t\t\t<\/div>\n\t\t\t\t<div  class=\"ms-slide\" data-delay=\"3\" data-fill-mode=\"fill\"  >\n\t\t\t\t\t<img src=\"https:\/\/www.lyceelecorbusier.eu\/projets\/wp-content\/plugins\/master-slider\/public\/assets\/css\/blank.gif\" alt=\"\" title=\"\" data-src=\"https:\/\/www.lyceelecorbusier.eu\/projets\/wp-content\/uploads\/sites\/8\/2019\/04\/IMG_9169-1000x500.jpg\" \/>\n\n\n\t<div class=\"ms-thumb\" ><div class=\"ms-tab-context\"><div class=&quot;ms-tab-context&quot;><\/div><\/div>\n<\/div>\n\t\t\t\t<\/div>\n\t\t\t\t<div  class=\"ms-slide\" data-delay=\"3\" data-fill-mode=\"fill\"  >\n\t\t\t\t\t<img src=\"https:\/\/www.lyceelecorbusier.eu\/projets\/wp-content\/plugins\/master-slider\/public\/assets\/css\/blank.gif\" alt=\"\" title=\"\" data-src=\"https:\/\/www.lyceelecorbusier.eu\/projets\/wp-content\/uploads\/sites\/8\/2019\/04\/IMG_9170-1000x500.jpg\" \/>\n\n\n\t<div class=\"ms-thumb\" ><div class=\"ms-tab-context\"><div class=&quot;ms-tab-context&quot;><\/div><\/div>\n<\/div>\n\t\t\t\t<\/div>\n\t\t\t\t<div  class=\"ms-slide\" data-delay=\"3\" data-fill-mode=\"fill\"  >\n\t\t\t\t\t<img src=\"https:\/\/www.lyceelecorbusier.eu\/projets\/wp-content\/plugins\/master-slider\/public\/assets\/css\/blank.gif\" alt=\"\" title=\"\" data-src=\"https:\/\/www.lyceelecorbusier.eu\/projets\/wp-content\/uploads\/sites\/8\/2019\/04\/IMG_9171-1000x500.jpg\" \/>\n\n\n\t<div class=\"ms-thumb\" ><div class=\"ms-tab-context\"><div class=&quot;ms-tab-context&quot;><\/div><\/div>\n<\/div>\n\t\t\t\t<\/div>\n\t\t\t\t<div  class=\"ms-slide\" data-delay=\"3\" data-fill-mode=\"fill\"  >\n\t\t\t\t\t<img src=\"https:\/\/www.lyceelecorbusier.eu\/projets\/wp-content\/plugins\/master-slider\/public\/assets\/css\/blank.gif\" alt=\"\" title=\"\" data-src=\"https:\/\/www.lyceelecorbusier.eu\/projets\/wp-content\/uploads\/sites\/8\/2019\/04\/IMG_9172-1000x500.jpg\" \/>\n\n\n\t<div class=\"ms-thumb\" ><div class=\"ms-tab-context\"><div class=&quot;ms-tab-context&quot;><\/div><\/div>\n<\/div>\n\t\t\t\t<\/div>\n\t\t\t\t<div  class=\"ms-slide\" data-delay=\"3\" data-fill-mode=\"fill\"  >\n\t\t\t\t\t<img src=\"https:\/\/www.lyceelecorbusier.eu\/projets\/wp-content\/plugins\/master-slider\/public\/assets\/css\/blank.gif\" alt=\"\" title=\"\" data-src=\"https:\/\/www.lyceelecorbusier.eu\/projets\/wp-content\/uploads\/sites\/8\/2019\/04\/IMG_9176-1000x500.jpg\" \/>\n\n\n\t<div class=\"ms-thumb\" ><div class=\"ms-tab-context\"><div class=&quot;ms-tab-context&quot;><\/div><\/div>\n<\/div>\n\t\t\t\t<\/div>\n\t\t\t\t<div  class=\"ms-slide\" data-delay=\"3\" data-fill-mode=\"fill\"  >\n\t\t\t\t\t<img src=\"https:\/\/www.lyceelecorbusier.eu\/projets\/wp-content\/plugins\/master-slider\/public\/assets\/css\/blank.gif\" alt=\"\" title=\"\" data-src=\"https:\/\/www.lyceelecorbusier.eu\/projets\/wp-content\/uploads\/sites\/8\/2019\/04\/IMG_9177.jpg\" \/>\n\n\n\t<div class=\"ms-thumb\" ><div class=\"ms-tab-context\"><div class=&quot;ms-tab-context&quot;><\/div><\/div>\n<\/div>\n\t\t\t\t<\/div>\n\t\t\t\t<div  class=\"ms-slide\" data-delay=\"3\" data-fill-mode=\"fill\"  >\n\t\t\t\t\t<img src=\"https:\/\/www.lyceelecorbusier.eu\/projets\/wp-content\/plugins\/master-slider\/public\/assets\/css\/blank.gif\" alt=\"\" title=\"\" data-src=\"https:\/\/www.lyceelecorbusier.eu\/projets\/wp-content\/uploads\/sites\/8\/2019\/04\/IMG_9179-1000x500.jpg\" \/>\n\n\n\t<div class=\"ms-thumb\" ><div class=\"ms-tab-context\"><div class=&quot;ms-tab-context&quot;><\/div><\/div>\n<\/div>\n\t\t\t\t<\/div>\n\t\t\t\t<div  class=\"ms-slide\" data-delay=\"3\" data-fill-mode=\"fill\"  >\n\t\t\t\t\t<img src=\"https:\/\/www.lyceelecorbusier.eu\/projets\/wp-content\/plugins\/master-slider\/public\/assets\/css\/blank.gif\" alt=\"\" title=\"\" data-src=\"https:\/\/www.lyceelecorbusier.eu\/projets\/wp-content\/uploads\/sites\/8\/2019\/04\/IMG_9180-1000x500.jpg\" \/>\n\n\n\t<div class=\"ms-thumb\" ><div class=\"ms-tab-context\"><div class=&quot;ms-tab-context&quot;><\/div><\/div>\n<\/div>\n\t\t\t\t<\/div>\n\t\t\t\t<div  class=\"ms-slide\" data-delay=\"3\" data-fill-mode=\"fill\"  >\n\t\t\t\t\t<img src=\"https:\/\/www.lyceelecorbusier.eu\/projets\/wp-content\/plugins\/master-slider\/public\/assets\/css\/blank.gif\" alt=\"\" title=\"\" data-src=\"https:\/\/www.lyceelecorbusier.eu\/projets\/wp-content\/uploads\/sites\/8\/2019\/04\/IMG_9167-1000x500.jpg\" \/>\n\n\n\t<div class=\"ms-thumb\" ><div class=\"ms-tab-context\"><div class=&quot;ms-tab-context&quot;><\/div><\/div>\n<\/div>\n\t\t\t\t<\/div>\n\n\t\t\t<\/div>\n\t\t\t<!-- END MasterSlider Main -->\n\n\t\t\t \n\t\t<\/div>\n\t\t<!-- END MasterSlider -->\n\n\t\t<script>\n\t\t(function ( $ ) {\n\t\t\t\"use strict\";\n\n\t\t\t$(function () {\n\t\t\t\tvar masterslider_3f0f = new MasterSlider();\n\n\t\t\t\t\/\/ slider controls\n\t\t\t\tmasterslider_3f0f.control('arrows'     ,{ autohide:false, overVideo:true  });\n\t\t\t\t\/\/ slider setup\n\t\t\t\tmasterslider_3f0f.setup(\"MS69f5c0d193f0f\", {\n\t\t\t\t\t\twidth           : 1000,\n\t\t\t\t\t\theight          : 500,\n\t\t\t\t\t\tminHeight       : 0,\n\t\t\t\t\t\tspace           : 0,\n\t\t\t\t\t\tstart           : 1,\n\t\t\t\t\t\tgrabCursor      : true,\n\t\t\t\t\t\tswipe           : true,\n\t\t\t\t\t\tmouse           : true,\n\t\t\t\t\t\tlayout          : \"boxed\",\n\t\t\t\t\t\twheel           : false,\n\t\t\t\t\t\tautoplay        : true,\n\t\t\t\t\t\tinstantStartLayers:false,\n\t\t\t\t\t\tloop            : true,\n\t\t\t\t\t\tshuffle         : false,\n\t\t\t\t\t\tpreload         : 0,\n\t\t\t\t\t\theightLimit     : true,\n\t\t\t\t\t\tautoHeight      : false,\n\t\t\t\t\t\tsmoothHeight    : true,\n\t\t\t\t\t\tendPause        : false,\n\t\t\t\t\t\toverPause       : true,\n\t\t\t\t\t\tfillMode        : \"fill\",\n\t\t\t\t\t\tcenterControls  : true,\n\t\t\t\t\t\tstartOnAppear   : false,\n\t\t\t\t\t\tlayersMode      : \"center\",\n\t\t\t\t\t\thideLayers      : false,\n\t\t\t\t\t\tfullscreenMargin: 0,\n\t\t\t\t\t\tspeed           : 20,\n\t\t\t\t\t\tdir             : \"h\",\n\t\t\t\t\t\tparallaxMode    : 'swipe',\n\t\t\t\t\t\tview            : \"basic\"\n\t\t\t\t});\n\n\t\t\t\t\n\t\t\t\twindow.masterslider_instances = window.masterslider_instances || [];\n\t\t\t\twindow.masterslider_instances.push( masterslider_3f0f );\n\t\t\t });\n\n\t\t})(jQuery);\n\t\t<\/script>\n\n<\/div>\n<div><\/div>\n<div><\/div>\n<div>Du 5 avril au 25 mai 2019, \u00e0 la M\u00e9diath\u00e8que Sud, 9 all\u00e9e Fran\u00e7ois Mitterrand \u00e0 Illkirch.\u00a0<span style=\"font-size: 1em\">Cette exposition s\u2019inscrit dans le temps fort <\/span><a style=\"font-size: 1em\" href=\"http:\/\/strasbourg.curieux.net\/agenda\/sortie?row=64864&amp;evenement=mediatheque-sud-nen-jetez-plus-pour-un-numerique-plus-ecologique-conference\" target=\"_blank\" rel=\"noopener noreferrer\">\u00ab\u00a0N\u2019en jetez plus\u00a0!\u00a0\u00bb.\u00a0 Deux mois de conf\u00e9rences, rencontres, projections et ateliers pour comprendre pourquoi et comment r\u00e9duire nos d\u00e9chets.<\/a><\/div>\n<div><\/div>\n<p>&nbsp;<\/p>\n","protected":false},"excerpt":{"rendered":"<p>Expo BTS et Term. M\u00e9diath\u00e8que Sud <\/p>\n","protected":false},"author":5,"featured_media":6038,"comment_status":"closed","ping_status":"closed","sticky":false,"template":"","format":"standard","meta":[],"categories":[19,11,6],"tags":[],"_links":{"self":[{"href":"https:\/\/www.lyceelecorbusier.eu\/projets\/index.php?rest_route=\/wp\/v2\/posts\/5950"}],"collection":[{"href":"https:\/\/www.lyceelecorbusier.eu\/projets\/index.php?rest_route=\/wp\/v2\/posts"}],"about":[{"href":"https:\/\/www.lyceelecorbusier.eu\/projets\/index.php?rest_route=\/wp\/v2\/types\/post"}],"author":[{"embeddable":true,"href":"https:\/\/www.lyceelecorbusier.eu\/projets\/index.php?rest_route=\/wp\/v2\/users\/5"}],"replies":[{"embeddable":true,"href":"https:\/\/www.lyceelecorbusier.eu\/projets\/index.php?rest_route=%2Fwp%2Fv2%2Fcomments&post=5950"}],"version-history":[{"count":15,"href":"https:\/\/www.lyceelecorbusier.eu\/projets\/index.php?rest_route=\/wp\/v2\/posts\/5950\/revisions"}],"predecessor-version":[{"id":6041,"href":"https:\/\/www.lyceelecorbusier.eu\/projets\/index.php?rest_route=\/wp\/v2\/posts\/5950\/revisions\/6041"}],"wp:featuredmedia":[{"embeddable":true,"href":"https:\/\/www.lyceelecorbusier.eu\/projets\/index.php?rest_route=\/wp\/v2\/media\/6038"}],"wp:attachment":[{"href":"https:\/\/www.lyceelecorbusier.eu\/projets\/index.php?rest_route=%2Fwp%2Fv2%2Fmedia&parent=5950"}],"wp:term":[{"taxonomy":"category","embeddable":true,"href":"https:\/\/www.lyceelecorbusier.eu\/projets\/index.php?rest_route=%2Fwp%2Fv2%2Fcategories&post=5950"},{"taxonomy":"post_tag","embeddable":true,"href":"https:\/\/www.lyceelecorbusier.eu\/projets\/index.php?rest_route=%2Fwp%2Fv2%2Ftags&post=5950"}],"curies":[{"name":"wp","href":"https:\/\/api.w.org\/{rel}","templated":true}]}}