{"id":5823,"date":"2019-03-30T21:22:48","date_gmt":"2019-03-30T20:22:48","guid":{"rendered":"http:\/\/www.lyceelecorbusier.eu\/projets\/?p=5823"},"modified":"2019-03-30T21:26:55","modified_gmt":"2019-03-30T20:26:55","slug":"le-cirque-electrique","status":"publish","type":"post","link":"https:\/\/www.lyceelecorbusier.eu\/projets\/?p=5823","title":{"rendered":"Le cirque \u00e9lectrique"},"content":{"rendered":"<div class=\"page\" title=\"Page 1\">\n<div class=\"layoutArea\">\n<div class=\"column\">\n<h4 style=\"text-align: center\">Les projets \u00ab Acmisa \u00bb au lyc\u00e9e Le Corbusier se suivent mais ne se ressemblent pas. Cette ann\u00e9e en effet, nous n&#8217;avons pas pu proposer d&#8217;action avec notre partenaire \u00abhistorique \u00bb, le th\u00e9\u00e2tre du Maillon, en raison des travaux et de la d\u00e9localisation du th\u00e9\u00e2tre.<\/h4>\n<p style=\"text-align: justify\">Il a donc fallu revoir enti\u00e8rement ce projet. Qu&#8217;\u00e0 cela ne tienne ! Quelques enseignants ont donc d\u00e9cid\u00e9 de se lancer dans l&#8217;aventure du cirque. Pari risqu\u00e9 au d\u00e9part car nous n&#8217;avions que peu de rep\u00e8res. Mais pari r\u00e9ussi au final si on se r\u00e9f\u00e8re \u00e0 la qualit\u00e9 des d\u00e9monstrations propos\u00e9es lors de la \u00ab Journ\u00e9e Portes Ouvertes \u00bb : audace, risques, entraide, mais aussi joie, po\u00e9sie et \u00e9motions \u00e9taient au programme.<\/p>\n<p style=\"text-align: justify\"><strong>Ce projet a associ\u00e9 deux classes de la section \u00ab \u00e9lectricit\u00e9 \u00bb : les CAP 1\u00b0 ann\u00e9e et les 2P MEL.<\/strong> L&#8217;id\u00e9e de d\u00e9part \u00e9tait qu&#8217;une classe pr\u00e9parerait diff\u00e9rents num\u00e9ros de cirque que l&#8217;autre classe se chargerait de mettre en lumi\u00e8re.<\/p>\n<p><img loading=\"lazy\" width=\"1024\" height=\"683\" class=\"aligncenter size-full wp-image-5829\" src=\"http:\/\/www.lyceelecorbusier.eu\/projets\/wp-content\/uploads\/sites\/8\/2019\/03\/IMG_7961.jpg\" alt=\"\" srcset=\"https:\/\/www.lyceelecorbusier.eu\/projets\/wp-content\/uploads\/sites\/8\/2019\/03\/IMG_7961.jpg 1024w, https:\/\/www.lyceelecorbusier.eu\/projets\/wp-content\/uploads\/sites\/8\/2019\/03\/IMG_7961-300x200.jpg 300w, https:\/\/www.lyceelecorbusier.eu\/projets\/wp-content\/uploads\/sites\/8\/2019\/03\/IMG_7961-768x512.jpg 768w, https:\/\/www.lyceelecorbusier.eu\/projets\/wp-content\/uploads\/sites\/8\/2019\/03\/IMG_7961-960x640.jpg 960w\" sizes=\"(max-width: 1024px) 100vw, 1024px\" \/><\/p>\n<p style=\"text-align: justify\"><strong>La premi\u00e8re partie du projet a \u00e9t\u00e9 consacr\u00e9e \u00e0 une d\u00e9couverte de l&#8217;activit\u00e9 \u00ab Arts du cirque \u00bb.<\/strong> Elle a permis aux \u00e9l\u00e8ves des deux classes <a href=\"http:\/\/www.lyceelecorbusier.eu\/projets\/?p=5503\">d&#8217;assister juste avant No\u00ebl au superbe spectacle de la compagnie \u00ab Lazuz \u00bb sous le chapiteau de l&#8217;association \u00ab Graine de cirque \u00bb<\/a><a href=\"http:\/\/www.lyceelecorbusier.eu\/projets\/?p=5503\">\u00a0<em>(lire notre article ici )<\/em><\/a> : jonglages et acrobaties de deux artistes ont montr\u00e9 \u00e0 nos lyc\u00e9ens qu&#8217;une repr\u00e9sentation ne s&#8217;improvise pas et n\u00e9cessite un travail d&#8217;\u00e9quipe o\u00f9 chacun a sa part de responsabilit\u00e9s : dext\u00e9rit\u00e9 pour les artistes, cr\u00e9ativit\u00e9 et imagination pour la mise en lumi\u00e8re (voir: http:\/\/www.lyceelecorbusier.eu\/projets\/?p=5503). A partir du mois de janvier, conjointement \u00e0 un cycle d&#8217;initiation aux \u00ab Arts du cirque \u00bb, la classe de CAP a travaill\u00e9 sous la direction de Madame Sandrine Binet, artiste circassienne. Apr\u00e8s une initiation \u00e0 diff\u00e9rents ateliers, les \u00e9l\u00e8ves se sont petit \u00e0 petit \u00ab sp\u00e9cialis\u00e9s \u00bb en vue de proposer une d\u00e9monstration du travail r\u00e9alis\u00e9 au mois de mars : \u00e9chasses, rouleaux, jonglages, acrobaties, assiettes chinoises&#8230; ont \u00e9t\u00e9 abord\u00e9s. Parall\u00e8lement \u00e0 cette pr\u00e9paration de num\u00e9ros de cirque, le projet a \u00e9t\u00e9 travaill\u00e9 pendant les cours d&#8217;Arts Appliqu\u00e9s : initiation au vocabulaire sp\u00e9cifique du monde circassien, pr\u00e9paration d&#8217;affiches, illustration de ce qui \u00e9tait fait lors des s\u00e9ances d&#8217;initiation, mais aussi choix des costumes et des accessoires pour la repr\u00e9sentation et musique ont \u00e9t\u00e9 r\u00e9alis\u00e9s.<\/p>\n<p style=\"text-align: justify\"><strong>Le fruit du travail r\u00e9alis\u00e9 a \u00e9t\u00e9 propos\u00e9 lors de la \u00ab Journ\u00e9e Portes Ouvertes \u00bb du lyc\u00e9e.<\/strong> La p\u00e9riode qui a pr\u00e9c\u00e9d\u00e9 a \u00e9t\u00e9 la plus difficile : d\u00e9couragement de quelques \u00e9l\u00e8ves, peur de rater un exercice, absences non pr\u00e9vues d&#8217;\u00e9l\u00e8ves&#8230; \u00e9taient au menu ! Maintenir un \u00e9tat de motivation n&#8217;a pas toujours \u00e9t\u00e9 facile. Mais nous sentions que les \u00e9l\u00e8ves avaient envie de bien faire, de se d\u00e9passer. Hors de question de faire marche arri\u00e8re !<\/p>\n<p><img loading=\"lazy\" width=\"683\" height=\"1024\" class=\"aligncenter size-full wp-image-5834\" src=\"http:\/\/www.lyceelecorbusier.eu\/projets\/wp-content\/uploads\/sites\/8\/2019\/03\/IMG_7986.jpg\" alt=\"\" srcset=\"https:\/\/www.lyceelecorbusier.eu\/projets\/wp-content\/uploads\/sites\/8\/2019\/03\/IMG_7986.jpg 683w, https:\/\/www.lyceelecorbusier.eu\/projets\/wp-content\/uploads\/sites\/8\/2019\/03\/IMG_7986-200x300.jpg 200w, https:\/\/www.lyceelecorbusier.eu\/projets\/wp-content\/uploads\/sites\/8\/2019\/03\/IMG_7986-640x960.jpg 640w\" sizes=\"(max-width: 683px) 100vw, 683px\" \/><\/p>\n<p style=\"text-align: justify\">Quelques jours avant la pr\u00e9sentation, les exercices s&#8217;encha\u00eenaient de mieux en mieux, les fautes initiales s&#8217;estompaient, la dext\u00e9rit\u00e9 des \u00e9l\u00e8ves devenait perceptible et l&#8217;ensemble devenait pr\u00e9sentable. L&#8217;ultime r\u00e9p\u00e9tition a montr\u00e9 \u00e0 ces \u00e9l\u00e8ves qu&#8217;ils pouvaient bien faire et leur a donn\u00e9 confiance en eux. Lors de la \u00ab JPO \u00bb, les num\u00e9ros ont \u00e9t\u00e9 pr\u00e9sent\u00e9s plusieurs fois. L\u2019excitation des\u00e9l\u00e8ves \u00e9tait perceptible. Ils allaient se produire devant leurs camarades et professeurs et il fallait \u00eatre \u00e0 la hauteur ! N\u0153uds papillon lumineux, cols de chemise et pantalons noirs devaient \u00eatre impeccables ; les miroirs des toilettes \u00e9taient pris d&#8217;assaut et devaient refl\u00e9ter la perfection : coups de peigne et gel, ultime v\u00e9rification de son image, de face, puis de profil, \u00e0 droite puis \u00e0 gauche&#8230; Les repr\u00e9sentations pouvaient commencer ! La \u00ab derni\u00e8re \u00bb s&#8217;est faite en soir\u00e9e devant la direction du lyc\u00e9e et quelques invit\u00e9s, mais aussi devant des professeurs et des \u00e9l\u00e8ves du lyc\u00e9e : les applaudissements du public, les sourires des gens ont \u00e9t\u00e9 une belle r\u00e9compense pour ces \u00e9l\u00e8ves qui ont d\u00e9couvert le cirque et sa gamme d&#8217;\u00e9motions en quelques semaines seulement.<\/p>\n<\/div>\n<\/div>\n<div class=\"layoutArea\" style=\"text-align: justify\">\n<div class=\"column\">\n<h5 style=\"text-align: center\">Ce projet a permis \u00e0 nos lyc\u00e9ens de cr\u00e9er une v\u00e9ritable coh\u00e9sion de classe. Ils ont r\u00e9alis\u00e9 ensemble\u00a0<span style=\"font-size: 1em\">des choses qu&#8217;ils n&#8217;imaginaient pas faire quelques jours auparavant : conseils entre eux, parades lors des exercices plus risqu\u00e9s, aide pendant les exercices ont cr\u00e9\u00e9 des liens entre tous&#8230;<\/span><\/h5>\n<\/div>\n<\/div>\n<\/div>\n<div class=\"page\" title=\"Page 2\">\n<div class=\"layoutArea\">\n<div class=\"column\">\n<p style=\"text-align: justify\">D\u00e9j\u00e0, les enseignants qui ont suivi les \u00e9l\u00e8ves d\u00e8s le d\u00e9but de l&#8217;ann\u00e9e scolaire dans ce projet, constatent des am\u00e9liorations dans les comportements de chacun. Tous nos remerciements vont aux \u00e9l\u00e8ves mais aussi \u00e0 Sandrine Binet qui en quelques s\u00e9ances, a su trouver les mots et les gestes pour leur permettre de gagner en confiance. Nous remercions aussi Madame Sylvie Kreuzer-Bottlaender, charg\u00e9e de mission acad\u00e9mique \u00ab arts du cirque et danse \u00bb pour nous avoir soutenus, aid\u00e9s, encourag\u00e9s pour mener ce projet \u00e0 terme.<\/p>\n<p style=\"text-align: right\"><em>Anne Weisbecker et Didier Mailfert<\/em><\/p>\n<p style=\"text-align: center\">\n\t\t<!-- MasterSlider -->\n\t\t<div id=\"P_MS69f533a7dc7c7\" class=\"master-slider-parent msl ms-parent-id-180\" style=\"max-width:1000px;\">\n\n\t\t\t\n\t\t\t<!-- MasterSlider Main -->\n\t\t\t<div id=\"MS69f533a7dc7c7\" class=\"master-slider ms-skin-light-3\" >\n\t\t\t\t \t\t\t\t \n\t\t\t\t<div  class=\"ms-slide\" data-delay=\"3\" data-fill-mode=\"fill\"  >\n\t\t\t\t\t<img src=\"https:\/\/www.lyceelecorbusier.eu\/projets\/wp-content\/plugins\/master-slider\/public\/assets\/css\/blank.gif\" alt=\"\" title=\"\" data-src=\"https:\/\/www.lyceelecorbusier.eu\/projets\/wp-content\/uploads\/sites\/8\/2019\/03\/IMG_7986.jpg\" \/>\n\n\n\t<div class=\"ms-thumb\" ><div class=\"ms-tab-context\"><div class=&quot;ms-tab-context&quot;><\/div><\/div>\n<\/div>\n\t\t\t\t<\/div>\n\t\t\t\t<div  class=\"ms-slide\" data-delay=\"3\" data-fill-mode=\"fill\"  >\n\t\t\t\t\t<img src=\"https:\/\/www.lyceelecorbusier.eu\/projets\/wp-content\/plugins\/master-slider\/public\/assets\/css\/blank.gif\" alt=\"\" title=\"\" data-src=\"https:\/\/www.lyceelecorbusier.eu\/projets\/wp-content\/uploads\/sites\/8\/2019\/03\/IMG_7985-1000x500.jpg\" \/>\n\n\n\t<div class=\"ms-thumb\" ><div class=\"ms-tab-context\"><div class=&quot;ms-tab-context&quot;><\/div><\/div>\n<\/div>\n\t\t\t\t<\/div>\n\t\t\t\t<div  class=\"ms-slide\" data-delay=\"3\" data-fill-mode=\"fill\"  >\n\t\t\t\t\t<img src=\"https:\/\/www.lyceelecorbusier.eu\/projets\/wp-content\/plugins\/master-slider\/public\/assets\/css\/blank.gif\" alt=\"\" title=\"\" data-src=\"https:\/\/www.lyceelecorbusier.eu\/projets\/wp-content\/uploads\/sites\/8\/2019\/03\/IMG_7976-1000x500.jpg\" \/>\n\n\n\t<div class=\"ms-thumb\" ><div class=\"ms-tab-context\"><div class=&quot;ms-tab-context&quot;><\/div><\/div>\n<\/div>\n\t\t\t\t<\/div>\n\t\t\t\t<div  class=\"ms-slide\" data-delay=\"3\" data-fill-mode=\"fill\"  >\n\t\t\t\t\t<img src=\"https:\/\/www.lyceelecorbusier.eu\/projets\/wp-content\/plugins\/master-slider\/public\/assets\/css\/blank.gif\" alt=\"\" title=\"\" data-src=\"https:\/\/www.lyceelecorbusier.eu\/projets\/wp-content\/uploads\/sites\/8\/2019\/03\/IMG_7968-1000x500.jpg\" \/>\n\n\n\t<div class=\"ms-thumb\" ><div class=\"ms-tab-context\"><div class=&quot;ms-tab-context&quot;><\/div><\/div>\n<\/div>\n\t\t\t\t<\/div>\n\t\t\t\t<div  class=\"ms-slide\" data-delay=\"3\" data-fill-mode=\"fill\"  >\n\t\t\t\t\t<img src=\"https:\/\/www.lyceelecorbusier.eu\/projets\/wp-content\/plugins\/master-slider\/public\/assets\/css\/blank.gif\" alt=\"\" title=\"\" data-src=\"https:\/\/www.lyceelecorbusier.eu\/projets\/wp-content\/uploads\/sites\/8\/2019\/03\/IMG_7964-1000x500.jpg\" \/>\n\n\n\t<div class=\"ms-thumb\" ><div class=\"ms-tab-context\"><div class=&quot;ms-tab-context&quot;><\/div><\/div>\n<\/div>\n\t\t\t\t<\/div>\n\t\t\t\t<div  class=\"ms-slide\" data-delay=\"3\" data-fill-mode=\"fill\"  >\n\t\t\t\t\t<img src=\"https:\/\/www.lyceelecorbusier.eu\/projets\/wp-content\/plugins\/master-slider\/public\/assets\/css\/blank.gif\" alt=\"\" title=\"\" data-src=\"https:\/\/www.lyceelecorbusier.eu\/projets\/wp-content\/uploads\/sites\/8\/2019\/03\/IMG_7961-1000x500.jpg\" \/>\n\n\n\t<div class=\"ms-thumb\" ><div class=\"ms-tab-context\"><div class=&quot;ms-tab-context&quot;><\/div><\/div>\n<\/div>\n\t\t\t\t<\/div>\n\t\t\t\t<div  class=\"ms-slide\" data-delay=\"3\" data-fill-mode=\"fill\"  >\n\t\t\t\t\t<img src=\"https:\/\/www.lyceelecorbusier.eu\/projets\/wp-content\/plugins\/master-slider\/public\/assets\/css\/blank.gif\" alt=\"\" title=\"\" data-src=\"https:\/\/www.lyceelecorbusier.eu\/projets\/wp-content\/uploads\/sites\/8\/2019\/03\/MG_8033-1000x500.jpg\" \/>\n\n\n\t<div class=\"ms-thumb\" ><div class=\"ms-tab-context\"><div class=&quot;ms-tab-context&quot;><\/div><\/div>\n<\/div>\n\t\t\t\t<\/div>\n\t\t\t\t<div  class=\"ms-slide\" data-delay=\"3\" data-fill-mode=\"fill\"  >\n\t\t\t\t\t<img src=\"https:\/\/www.lyceelecorbusier.eu\/projets\/wp-content\/plugins\/master-slider\/public\/assets\/css\/blank.gif\" alt=\"\" title=\"\" data-src=\"https:\/\/www.lyceelecorbusier.eu\/projets\/wp-content\/uploads\/sites\/8\/2019\/03\/MG_8021-1000x500.jpg\" \/>\n\n\n\t<div class=\"ms-thumb\" ><div class=\"ms-tab-context\"><div class=&quot;ms-tab-context&quot;><\/div><\/div>\n<\/div>\n\t\t\t\t<\/div>\n\t\t\t\t<div  class=\"ms-slide\" data-delay=\"3\" data-fill-mode=\"fill\"  >\n\t\t\t\t\t<img src=\"https:\/\/www.lyceelecorbusier.eu\/projets\/wp-content\/plugins\/master-slider\/public\/assets\/css\/blank.gif\" alt=\"\" title=\"\" data-src=\"https:\/\/www.lyceelecorbusier.eu\/projets\/wp-content\/uploads\/sites\/8\/2019\/03\/MG_7992-1000x500.jpg\" \/>\n\n\n\t<div class=\"ms-thumb\" ><div class=\"ms-tab-context\"><div class=&quot;ms-tab-context&quot;><\/div><\/div>\n<\/div>\n\t\t\t\t<\/div>\n\n\t\t\t<\/div>\n\t\t\t<!-- END MasterSlider Main -->\n\n\t\t\t \n\t\t<\/div>\n\t\t<!-- END MasterSlider -->\n\n\t\t<script>\n\t\t(function ( $ ) {\n\t\t\t\"use strict\";\n\n\t\t\t$(function () {\n\t\t\t\tvar masterslider_c7c7 = new MasterSlider();\n\n\t\t\t\t\/\/ slider controls\n\t\t\t\tmasterslider_c7c7.control('arrows'     ,{ autohide:false, overVideo:true  });\n\t\t\t\t\/\/ slider setup\n\t\t\t\tmasterslider_c7c7.setup(\"MS69f533a7dc7c7\", {\n\t\t\t\t\t\twidth           : 1000,\n\t\t\t\t\t\theight          : 500,\n\t\t\t\t\t\tminHeight       : 0,\n\t\t\t\t\t\tspace           : 0,\n\t\t\t\t\t\tstart           : 1,\n\t\t\t\t\t\tgrabCursor      : true,\n\t\t\t\t\t\tswipe           : true,\n\t\t\t\t\t\tmouse           : true,\n\t\t\t\t\t\tlayout          : \"boxed\",\n\t\t\t\t\t\twheel           : false,\n\t\t\t\t\t\tautoplay        : true,\n\t\t\t\t\t\tinstantStartLayers:false,\n\t\t\t\t\t\tloop            : true,\n\t\t\t\t\t\tshuffle         : false,\n\t\t\t\t\t\tpreload         : 0,\n\t\t\t\t\t\theightLimit     : true,\n\t\t\t\t\t\tautoHeight      : false,\n\t\t\t\t\t\tsmoothHeight    : true,\n\t\t\t\t\t\tendPause        : false,\n\t\t\t\t\t\toverPause       : true,\n\t\t\t\t\t\tfillMode        : \"fill\",\n\t\t\t\t\t\tcenterControls  : true,\n\t\t\t\t\t\tstartOnAppear   : false,\n\t\t\t\t\t\tlayersMode      : \"center\",\n\t\t\t\t\t\thideLayers      : false,\n\t\t\t\t\t\tfullscreenMargin: 0,\n\t\t\t\t\t\tspeed           : 20,\n\t\t\t\t\t\tdir             : \"h\",\n\t\t\t\t\t\tparallaxMode    : 'swipe',\n\t\t\t\t\t\tview            : \"basic\"\n\t\t\t\t});\n\n\t\t\t\t\n\t\t\t\twindow.masterslider_instances = window.masterslider_instances || [];\n\t\t\t\twindow.masterslider_instances.push( masterslider_c7c7 );\n\t\t\t });\n\n\t\t})(jQuery);\n\t\t<\/script>\n\n\n<\/div>\n<\/div>\n<\/div>\n","protected":false},"excerpt":{"rendered":"<p>Projet ACMISA<\/p>\n","protected":false},"author":5,"featured_media":5838,"comment_status":"closed","ping_status":"closed","sticky":false,"template":"","format":"standard","meta":[],"categories":[19,11,6],"tags":[],"_links":{"self":[{"href":"https:\/\/www.lyceelecorbusier.eu\/projets\/index.php?rest_route=\/wp\/v2\/posts\/5823"}],"collection":[{"href":"https:\/\/www.lyceelecorbusier.eu\/projets\/index.php?rest_route=\/wp\/v2\/posts"}],"about":[{"href":"https:\/\/www.lyceelecorbusier.eu\/projets\/index.php?rest_route=\/wp\/v2\/types\/post"}],"author":[{"embeddable":true,"href":"https:\/\/www.lyceelecorbusier.eu\/projets\/index.php?rest_route=\/wp\/v2\/users\/5"}],"replies":[{"embeddable":true,"href":"https:\/\/www.lyceelecorbusier.eu\/projets\/index.php?rest_route=%2Fwp%2Fv2%2Fcomments&post=5823"}],"version-history":[{"count":5,"href":"https:\/\/www.lyceelecorbusier.eu\/projets\/index.php?rest_route=\/wp\/v2\/posts\/5823\/revisions"}],"predecessor-version":[{"id":5839,"href":"https:\/\/www.lyceelecorbusier.eu\/projets\/index.php?rest_route=\/wp\/v2\/posts\/5823\/revisions\/5839"}],"wp:featuredmedia":[{"embeddable":true,"href":"https:\/\/www.lyceelecorbusier.eu\/projets\/index.php?rest_route=\/wp\/v2\/media\/5838"}],"wp:attachment":[{"href":"https:\/\/www.lyceelecorbusier.eu\/projets\/index.php?rest_route=%2Fwp%2Fv2%2Fmedia&parent=5823"}],"wp:term":[{"taxonomy":"category","embeddable":true,"href":"https:\/\/www.lyceelecorbusier.eu\/projets\/index.php?rest_route=%2Fwp%2Fv2%2Fcategories&post=5823"},{"taxonomy":"post_tag","embeddable":true,"href":"https:\/\/www.lyceelecorbusier.eu\/projets\/index.php?rest_route=%2Fwp%2Fv2%2Ftags&post=5823"}],"curies":[{"name":"wp","href":"https:\/\/api.w.org\/{rel}","templated":true}]}}