{"id":5814,"date":"2019-03-30T21:09:54","date_gmt":"2019-03-30T20:09:54","guid":{"rendered":"http:\/\/www.lyceelecorbusier.eu\/projets\/?p=5814"},"modified":"2019-04-02T15:14:04","modified_gmt":"2019-04-02T14:14:04","slug":"simulation-de-negociations-climatiques-cest-reparti","status":"publish","type":"post","link":"https:\/\/www.lyceelecorbusier.eu\/projets\/?p=5814","title":{"rendered":"Simulation de n\u00e9gociations climatiques"},"content":{"rendered":"<h3 style=\"text-align: center\">Le projet de COP21 organis\u00e9 l\u2019ann\u00e9e pass\u00e9e avec des \u00e9l\u00e8ves de seconde est relanc\u00e9 cette ann\u00e9e !<\/h3>\n<p style=\"text-align: justify\">Sous la supervision de Mme Roche, Mme Metz et M. Jost, une cinquantaine d\u2019\u00e9l\u00e8ves de 2GT2, 2GT3 et 2GT4 sont engag\u00e9s depuis le mois de f\u00e9vrier dans un jeu de r\u00f4les simulant la tenue d\u2019une COP (Conf\u00e9rence internationale pour le Climat). En partenariat avec le Jardin des Sciences de l\u2019universit\u00e9 de Strasbourg, le projet permettra \u00e0 nos \u00e9l\u00e8ves de rencontrer leurs camarades du lyc\u00e9e Jean Monnet de Strasbourg le 4 avril prochain, jour de la simulation.<\/p>\n<p><img loading=\"lazy\" width=\"1024\" height=\"768\" class=\"aligncenter size-full wp-image-5815\" src=\"http:\/\/www.lyceelecorbusier.eu\/projets\/wp-content\/uploads\/sites\/8\/2019\/03\/IMG_20190208_145951.jpg\" alt=\"\" srcset=\"https:\/\/www.lyceelecorbusier.eu\/projets\/wp-content\/uploads\/sites\/8\/2019\/03\/IMG_20190208_145951.jpg 1024w, https:\/\/www.lyceelecorbusier.eu\/projets\/wp-content\/uploads\/sites\/8\/2019\/03\/IMG_20190208_145951-300x225.jpg 300w, https:\/\/www.lyceelecorbusier.eu\/projets\/wp-content\/uploads\/sites\/8\/2019\/03\/IMG_20190208_145951-768x576.jpg 768w, https:\/\/www.lyceelecorbusier.eu\/projets\/wp-content\/uploads\/sites\/8\/2019\/03\/IMG_20190208_145951-960x720.jpg 960w\" sizes=\"(max-width: 1024px) 100vw, 1024px\" \/><\/p>\n<p style=\"text-align: justify\">D\u00e9l\u00e9gu\u00e9s \u00e9tatiques, repr\u00e9sentants de lobbys, organisateurs et membres du groupe m\u00e9dias sont autant de r\u00f4les occup\u00e9s par nos \u00e9l\u00e8ves en vue de la simulation. Les classes sont actuellement dans la phase pr\u00e9paratoire\u00a0: les d\u00e9l\u00e9gu\u00e9s \u00e9tatiques et lobbyistes recherchent activement des informations sur les pays ou organisations qu\u2019ils repr\u00e9senteront le jour J. Les membres du groupe m\u00e9dias quant \u00e0 eux travaillent \u00e9nergiquement \u00e0 la communication de l\u2019\u00e9v\u00e9nement\u00a0: \u00e9laboration d\u2019une affiche, mise en ligne d\u2019un site internet (<a href=\"http:\/\/www.strascop.weebly.com\">www.strascop.weebly.com<\/a>), alimentation d\u2019un compte Instagram (<a href=\"https:\/\/www.instagram.com\/strascorbucop\/\">https:\/\/www.instagram.com\/strascorbucop\/<\/a>) et production d\u2019une vid\u00e9o promotionnelle en partenariat avec l\u2019atelier Canop\u00e9 67 !<\/p>\n<p style=\"text-align: justify\">Ces \u00e9tapes pr\u00e9paratoires ont \u00e9t\u00e9 entrecoup\u00e9es par une sortie au CINE Bussierre dans la for\u00eat de la Robertsau le 28 f\u00e9vrier dernier. Dans ce centre d\u2019initiation \u00e0 la nature et \u00e0 l\u2019environnement, les \u00e9l\u00e8ves ont eu la chance de participer \u00e0 deux animations, l\u2019une sur le r\u00e9chauffement climatique, l\u2019autre sur la confection d\u2019un go\u00fbter respectant une d\u00e9marche de d\u00e9veloppement durable. La journ\u00e9e s\u2019est cl\u00f4tur\u00e9e par la d\u00e9gustation des succulents mets pr\u00e9par\u00e9s par le groupe au cours de la matin\u00e9e\u00a0!<\/p>\n<p><img loading=\"lazy\" width=\"1024\" height=\"768\" class=\"aligncenter size-full wp-image-5818\" src=\"http:\/\/www.lyceelecorbusier.eu\/projets\/wp-content\/uploads\/sites\/8\/2019\/03\/IMG_20190228_134337.jpg\" alt=\"\" srcset=\"https:\/\/www.lyceelecorbusier.eu\/projets\/wp-content\/uploads\/sites\/8\/2019\/03\/IMG_20190228_134337.jpg 1024w, https:\/\/www.lyceelecorbusier.eu\/projets\/wp-content\/uploads\/sites\/8\/2019\/03\/IMG_20190228_134337-300x225.jpg 300w, https:\/\/www.lyceelecorbusier.eu\/projets\/wp-content\/uploads\/sites\/8\/2019\/03\/IMG_20190228_134337-768x576.jpg 768w, https:\/\/www.lyceelecorbusier.eu\/projets\/wp-content\/uploads\/sites\/8\/2019\/03\/IMG_20190228_134337-960x720.jpg 960w\" sizes=\"(max-width: 1024px) 100vw, 1024px\" \/> <img loading=\"lazy\" width=\"768\" height=\"1024\" class=\"aligncenter size-full wp-image-5817\" src=\"http:\/\/www.lyceelecorbusier.eu\/projets\/wp-content\/uploads\/sites\/8\/2019\/03\/IMG_20190228_102055.jpg\" alt=\"\" srcset=\"https:\/\/www.lyceelecorbusier.eu\/projets\/wp-content\/uploads\/sites\/8\/2019\/03\/IMG_20190228_102055.jpg 768w, https:\/\/www.lyceelecorbusier.eu\/projets\/wp-content\/uploads\/sites\/8\/2019\/03\/IMG_20190228_102055-225x300.jpg 225w, https:\/\/www.lyceelecorbusier.eu\/projets\/wp-content\/uploads\/sites\/8\/2019\/03\/IMG_20190228_102055-720x960.jpg 720w\" sizes=\"(max-width: 768px) 100vw, 768px\" \/> <img loading=\"lazy\" width=\"768\" height=\"1024\" class=\"aligncenter size-full wp-image-5816\" src=\"http:\/\/www.lyceelecorbusier.eu\/projets\/wp-content\/uploads\/sites\/8\/2019\/03\/IMG_20190228_095129.jpg\" alt=\"\" srcset=\"https:\/\/www.lyceelecorbusier.eu\/projets\/wp-content\/uploads\/sites\/8\/2019\/03\/IMG_20190228_095129.jpg 768w, https:\/\/www.lyceelecorbusier.eu\/projets\/wp-content\/uploads\/sites\/8\/2019\/03\/IMG_20190228_095129-225x300.jpg 225w, https:\/\/www.lyceelecorbusier.eu\/projets\/wp-content\/uploads\/sites\/8\/2019\/03\/IMG_20190228_095129-720x960.jpg 720w\" sizes=\"(max-width: 768px) 100vw, 768px\" \/> <img loading=\"lazy\" width=\"768\" height=\"1024\" class=\"aligncenter size-full wp-image-5819\" src=\"http:\/\/www.lyceelecorbusier.eu\/projets\/wp-content\/uploads\/sites\/8\/2019\/03\/IMG_20190228_153211.jpg\" alt=\"\" srcset=\"https:\/\/www.lyceelecorbusier.eu\/projets\/wp-content\/uploads\/sites\/8\/2019\/03\/IMG_20190228_153211.jpg 768w, https:\/\/www.lyceelecorbusier.eu\/projets\/wp-content\/uploads\/sites\/8\/2019\/03\/IMG_20190228_153211-225x300.jpg 225w, https:\/\/www.lyceelecorbusier.eu\/projets\/wp-content\/uploads\/sites\/8\/2019\/03\/IMG_20190228_153211-720x960.jpg 720w\" sizes=\"(max-width: 768px) 100vw, 768px\" \/><\/p>\n<p>&nbsp;<\/p>\n<p>&nbsp;<\/p>\n<p>&nbsp;<\/p>\n<p>&nbsp;<\/p>\n","protected":false},"excerpt":{"rendered":"<p>Une COP24 au lyc\u00e9e<\/p>\n","protected":false},"author":5,"featured_media":5820,"comment_status":"closed","ping_status":"closed","sticky":false,"template":"","format":"standard","meta":[],"categories":[19,11,4,6],"tags":[],"_links":{"self":[{"href":"https:\/\/www.lyceelecorbusier.eu\/projets\/index.php?rest_route=\/wp\/v2\/posts\/5814"}],"collection":[{"href":"https:\/\/www.lyceelecorbusier.eu\/projets\/index.php?rest_route=\/wp\/v2\/posts"}],"about":[{"href":"https:\/\/www.lyceelecorbusier.eu\/projets\/index.php?rest_route=\/wp\/v2\/types\/post"}],"author":[{"embeddable":true,"href":"https:\/\/www.lyceelecorbusier.eu\/projets\/index.php?rest_route=\/wp\/v2\/users\/5"}],"replies":[{"embeddable":true,"href":"https:\/\/www.lyceelecorbusier.eu\/projets\/index.php?rest_route=%2Fwp%2Fv2%2Fcomments&post=5814"}],"version-history":[{"count":7,"href":"https:\/\/www.lyceelecorbusier.eu\/projets\/index.php?rest_route=\/wp\/v2\/posts\/5814\/revisions"}],"predecessor-version":[{"id":5855,"href":"https:\/\/www.lyceelecorbusier.eu\/projets\/index.php?rest_route=\/wp\/v2\/posts\/5814\/revisions\/5855"}],"wp:featuredmedia":[{"embeddable":true,"href":"https:\/\/www.lyceelecorbusier.eu\/projets\/index.php?rest_route=\/wp\/v2\/media\/5820"}],"wp:attachment":[{"href":"https:\/\/www.lyceelecorbusier.eu\/projets\/index.php?rest_route=%2Fwp%2Fv2%2Fmedia&parent=5814"}],"wp:term":[{"taxonomy":"category","embeddable":true,"href":"https:\/\/www.lyceelecorbusier.eu\/projets\/index.php?rest_route=%2Fwp%2Fv2%2Fcategories&post=5814"},{"taxonomy":"post_tag","embeddable":true,"href":"https:\/\/www.lyceelecorbusier.eu\/projets\/index.php?rest_route=%2Fwp%2Fv2%2Ftags&post=5814"}],"curies":[{"name":"wp","href":"https:\/\/api.w.org\/{rel}","templated":true}]}}