{"id":4931,"date":"2018-04-15T11:23:07","date_gmt":"2018-04-15T10:23:07","guid":{"rendered":"http:\/\/www.lyceelecorbusier.eu\/projets\/?p=4931"},"modified":"2019-06-10T13:43:17","modified_gmt":"2019-06-10T12:43:17","slug":"atelier-images-de-presse-avec-lafp","status":"publish","type":"post","link":"https:\/\/www.lyceelecorbusier.eu\/projets\/?p=4931","title":{"rendered":"Atelier &#8220;images de presse&#8221; avec l&#8217;AFP"},"content":{"rendered":"<h4 style=\"text-align: center\">&#8220;Entre les lignes&#8221; de l&#8217;info !<\/h4>\n<h5 style=\"text-align: center\">La journaliste AFP Marie Julien, du bureau\u00a0<a href=\"https:\/\/www.afp.com\/\" target=\"_blank\" rel=\"noopener noreferrer\"><span class=\"profileLink\">Agence-France Presse<\/span><\/a>\u00a0de Strasbourg, intervenait au lyc\u00e9e ce jeudi 12 avril aupr\u00e8s des 2GT5 \u00e0 la demande des documentalistes, pendant un cours de Lettres de M. Aubert.<\/h5>\n<h5 style=\"text-align: center\"><img loading=\"lazy\" class=\"aligncenter wp-image-4932\" src=\"http:\/\/www.lyceelecorbusier.eu\/projets\/wp-content\/uploads\/sites\/8\/2018\/04\/30595122_2072124289723749_5936559682645655552_n-300x225.jpg\" alt=\"\" width=\"500\" height=\"375\" srcset=\"https:\/\/www.lyceelecorbusier.eu\/projets\/wp-content\/uploads\/sites\/8\/2018\/04\/30595122_2072124289723749_5936559682645655552_n-300x225.jpg 300w, https:\/\/www.lyceelecorbusier.eu\/projets\/wp-content\/uploads\/sites\/8\/2018\/04\/30595122_2072124289723749_5936559682645655552_n-768x576.jpg 768w, https:\/\/www.lyceelecorbusier.eu\/projets\/wp-content\/uploads\/sites\/8\/2018\/04\/30595122_2072124289723749_5936559682645655552_n.jpg 960w\" sizes=\"(max-width: 500px) 100vw, 500px\" \/><\/h5>\n<h4 style=\"text-align: center\">Qu&#8217;est-ce qu&#8217;une info ? Quel est le r\u00f4le d&#8217;une image de presse ? Quel est son pouvoir sur notre fa\u00e7on d&#8217;appr\u00e9hender une info, et quels en sont parfois les d\u00e9tournements possibles ?<\/h4>\n<div class=\"page\" style=\"text-align: justify\" title=\"Page 2\">\n<div class=\"layoutArea\">\n<div class=\"column\">\n<p>La journaliste a cherch\u00e9 \u00e0 aiguiser l&#8217;esprit critique de nos jeunes, \u00e0 les sensibiliser \u00e0 la n\u00e9cessit\u00e9 de bien identifier l\u2019\u00e9metteur de l\u2019image et ses intentions, mais aussi \u00e0 saisir l\u2019importance des sources et de ce que l\u2019on peut vouloir faire dire \u00e0 une image.<\/p>\n<\/div>\n<\/div>\n<\/div>\n<p style=\"text-align: justify\">Gr\u00e2ce \u00e0 ses exemples et explications, les \u00e9l\u00e8ves sont pass\u00e9s de l&#8217;\u00e9motion face \u00e0 une image, \u00e0 la r\u00e9flexion sur ce qu&#8217;elle sugg\u00e8re : ils ont d\u00e9sormais davantage conscience de l\u2019impact de l\u2019image sur leur perception d\u2019une info et s\u2019entra\u00eenent \u00e0 d\u00e9busquer les d\u00e9tournements d\u2019images sur les r\u00e9seaux sociaux !<\/p>\n<p><img loading=\"lazy\" class=\"aligncenter wp-image-4936\" src=\"http:\/\/www.lyceelecorbusier.eu\/projets\/wp-content\/uploads\/sites\/8\/2018\/04\/30652382_2072124293057082_2639199863715135488_n.jpg\" alt=\"\" width=\"500\" height=\"500\" srcset=\"https:\/\/www.lyceelecorbusier.eu\/projets\/wp-content\/uploads\/sites\/8\/2018\/04\/30652382_2072124293057082_2639199863715135488_n.jpg 720w, https:\/\/www.lyceelecorbusier.eu\/projets\/wp-content\/uploads\/sites\/8\/2018\/04\/30652382_2072124293057082_2639199863715135488_n-150x150.jpg 150w, https:\/\/www.lyceelecorbusier.eu\/projets\/wp-content\/uploads\/sites\/8\/2018\/04\/30652382_2072124293057082_2639199863715135488_n-300x300.jpg 300w\" sizes=\"(max-width: 500px) 100vw, 500px\" \/><\/p>\n<p style=\"text-align: justify\">Rendez-vous est d&#8217;ores et d\u00e9j\u00e0 pris au mois de mai prochain avec Marie Julien pour organiser une &#8220;conf\u00e9rence de presse fictive&#8221; en classe : ce sera alors l&#8217;occasion de conduire les \u00e9l\u00e8ves \u00e0 mieux distinguer information et communication, \u00e0 comprendre les rouages de la construction d&#8217;une information.<\/p>\n<p style=\"text-align: justify\">Bref, \u00e0 faire la diff\u00e9rence entre vrai journalisme et publicit\u00e9, rumeurs, voire manipulation&#8230; parfois habilement d\u00e9guis\u00e9es !<\/p>\n<p style=\"text-align: justify\"><a href=\"http:\/\/entreleslignes.media\" target=\"_blank\" rel=\"noopener noreferrer\"><img loading=\"lazy\" width=\"962\" height=\"184\" class=\"aligncenter size-full wp-image-4933\" src=\"http:\/\/www.lyceelecorbusier.eu\/projets\/wp-content\/uploads\/sites\/8\/2018\/04\/Sans-titre.png\" alt=\"\" srcset=\"https:\/\/www.lyceelecorbusier.eu\/projets\/wp-content\/uploads\/sites\/8\/2018\/04\/Sans-titre.png 962w, https:\/\/www.lyceelecorbusier.eu\/projets\/wp-content\/uploads\/sites\/8\/2018\/04\/Sans-titre-300x57.png 300w, https:\/\/www.lyceelecorbusier.eu\/projets\/wp-content\/uploads\/sites\/8\/2018\/04\/Sans-titre-768x147.png 768w, https:\/\/www.lyceelecorbusier.eu\/projets\/wp-content\/uploads\/sites\/8\/2018\/04\/Sans-titre-960x184.png 960w\" sizes=\"(max-width: 962px) 100vw, 962px\" \/><\/a><strong>Cette op\u00e9ration a lieu au Lyc\u00e9e le Corbusier gr\u00e2ce \u00e0 l&#8217;association <a href=\"http:\/\/entreleslignes.media\">Entre les lignes <\/a>qui favorise la rencontre entre journalistes et \u00e9l\u00e8ves et d\u00e9veloppe des ateliers autour de l&#8217;EMI : l&#8217;<a href=\"http:\/\/eduscol.education.fr\/cid72525\/l-emi-et-la-strategie-du-numerique.html\">Education aux m\u00e9dias et \u00e0 l&#8217;information<\/a>.<\/strong>\u00a0L&#8217;objectif d&#8217;un tel enseignement est de permettre aux \u00e9l\u00e8ves d&#8217;apprendre \u00e0 exercer leur citoyennet\u00e9 dans une soci\u00e9t\u00e9 de l&#8217;information et de la communication en pleine expansion, de former des &#8220;cybercitoyens&#8221; actifs, \u00e9clair\u00e9s et responsables de demain.<\/p>\n<p>Avec \u00e9galement l&#8217;appui et les ressources p\u00e9dagogiques du <a href=\"https:\/\/www.clemi.fr\">Clemi.<\/a><\/p>\n\n\t\t<style type=\"text\/css\">\n\t\t\t#gallery-1 {\n\t\t\t\tmargin: auto;\n\t\t\t}\n\t\t\t#gallery-1 .gallery-item {\n\t\t\t\tfloat: left;\n\t\t\t\tmargin-top: 10px;\n\t\t\t\ttext-align: center;\n\t\t\t\twidth: 33%;\n\t\t\t}\n\t\t\t#gallery-1 img {\n\t\t\t\tborder: 2px solid #cfcfcf;\n\t\t\t}\n\t\t\t#gallery-1 .gallery-caption {\n\t\t\t\tmargin-left: 0;\n\t\t\t}\n\t\t\t\/* see gallery_shortcode() in wp-includes\/media.php *\/\n\t\t<\/style>\n\t\t<div id='gallery-1' class='gallery galleryid-4931 gallery-columns-3 gallery-size-thumbnail'><dl class='gallery-item'>\n\t\t\t<dt class='gallery-icon landscape'>\n\t\t\t\t<a href='https:\/\/www.lyceelecorbusier.eu\/projets\/?attachment_id=4939'><img width=\"150\" height=\"118\" src=\"https:\/\/www.lyceelecorbusier.eu\/projets\/wp-content\/uploads\/sites\/8\/2018\/04\/Logo_AFP-150x118.png\" class=\"attachment-thumbnail size-thumbnail\" alt=\"\" loading=\"lazy\" \/><\/a>\n\t\t\t<\/dt><\/dl><dl class='gallery-item'>\n\t\t\t<dt class='gallery-icon landscape'>\n\t\t\t\t<a href='https:\/\/www.lyceelecorbusier.eu\/projets\/?attachment_id=4940'><img width=\"150\" height=\"118\" src=\"https:\/\/www.lyceelecorbusier.eu\/projets\/wp-content\/uploads\/sites\/8\/2018\/04\/Logo_Clemi-150x118.png\" class=\"attachment-thumbnail size-thumbnail\" alt=\"\" loading=\"lazy\" \/><\/a>\n\t\t\t<\/dt><\/dl><dl class='gallery-item'>\n\t\t\t<dt class='gallery-icon landscape'>\n\t\t\t\t<a href='https:\/\/www.lyceelecorbusier.eu\/projets\/?attachment_id=4942'><img width=\"150\" height=\"150\" src=\"https:\/\/www.lyceelecorbusier.eu\/projets\/wp-content\/uploads\/sites\/8\/2018\/04\/lignes-150x150.jpg\" class=\"attachment-thumbnail size-thumbnail\" alt=\"\" loading=\"lazy\" srcset=\"https:\/\/www.lyceelecorbusier.eu\/projets\/wp-content\/uploads\/sites\/8\/2018\/04\/lignes-150x150.jpg 150w, https:\/\/www.lyceelecorbusier.eu\/projets\/wp-content\/uploads\/sites\/8\/2018\/04\/lignes.jpg 225w\" sizes=\"(max-width: 150px) 100vw, 150px\" \/><\/a>\n\t\t\t<\/dt><\/dl><br style=\"clear: both\" \/>\n\t\t<\/div>\n\n<p style=\"text-align: right\"><em>Laetitia Ory, professeur documentaliste, <a href=\"http:\/\/0672198a.esidoc.fr\">CDI du lyc\u00e9e Le Corbusier Illkirch<\/a><\/em><\/p>\n<div class=\"page\" title=\"Page 2\">\n<div class=\"layoutArea\">\n<div class=\"column\"><\/div>\n<\/div>\n<\/div>\n<p>&nbsp;<\/p>\n","protected":false},"excerpt":{"rendered":"<p>CDI : &#8220;Entre les lignes&#8221; de l&#8217;info ! Volet 1<\/p>\n","protected":false},"author":5,"featured_media":4935,"comment_status":"closed","ping_status":"closed","sticky":false,"template":"","format":"standard","meta":[],"categories":[16,11,4,6],"tags":[],"_links":{"self":[{"href":"https:\/\/www.lyceelecorbusier.eu\/projets\/index.php?rest_route=\/wp\/v2\/posts\/4931"}],"collection":[{"href":"https:\/\/www.lyceelecorbusier.eu\/projets\/index.php?rest_route=\/wp\/v2\/posts"}],"about":[{"href":"https:\/\/www.lyceelecorbusier.eu\/projets\/index.php?rest_route=\/wp\/v2\/types\/post"}],"author":[{"embeddable":true,"href":"https:\/\/www.lyceelecorbusier.eu\/projets\/index.php?rest_route=\/wp\/v2\/users\/5"}],"replies":[{"embeddable":true,"href":"https:\/\/www.lyceelecorbusier.eu\/projets\/index.php?rest_route=%2Fwp%2Fv2%2Fcomments&post=4931"}],"version-history":[{"count":10,"href":"https:\/\/www.lyceelecorbusier.eu\/projets\/index.php?rest_route=\/wp\/v2\/posts\/4931\/revisions"}],"predecessor-version":[{"id":6403,"href":"https:\/\/www.lyceelecorbusier.eu\/projets\/index.php?rest_route=\/wp\/v2\/posts\/4931\/revisions\/6403"}],"wp:featuredmedia":[{"embeddable":true,"href":"https:\/\/www.lyceelecorbusier.eu\/projets\/index.php?rest_route=\/wp\/v2\/media\/4935"}],"wp:attachment":[{"href":"https:\/\/www.lyceelecorbusier.eu\/projets\/index.php?rest_route=%2Fwp%2Fv2%2Fmedia&parent=4931"}],"wp:term":[{"taxonomy":"category","embeddable":true,"href":"https:\/\/www.lyceelecorbusier.eu\/projets\/index.php?rest_route=%2Fwp%2Fv2%2Fcategories&post=4931"},{"taxonomy":"post_tag","embeddable":true,"href":"https:\/\/www.lyceelecorbusier.eu\/projets\/index.php?rest_route=%2Fwp%2Fv2%2Ftags&post=4931"}],"curies":[{"name":"wp","href":"https:\/\/api.w.org\/{rel}","templated":true}]}}