{"id":4807,"date":"2018-03-18T14:13:08","date_gmt":"2018-03-18T13:13:08","guid":{"rendered":"http:\/\/www.lyceelecorbusier.eu\/projets\/?p=4807"},"modified":"2018-04-15T12:19:42","modified_gmt":"2018-04-15T11:19:42","slug":"expo-jochen-gerner","status":"publish","type":"post","link":"https:\/\/www.lyceelecorbusier.eu\/projets\/?p=4807","title":{"rendered":"Expo Jochen Gerner"},"content":{"rendered":"<h3 class=\"art-PostHeaderIcon-wrapper\" style=\"text-align: center\"><strong><span class=\"art-PostHeader\"><a title=\"\" href=\"http:\/\/0672198a.esidoc.fr\/record\/view\/id\/1242649#\">Expo et activit\u00e9s p\u00e9dagogiques autour des planches &#8220;Rep\u00e8res&#8221; de Jochen Gerner au CDI\u00a0<\/a><\/span><\/strong><\/h3>\n<h4 style=\"text-align: center\">L&#8217;actu autrement au CDI !<\/h4>\n<p style=\"text-align: justify\"><img loading=\"lazy\" class=\"alignleft wp-image-4817\" src=\"http:\/\/www.lyceelecorbusier.eu\/projets\/wp-content\/uploads\/sites\/8\/2018\/03\/1242649.jpg\" alt=\"\" width=\"280\" height=\"396\" srcset=\"https:\/\/www.lyceelecorbusier.eu\/projets\/wp-content\/uploads\/sites\/8\/2018\/03\/1242649.jpg 678w, https:\/\/www.lyceelecorbusier.eu\/projets\/wp-content\/uploads\/sites\/8\/2018\/03\/1242649-212x300.jpg 212w\" sizes=\"(max-width: 280px) 100vw, 280px\" \/>Explorer l&#8217;actualit\u00e9 autrement, c&#8217;est ce qu&#8217;ont propos\u00e9 les professeurs documentalistes pendant un mois au CDI. Formidable pour r\u00e9fl\u00e9chir avec les \u00e9l\u00e8ves aux modes narratifs, pour imaginer des ateliers de sketchnote ou simplement d\u00e9velopper l&#8217;app\u00e9tence des \u00e9l\u00e8ves pour l&#8217;actualit\u00e9, le travail de Jochen Gerner pour le journal &#8220;Le 1&#8221; a \u00e9t\u00e9 expos\u00e9 et exploit\u00e9 par plusieurs classes du lyc\u00e9e (LP et LEGT) ainsi que par une classe de BTS du lyc\u00e9e voisin Alexandre Dumas.<\/p>\n<h5 style=\"text-align: justify\"><strong>En regard de l&#8217;exposition :<\/strong><\/h5>\n<p style=\"text-align: justify\">Les \u00e9l\u00e8ves ont pu d\u00e9couvrir une s\u00e9lection de documents du CDI sur chaque th\u00e8me abord\u00e9 par l&#8217;artiste, r\u00e9pondre \u00e0 un questionnaire en ligne de d\u00e9couverte, suivre un atelier pour apprendre \u00e0 d\u00e9busquer un d\u00e9tournement d&#8217;image ou encore r\u00e9aliser une planche \u00e0 la mani\u00e8re de Jochen Gerner,<br \/>\nIls ont aussi pu emprunter tous nos exemplaires du journal Le 1 dans lequel figurent ses planches &#8220;Rep\u00e8res&#8221;, mais aussi d\u00e9couvrir la s\u00e9lection vid\u00e9o sur Jochen Gerner sur la tablette num\u00e9rique mise \u00e0 disposition ou lors des s\u00e9ances p\u00e9dagogiques orchestr\u00e9es conjointement par les enseignants et les professeurs documentalistes !<\/p>\n<div class=\"text_exposed_show\">\n\n\t\t<style type=\"text\/css\">\n\t\t\t#gallery-1 {\n\t\t\t\tmargin: auto;\n\t\t\t}\n\t\t\t#gallery-1 .gallery-item {\n\t\t\t\tfloat: left;\n\t\t\t\tmargin-top: 10px;\n\t\t\t\ttext-align: center;\n\t\t\t\twidth: 50%;\n\t\t\t}\n\t\t\t#gallery-1 img {\n\t\t\t\tborder: 2px solid #cfcfcf;\n\t\t\t}\n\t\t\t#gallery-1 .gallery-caption {\n\t\t\t\tmargin-left: 0;\n\t\t\t}\n\t\t\t\/* see gallery_shortcode() in wp-includes\/media.php *\/\n\t\t<\/style>\n\t\t<div id='gallery-1' class='gallery galleryid-4807 gallery-columns-2 gallery-size-full'><dl class='gallery-item'>\n\t\t\t<dt class='gallery-icon landscape'>\n\t\t\t\t<a href='https:\/\/www.lyceelecorbusier.eu\/projets\/?attachment_id=4839'><img width=\"1200\" height=\"900\" src=\"https:\/\/www.lyceelecorbusier.eu\/projets\/wp-content\/uploads\/sites\/8\/2018\/03\/IMG_3326.jpg\" class=\"attachment-full size-full\" alt=\"\" loading=\"lazy\" srcset=\"https:\/\/www.lyceelecorbusier.eu\/projets\/wp-content\/uploads\/sites\/8\/2018\/03\/IMG_3326.jpg 1200w, https:\/\/www.lyceelecorbusier.eu\/projets\/wp-content\/uploads\/sites\/8\/2018\/03\/IMG_3326-300x225.jpg 300w, https:\/\/www.lyceelecorbusier.eu\/projets\/wp-content\/uploads\/sites\/8\/2018\/03\/IMG_3326-768x576.jpg 768w, https:\/\/www.lyceelecorbusier.eu\/projets\/wp-content\/uploads\/sites\/8\/2018\/03\/IMG_3326-1024x768.jpg 1024w, https:\/\/www.lyceelecorbusier.eu\/projets\/wp-content\/uploads\/sites\/8\/2018\/03\/IMG_3326-960x720.jpg 960w\" sizes=\"(max-width: 1200px) 100vw, 1200px\" \/><\/a>\n\t\t\t<\/dt><\/dl><dl class='gallery-item'>\n\t\t\t<dt class='gallery-icon landscape'>\n\t\t\t\t<a href='https:\/\/www.lyceelecorbusier.eu\/projets\/?attachment_id=4813'><img width=\"640\" height=\"480\" src=\"https:\/\/www.lyceelecorbusier.eu\/projets\/wp-content\/uploads\/sites\/8\/2018\/03\/28277022_2045544582381720_5227518935747600384_n.jpg\" class=\"attachment-full size-full\" alt=\"\" loading=\"lazy\" srcset=\"https:\/\/www.lyceelecorbusier.eu\/projets\/wp-content\/uploads\/sites\/8\/2018\/03\/28277022_2045544582381720_5227518935747600384_n.jpg 640w, https:\/\/www.lyceelecorbusier.eu\/projets\/wp-content\/uploads\/sites\/8\/2018\/03\/28277022_2045544582381720_5227518935747600384_n-300x225.jpg 300w\" sizes=\"(max-width: 640px) 100vw, 640px\" \/><\/a>\n\t\t\t<\/dt><\/dl><br style=\"clear: both\" \/>\n\t\t<\/div>\n\n<p style=\"text-align: justify\">\n<\/div>\n<p style=\"text-align: justify\"><strong>Vous avez certainement d\u00e9j\u00e0 crois\u00e9 ses dessins dans Le Monde, Les Inrockuptibles, Le Journal des arts et depuis 4 ans dans l&#8217;hebdomadaire Le 1 auquel le CDI est abonn\u00e9 !<\/strong><\/p>\n<div class=\"text_exposed_show\">\n<p style=\"text-align: justify\">D&#8217;origine nanc\u00e9enne, Jochen GERNER est auteur et dessinateur et il construit un travail de r\u00e9flexion sur l&#8217;image imprim\u00e9e, aux fronti\u00e8res de la BD, du sketchnote et de l&#8217;art contemporain.\u00a0Avec un style bien \u00e0 lui, il excelle dans l&#8217;art de la synth\u00e8se et travaille la forme, le signe, la typographie ou l&#8217;onomatop\u00e9e.\u00a0Laur\u00e9at du prix Drawing now en 2016, il fait aussi partie de l&#8217;OuBaPo : l&#8217;Ouvroir de bande dessin\u00e9e potentielle, un collectif exp\u00e9rimental dont le principe est de produire des BD sous contrainte artistique volontaire.\u00a0Jochen Gerner r\u00e9fl\u00e9chit aux modes narratifs et aux nouvelles formes d&#8217;\u00e9critures journalistiques : bref, \u00e0 la mani\u00e8re de raconter les choses autrement !<\/p>\n<\/div>\n<p style=\"text-align: center\">\n\t\t<!-- MasterSlider -->\n\t\t<div id=\"P_MS69f2bf37d652e\" class=\"master-slider-parent msl ms-parent-id-141\" style=\"max-width:1000px;\">\n\n\t\t\t\n\t\t\t<!-- MasterSlider Main -->\n\t\t\t<div id=\"MS69f2bf37d652e\" class=\"master-slider ms-skin-light-3\" >\n\t\t\t\t \t\t\t\t \n\t\t\t\t<div  class=\"ms-slide\" data-delay=\"3\" data-fill-mode=\"fill\"  >\n\t\t\t\t\t<img src=\"https:\/\/www.lyceelecorbusier.eu\/projets\/wp-content\/plugins\/master-slider\/public\/assets\/css\/blank.gif\" alt=\"\" title=\"\" data-src=\"https:\/\/www.lyceelecorbusier.eu\/projets\/wp-content\/uploads\/sites\/8\/2018\/03\/27973913_191084944819079_8509694518441189877_n.jpg\" \/>\n\n\n\t<div class=\"ms-thumb\" ><div class=\"ms-tab-context\"><div class=&quot;ms-tab-context&quot;><\/div><\/div>\n<\/div>\n\t\t\t\t<\/div>\n\t\t\t\t<div  class=\"ms-slide\" data-delay=\"3\" data-fill-mode=\"fill\"  >\n\t\t\t\t\t<img src=\"https:\/\/www.lyceelecorbusier.eu\/projets\/wp-content\/plugins\/master-slider\/public\/assets\/css\/blank.gif\" alt=\"\" title=\"\" data-src=\"https:\/\/www.lyceelecorbusier.eu\/projets\/wp-content\/uploads\/sites\/8\/2018\/03\/28166563_191085428152364_2474146377218370648_n.jpg\" \/>\n\n\n\t<div class=\"ms-thumb\" ><div class=\"ms-tab-context\"><div class=&quot;ms-tab-context&quot;><\/div><\/div>\n<\/div>\n\t\t\t\t<\/div>\n\t\t\t\t<div  class=\"ms-slide\" data-delay=\"3\" data-fill-mode=\"fill\"  >\n\t\t\t\t\t<img src=\"https:\/\/www.lyceelecorbusier.eu\/projets\/wp-content\/plugins\/master-slider\/public\/assets\/css\/blank.gif\" alt=\"\" title=\"\" data-src=\"https:\/\/www.lyceelecorbusier.eu\/projets\/wp-content\/uploads\/sites\/8\/2018\/03\/28167981_191085581485682_5559829338434766576_n.jpg\" \/>\n\n\n\t<div class=\"ms-thumb\" ><div class=\"ms-tab-context\"><div class=&quot;ms-tab-context&quot;><\/div><\/div>\n<\/div>\n\t\t\t\t<\/div>\n\t\t\t\t<div  class=\"ms-slide\" data-delay=\"3\" data-fill-mode=\"fill\"  >\n\t\t\t\t\t<img src=\"https:\/\/www.lyceelecorbusier.eu\/projets\/wp-content\/plugins\/master-slider\/public\/assets\/css\/blank.gif\" alt=\"\" title=\"\" data-src=\"https:\/\/www.lyceelecorbusier.eu\/projets\/wp-content\/uploads\/sites\/8\/2018\/03\/27973070_2045544659048379_8718552395690479779_n.jpg\" \/>\n\n\n\t<div class=\"ms-thumb\" ><div class=\"ms-tab-context\"><div class=&quot;ms-tab-context&quot;><\/div><\/div>\n<\/div>\n\t\t\t\t<\/div>\n\t\t\t\t<div  class=\"ms-slide\" data-delay=\"3\" data-fill-mode=\"fill\"  >\n\t\t\t\t\t<img src=\"https:\/\/www.lyceelecorbusier.eu\/projets\/wp-content\/plugins\/master-slider\/public\/assets\/css\/blank.gif\" alt=\"\" title=\"\" data-src=\"https:\/\/www.lyceelecorbusier.eu\/projets\/wp-content\/uploads\/sites\/8\/2018\/03\/28055788_191085028152404_5737386249101543862_n.jpg\" \/>\n\n\n\t<div class=\"ms-thumb\" ><div class=\"ms-tab-context\"><div class=&quot;ms-tab-context&quot;><\/div><\/div>\n<\/div>\n\t\t\t\t<\/div>\n\t\t\t\t<div  class=\"ms-slide\" data-delay=\"3\" data-fill-mode=\"fill\"  >\n\t\t\t\t\t<img src=\"https:\/\/www.lyceelecorbusier.eu\/projets\/wp-content\/plugins\/master-slider\/public\/assets\/css\/blank.gif\" alt=\"\" title=\"\" data-src=\"https:\/\/www.lyceelecorbusier.eu\/projets\/wp-content\/uploads\/sites\/8\/2018\/03\/28056555_191085164819057_3904837041438116700_n.jpg\" \/>\n\n\n\t<div class=\"ms-thumb\" ><div class=\"ms-tab-context\"><div class=&quot;ms-tab-context&quot;><\/div><\/div>\n<\/div>\n\t\t\t\t<\/div>\n\t\t\t\t<div  class=\"ms-slide\" data-delay=\"3\" data-fill-mode=\"fill\"  >\n\t\t\t\t\t<img src=\"https:\/\/www.lyceelecorbusier.eu\/projets\/wp-content\/plugins\/master-slider\/public\/assets\/css\/blank.gif\" alt=\"\" title=\"\" data-src=\"https:\/\/www.lyceelecorbusier.eu\/projets\/wp-content\/uploads\/sites\/8\/2018\/03\/28058504_191085821485658_4960978677936369562_n-1.jpg\" \/>\n\n\n\t<div class=\"ms-thumb\" ><div class=\"ms-tab-context\"><div class=&quot;ms-tab-context&quot;><\/div><\/div>\n<\/div>\n\t\t\t\t<\/div>\n\t\t\t\t<div  class=\"ms-slide\" data-delay=\"3\" data-fill-mode=\"fill\"  >\n\t\t\t\t\t<img src=\"https:\/\/www.lyceelecorbusier.eu\/projets\/wp-content\/plugins\/master-slider\/public\/assets\/css\/blank.gif\" alt=\"\" title=\"\" data-src=\"https:\/\/www.lyceelecorbusier.eu\/projets\/wp-content\/uploads\/sites\/8\/2018\/03\/28056671_191085228152384_4697812317011502180_n.jpg\" \/>\n\n\n\t<div class=\"ms-thumb\" ><div class=\"ms-tab-context\"><div class=&quot;ms-tab-context&quot;><\/div><\/div>\n<\/div>\n\t\t\t\t<\/div>\n\t\t\t\t<div  class=\"ms-slide\" data-delay=\"3\" data-fill-mode=\"fill\"  >\n\t\t\t\t\t<img src=\"https:\/\/www.lyceelecorbusier.eu\/projets\/wp-content\/plugins\/master-slider\/public\/assets\/css\/blank.gif\" alt=\"\" title=\"\" data-src=\"https:\/\/www.lyceelecorbusier.eu\/projets\/wp-content\/uploads\/sites\/8\/2018\/03\/28058915_2045544575715054_6608593610937733123_n.jpg\" \/>\n\n\n\t<div class=\"ms-thumb\" ><div class=\"ms-tab-context\"><div class=&quot;ms-tab-context&quot;><\/div><\/div>\n<\/div>\n\t\t\t\t<\/div>\n\t\t\t\t<div  class=\"ms-slide\" data-delay=\"3\" data-fill-mode=\"fill\"  >\n\t\t\t\t\t<img src=\"https:\/\/www.lyceelecorbusier.eu\/projets\/wp-content\/plugins\/master-slider\/public\/assets\/css\/blank.gif\" alt=\"\" title=\"\" data-src=\"https:\/\/www.lyceelecorbusier.eu\/projets\/wp-content\/uploads\/sites\/8\/2018\/03\/28166342_191085751485665_4933119199785262344_n.jpg\" \/>\n\n\n\t<div class=\"ms-thumb\" ><div class=\"ms-tab-context\"><div class=&quot;ms-tab-context&quot;><\/div><\/div>\n<\/div>\n\t\t\t\t<\/div>\n\t\t\t\t<div  class=\"ms-slide\" data-delay=\"3\" data-fill-mode=\"fill\"  >\n\t\t\t\t\t<img src=\"https:\/\/www.lyceelecorbusier.eu\/projets\/wp-content\/plugins\/master-slider\/public\/assets\/css\/blank.gif\" alt=\"\" title=\"\" data-src=\"https:\/\/www.lyceelecorbusier.eu\/projets\/wp-content\/uploads\/sites\/8\/2018\/03\/28167308_191085378152369_2292919451473547415_n.jpg\" \/>\n\n\n\t<div class=\"ms-thumb\" ><div class=\"ms-tab-context\"><div class=&quot;ms-tab-context&quot;><\/div><\/div>\n<\/div>\n\t\t\t\t<\/div>\n\t\t\t\t<div  class=\"ms-slide\" data-delay=\"3\" data-fill-mode=\"fill\"  >\n\t\t\t\t\t<img src=\"https:\/\/www.lyceelecorbusier.eu\/projets\/wp-content\/plugins\/master-slider\/public\/assets\/css\/blank.gif\" alt=\"\" title=\"\" data-src=\"https:\/\/www.lyceelecorbusier.eu\/projets\/wp-content\/uploads\/sites\/8\/2018\/03\/28276405_191085398152367_8955845796470415593_n.jpg\" \/>\n\n\n\t<div class=\"ms-thumb\" ><div class=\"ms-tab-context\"><div class=&quot;ms-tab-context&quot;><\/div><\/div>\n<\/div>\n\t\t\t\t<\/div>\n\t\t\t\t<div  class=\"ms-slide\" data-delay=\"3\" data-fill-mode=\"fill\"  >\n\t\t\t\t\t<img src=\"https:\/\/www.lyceelecorbusier.eu\/projets\/wp-content\/plugins\/master-slider\/public\/assets\/css\/blank.gif\" alt=\"\" title=\"\" data-src=\"https:\/\/www.lyceelecorbusier.eu\/projets\/wp-content\/uploads\/sites\/8\/2018\/03\/29178616_2057702661165912_2753951872216727552_n-2-1.jpg\" \/>\n\n\n\t<div class=\"ms-thumb\" ><div class=\"ms-tab-context\"><div class=&quot;ms-tab-context&quot;><\/div><\/div>\n<\/div>\n\t\t\t\t<\/div>\n\t\t\t\t<div  class=\"ms-slide\" data-delay=\"3\" data-fill-mode=\"fill\"  >\n\t\t\t\t\t<img src=\"https:\/\/www.lyceelecorbusier.eu\/projets\/wp-content\/plugins\/master-slider\/public\/assets\/css\/blank.gif\" alt=\"\" title=\"\" data-src=\"https:\/\/www.lyceelecorbusier.eu\/projets\/wp-content\/uploads\/sites\/8\/2018\/03\/28277022_2045544582381720_5227518935747600384_n-1.jpg\" \/>\n\n\n\t<div class=\"ms-thumb\" ><div class=\"ms-tab-context\"><div class=&quot;ms-tab-context&quot;><\/div><\/div>\n<\/div>\n\t\t\t\t<\/div>\n\t\t\t\t<div  class=\"ms-slide\" data-delay=\"3\" data-fill-mode=\"fill\"  >\n\t\t\t\t\t<img src=\"https:\/\/www.lyceelecorbusier.eu\/projets\/wp-content\/plugins\/master-slider\/public\/assets\/css\/blank.gif\" alt=\"\" title=\"\" data-src=\"https:\/\/www.lyceelecorbusier.eu\/projets\/wp-content\/uploads\/sites\/8\/2018\/03\/28279172_191085484819025_4239120400179416283_n-1.jpg\" \/>\n\n\n\t<div class=\"ms-thumb\" ><div class=\"ms-tab-context\"><div class=&quot;ms-tab-context&quot;><\/div><\/div>\n<\/div>\n\t\t\t\t<\/div>\n\t\t\t\t<div  class=\"ms-slide\" data-delay=\"3\" data-fill-mode=\"fill\"  >\n\t\t\t\t\t<img src=\"https:\/\/www.lyceelecorbusier.eu\/projets\/wp-content\/plugins\/master-slider\/public\/assets\/css\/blank.gif\" alt=\"\" title=\"\" data-src=\"https:\/\/www.lyceelecorbusier.eu\/projets\/wp-content\/uploads\/sites\/8\/2018\/03\/28279255_191085448152362_8575637506806651866_n.jpg\" \/>\n\n\n\t<div class=\"ms-thumb\" ><div class=\"ms-tab-context\"><div class=&quot;ms-tab-context&quot;><\/div><\/div>\n<\/div>\n\t\t\t\t<\/div>\n\t\t\t\t<div  class=\"ms-slide\" data-delay=\"3\" data-fill-mode=\"fill\"  >\n\t\t\t\t\t<img src=\"https:\/\/www.lyceelecorbusier.eu\/projets\/wp-content\/plugins\/master-slider\/public\/assets\/css\/blank.gif\" alt=\"\" title=\"\" data-src=\"https:\/\/www.lyceelecorbusier.eu\/projets\/wp-content\/uploads\/sites\/8\/2018\/03\/28279523_2045544655715046_3227876540154150004_n.jpg\" \/>\n\n\n\t<div class=\"ms-thumb\" ><div class=\"ms-tab-context\"><div class=&quot;ms-tab-context&quot;><\/div><\/div>\n<\/div>\n\t\t\t\t<\/div>\n\t\t\t\t<div  class=\"ms-slide\" data-delay=\"3\" data-fill-mode=\"fill\"  >\n\t\t\t\t\t<img src=\"https:\/\/www.lyceelecorbusier.eu\/projets\/wp-content\/plugins\/master-slider\/public\/assets\/css\/blank.gif\" alt=\"\" title=\"\" data-src=\"https:\/\/www.lyceelecorbusier.eu\/projets\/wp-content\/uploads\/sites\/8\/2018\/03\/28279894_191085204819053_4372939751782992312_n.jpg\" \/>\n\n\n\t<div class=\"ms-thumb\" ><div class=\"ms-tab-context\"><div class=&quot;ms-tab-context&quot;><\/div><\/div>\n<\/div>\n\t\t\t\t<\/div>\n\t\t\t\t<div  class=\"ms-slide\" data-delay=\"3\" data-fill-mode=\"fill\"  >\n\t\t\t\t\t<img src=\"https:\/\/www.lyceelecorbusier.eu\/projets\/wp-content\/plugins\/master-slider\/public\/assets\/css\/blank.gif\" alt=\"\" title=\"\" data-src=\"https:\/\/www.lyceelecorbusier.eu\/projets\/wp-content\/uploads\/sites\/8\/2018\/03\/29177867_2057702594499252_1754637373280354304_n.jpg\" \/>\n\n\n\t<div class=\"ms-thumb\" ><div class=\"ms-tab-context\"><div class=&quot;ms-tab-context&quot;><\/div><\/div>\n<\/div>\n\t\t\t\t<\/div>\n\t\t\t\t<div  class=\"ms-slide\" data-delay=\"3\" data-fill-mode=\"fill\"  >\n\t\t\t\t\t<img src=\"https:\/\/www.lyceelecorbusier.eu\/projets\/wp-content\/plugins\/master-slider\/public\/assets\/css\/blank.gif\" alt=\"\" title=\"\" data-src=\"https:\/\/www.lyceelecorbusier.eu\/projets\/wp-content\/uploads\/sites\/8\/2018\/03\/29178616_2057702661165912_2753951872216727552_n.jpg\" \/>\n\n\n\t<div class=\"ms-thumb\" ><div class=\"ms-tab-context\"><div class=&quot;ms-tab-context&quot;><\/div><\/div>\n<\/div>\n\t\t\t\t<\/div>\n\t\t\t\t<div  class=\"ms-slide\" data-delay=\"3\" data-fill-mode=\"fill\"  >\n\t\t\t\t\t<img src=\"https:\/\/www.lyceelecorbusier.eu\/projets\/wp-content\/plugins\/master-slider\/public\/assets\/css\/blank.gif\" alt=\"\" title=\"\" data-src=\"https:\/\/www.lyceelecorbusier.eu\/projets\/wp-content\/uploads\/sites\/8\/2018\/03\/IMG_3326-1000x500.jpg\" \/>\n\n\n\t<div class=\"ms-thumb\" ><div class=\"ms-tab-context\"><div class=&quot;ms-tab-context&quot;><\/div><\/div>\n<\/div>\n\t\t\t\t<\/div>\n\t\t\t\t<div  class=\"ms-slide\" data-delay=\"3\" data-fill-mode=\"fill\"  >\n\t\t\t\t\t<img src=\"https:\/\/www.lyceelecorbusier.eu\/projets\/wp-content\/plugins\/master-slider\/public\/assets\/css\/blank.gif\" alt=\"\" title=\"\" data-src=\"https:\/\/www.lyceelecorbusier.eu\/projets\/wp-content\/uploads\/sites\/8\/2018\/03\/IMG_3327-1000x500.jpg\" \/>\n\n\n\t<div class=\"ms-thumb\" ><div class=\"ms-tab-context\"><div class=&quot;ms-tab-context&quot;><\/div><\/div>\n<\/div>\n\t\t\t\t<\/div>\n\t\t\t\t<div  class=\"ms-slide\" data-delay=\"3\" data-fill-mode=\"fill\"  >\n\t\t\t\t\t<img src=\"https:\/\/www.lyceelecorbusier.eu\/projets\/wp-content\/plugins\/master-slider\/public\/assets\/css\/blank.gif\" alt=\"\" title=\"\" data-src=\"https:\/\/www.lyceelecorbusier.eu\/projets\/wp-content\/uploads\/sites\/8\/2018\/03\/IMG_3328-1000x500.jpg\" \/>\n\n\n\t<div class=\"ms-thumb\" ><div class=\"ms-tab-context\"><div class=&quot;ms-tab-context&quot;><\/div><\/div>\n<\/div>\n\t\t\t\t<\/div>\n\t\t\t\t<div  class=\"ms-slide\" data-delay=\"3\" data-fill-mode=\"fill\"  >\n\t\t\t\t\t<img src=\"https:\/\/www.lyceelecorbusier.eu\/projets\/wp-content\/plugins\/master-slider\/public\/assets\/css\/blank.gif\" alt=\"\" title=\"\" data-src=\"https:\/\/www.lyceelecorbusier.eu\/projets\/wp-content\/uploads\/sites\/8\/2018\/03\/IMG_3330-1000x500.jpg\" \/>\n\n\n\t<div class=\"ms-thumb\" ><div class=\"ms-tab-context\"><div class=&quot;ms-tab-context&quot;><\/div><\/div>\n<\/div>\n\t\t\t\t<\/div>\n\t\t\t\t<div  class=\"ms-slide\" data-delay=\"3\" data-fill-mode=\"fill\"  >\n\t\t\t\t\t<img src=\"https:\/\/www.lyceelecorbusier.eu\/projets\/wp-content\/plugins\/master-slider\/public\/assets\/css\/blank.gif\" alt=\"\" title=\"\" data-src=\"https:\/\/www.lyceelecorbusier.eu\/projets\/wp-content\/uploads\/sites\/8\/2018\/03\/IMG_3331-1000x500.jpg\" \/>\n\n\n\t<div class=\"ms-thumb\" ><div class=\"ms-tab-context\"><div class=&quot;ms-tab-context&quot;><\/div><\/div>\n<\/div>\n\t\t\t\t<\/div>\n\t\t\t\t<div  class=\"ms-slide\" data-delay=\"3\" data-fill-mode=\"fill\"  >\n\t\t\t\t\t<img src=\"https:\/\/www.lyceelecorbusier.eu\/projets\/wp-content\/plugins\/master-slider\/public\/assets\/css\/blank.gif\" alt=\"\" title=\"\" data-src=\"https:\/\/www.lyceelecorbusier.eu\/projets\/wp-content\/uploads\/sites\/8\/2018\/03\/IMG_3333-1000x500.jpg\" \/>\n\n\n\t<div class=\"ms-thumb\" ><div class=\"ms-tab-context\"><div class=&quot;ms-tab-context&quot;><\/div><\/div>\n<\/div>\n\t\t\t\t<\/div>\n\t\t\t\t<div  class=\"ms-slide\" data-delay=\"3\" data-fill-mode=\"fill\"  >\n\t\t\t\t\t<img src=\"https:\/\/www.lyceelecorbusier.eu\/projets\/wp-content\/plugins\/master-slider\/public\/assets\/css\/blank.gif\" alt=\"\" title=\"\" data-src=\"https:\/\/www.lyceelecorbusier.eu\/projets\/wp-content\/uploads\/sites\/8\/2018\/03\/IMG_3335-1000x500.jpg\" \/>\n\n\n\t<div class=\"ms-thumb\" ><div class=\"ms-tab-context\"><div class=&quot;ms-tab-context&quot;><\/div><\/div>\n<\/div>\n\t\t\t\t<\/div>\n\t\t\t\t<div  class=\"ms-slide\" data-delay=\"3\" data-fill-mode=\"fill\"  >\n\t\t\t\t\t<img src=\"https:\/\/www.lyceelecorbusier.eu\/projets\/wp-content\/plugins\/master-slider\/public\/assets\/css\/blank.gif\" alt=\"\" title=\"\" data-src=\"https:\/\/www.lyceelecorbusier.eu\/projets\/wp-content\/uploads\/sites\/8\/2018\/03\/IMG_3336-1000x500.jpg\" \/>\n\n\n\t<div class=\"ms-thumb\" ><div class=\"ms-tab-context\"><div class=&quot;ms-tab-context&quot;><\/div><\/div>\n<\/div>\n\t\t\t\t<\/div>\n\n\t\t\t<\/div>\n\t\t\t<!-- END MasterSlider Main -->\n\n\t\t\t \n\t\t<\/div>\n\t\t<!-- END MasterSlider -->\n\n\t\t<script>\n\t\t(function ( $ ) {\n\t\t\t\"use strict\";\n\n\t\t\t$(function () {\n\t\t\t\tvar masterslider_652e = new MasterSlider();\n\n\t\t\t\t\/\/ slider controls\n\t\t\t\tmasterslider_652e.control('arrows'     ,{ autohide:false, overVideo:true  });\n\t\t\t\t\/\/ slider setup\n\t\t\t\tmasterslider_652e.setup(\"MS69f2bf37d652e\", {\n\t\t\t\t\t\twidth           : 1000,\n\t\t\t\t\t\theight          : 500,\n\t\t\t\t\t\tminHeight       : 0,\n\t\t\t\t\t\tspace           : 0,\n\t\t\t\t\t\tstart           : 1,\n\t\t\t\t\t\tgrabCursor      : true,\n\t\t\t\t\t\tswipe           : true,\n\t\t\t\t\t\tmouse           : true,\n\t\t\t\t\t\tlayout          : \"boxed\",\n\t\t\t\t\t\twheel           : false,\n\t\t\t\t\t\tautoplay        : true,\n\t\t\t\t\t\tinstantStartLayers:false,\n\t\t\t\t\t\tloop            : true,\n\t\t\t\t\t\tshuffle         : false,\n\t\t\t\t\t\tpreload         : 0,\n\t\t\t\t\t\theightLimit     : true,\n\t\t\t\t\t\tautoHeight      : false,\n\t\t\t\t\t\tsmoothHeight    : true,\n\t\t\t\t\t\tendPause        : false,\n\t\t\t\t\t\toverPause       : true,\n\t\t\t\t\t\tfillMode        : \"fill\",\n\t\t\t\t\t\tcenterControls  : true,\n\t\t\t\t\t\tstartOnAppear   : false,\n\t\t\t\t\t\tlayersMode      : \"center\",\n\t\t\t\t\t\thideLayers      : false,\n\t\t\t\t\t\tfullscreenMargin: 0,\n\t\t\t\t\t\tspeed           : 20,\n\t\t\t\t\t\tdir             : \"h\",\n\t\t\t\t\t\tparallaxMode    : 'swipe',\n\t\t\t\t\t\tview            : \"basic\"\n\t\t\t\t});\n\n\t\t\t\t\n\t\t\t\twindow.masterslider_instances = window.masterslider_instances || [];\n\t\t\t\twindow.masterslider_instances.push( masterslider_652e );\n\t\t\t });\n\n\t\t})(jQuery);\n\t\t<\/script>\n\n\n<div class=\"text_exposed_show\">\n<div class=\"text_exposed_show\">\n<h5 style=\"text-align: center\"><strong>Une exposition aimablement pr\u00eat\u00e9e par notre partenaire du \u00a0<a class=\"profileLink\" href=\"https:\/\/www.facebook.com\/clubpresse.strasbourg\/?fref=mentions\">Club Presse Strasbourg Europe<\/a>\u00a0et par\u00a0<a class=\"profileLink\" href=\"https:\/\/www.facebook.com\/toutlebasrhin\/?fref=mentions\">Tout le Bas-Rhin<\/a>,\u00a0avec le\u00a0<a class=\"profileLink\" href=\"https:\/\/www.facebook.com\/ClemiStrasbourg\/?fref=mentions\">CLEMI Strasbourg<\/a><\/strong><\/h5>\n<\/div>\n<p><img loading=\"lazy\" class=\"aligncenter wp-image-4855\" src=\"http:\/\/www.lyceelecorbusier.eu\/projets\/wp-content\/uploads\/sites\/8\/2018\/03\/Sans-titre.png\" alt=\"\" width=\"441\" height=\"260\" srcset=\"https:\/\/www.lyceelecorbusier.eu\/projets\/wp-content\/uploads\/sites\/8\/2018\/03\/Sans-titre.png 487w, https:\/\/www.lyceelecorbusier.eu\/projets\/wp-content\/uploads\/sites\/8\/2018\/03\/Sans-titre-300x177.png 300w\" sizes=\"(max-width: 441px) 100vw, 441px\" \/><\/p>\n<h5><\/h5>\n<h5><\/h5>\n<h5 style=\"text-align: center\"><strong>En savoir plus sur Jochen Gerner ?<\/strong><\/h5>\n<p style=\"text-align: center\">&#8211; Visitez son site web :\u00a0<a href=\"https:\/\/l.facebook.com\/l.php?u=http%3A%2F%2Fwww.jochengerner.com%2F&amp;h=ATM9P2sN5UZKr6efVejjcxTdEhUhz2iGjzlNcJDjOHRAAKu_yhpYLNax9NW7zVa5N-zzrvF2E8y2aNC3UIpGakiGN5F5OpYdV_08fz01mSwB0gj-ILr5sCoFaG9JpieoRZ9FKPvXVdKX3rlzv_s5bUM8ziNFX7fePp-6Dz4FZXGKU1XQi8Y4Iymwxp2_aZLCGsJFvxIo4DE-tAXRyb7lvsBZqPBqx7igY_Ph8R3E5dKTl1coYQQa9IT0rkCYO7iMhcKsjJYcsqSengjhBSKBAT2l-ok9cdSIKFA0LoW2Z7NYgKnVDk-1O8otrSOILKJx3e90RNU\" target=\"_blank\" rel=\"nofollow noopener\">http:\/\/www.jochengerner.com<\/a><br \/>\n&#8211; Regardez l&#8217;interview de 3mn o\u00f9 il parle de son travail :\u00a0<a href=\"https:\/\/www.youtube.com\/watch?time_continue=2&amp;v=Ar0WjNdUTYs\" target=\"_blank\" rel=\"nofollow noopener\">https:\/\/www.youtube.com\/watch?time_continue=2&amp;v=Ar0WjNdUTYs<\/a><br \/>\n&#8211; Plongez dans son atelier, avec Arte :\u00a0<a href=\"https:\/\/l.facebook.com\/l.php?u=https%3A%2F%2Fwww.arte.tv%2Ffr%2Fvideos%2F074719-007-A%2Fjochen-gerner%2F&amp;h=ATMZjbEusy7xWJqzXubl8UmWBZ0Hhk48Ii3vuuS9lvXuxBa5501itWtGBZXioUiFB5KzUn8nzVyvaCNfu5oy38Jucg589o_329G4iBgTMG0BwhIBvoEd5LYynzRDyy6HPfzFZLMhki_0rk3QRJl2-drSgqBvMQ84chJkoYawk_vK4-qcvXzfu6XyoQMgl3YEPWlLgccmERe4vYEtTdK32QFTF7PNF3iIsLrQnggcRZ5aXLy9NQSXwS_ibldTLoxtFHgcn0IkU-rpEDQBpVqSb_HQhimsHvrv9w5tqkEd2ivrmEabcJFK8H9ua_GWlPT471I4w-Q\" target=\"_blank\" rel=\"nofollow noopener\">https:\/\/www.arte.tv\/fr\/videos\/074719-007-A\/jochen-gerner\/<\/a><br \/>\n&#8211; Ou d\u00e9couvrez la superbe web s\u00e9rie sur l&#8217;art qu&#8217;il a con\u00e7ue pour le Centre Pompidou : &#8220;Voulez-vous un dessin ?&#8221; :\u00a0<a href=\"https:\/\/l.facebook.com\/l.php?u=https%3A%2F%2Fwww.youtube.com%2Fwatch%3Fv%3D9OnaJAID0Nk%26list%3DPL5RSjCvtcKQjCPTF08InvZnYkE1hyj_t9&amp;h=ATNyYvpGHuXXzrBfgaq8eZ3qctdhK2sIPGC0U5-0KDbSmX_QOgkY6HauDXDf5OCAYIQpyei_wMnnV55zGTo7WXVTW-7Rop7Hcko5RtYbY-gJZU_7o8Hot2R0Yri_37gV2XAVZgfrmFpLYlNtHbYOZ70D9z7V-Iyy6FuTVtX4a6Kh3ZLuKW09zj2b3pnR0TatgveYYIDF_VNBup3GaDCxLky2CFyYVe-EY04E-whkjulpxl5yga2UR_pG9jum01vC0Yt-vAHZSHC2kWxp9MljRaqVTSkgO2-G4eSaElf2StmQ0EVKJkhMSCMAjIRSHDdVa_6HKE4\" target=\"_blank\" rel=\"nofollow noopener\">https:\/\/www.youtube.com\/watch\u2026<\/a><\/p>\n<\/div>\n<p>&nbsp;<\/p>\n","protected":false},"excerpt":{"rendered":"<p>L&#8217;actu autrement au CDI<\/p>\n","protected":false},"author":5,"featured_media":4850,"comment_status":"closed","ping_status":"closed","sticky":false,"template":"","format":"standard","meta":[],"categories":[16,11,4,6],"tags":[],"_links":{"self":[{"href":"https:\/\/www.lyceelecorbusier.eu\/projets\/index.php?rest_route=\/wp\/v2\/posts\/4807"}],"collection":[{"href":"https:\/\/www.lyceelecorbusier.eu\/projets\/index.php?rest_route=\/wp\/v2\/posts"}],"about":[{"href":"https:\/\/www.lyceelecorbusier.eu\/projets\/index.php?rest_route=\/wp\/v2\/types\/post"}],"author":[{"embeddable":true,"href":"https:\/\/www.lyceelecorbusier.eu\/projets\/index.php?rest_route=\/wp\/v2\/users\/5"}],"replies":[{"embeddable":true,"href":"https:\/\/www.lyceelecorbusier.eu\/projets\/index.php?rest_route=%2Fwp%2Fv2%2Fcomments&post=4807"}],"version-history":[{"count":10,"href":"https:\/\/www.lyceelecorbusier.eu\/projets\/index.php?rest_route=\/wp\/v2\/posts\/4807\/revisions"}],"predecessor-version":[{"id":4970,"href":"https:\/\/www.lyceelecorbusier.eu\/projets\/index.php?rest_route=\/wp\/v2\/posts\/4807\/revisions\/4970"}],"wp:featuredmedia":[{"embeddable":true,"href":"https:\/\/www.lyceelecorbusier.eu\/projets\/index.php?rest_route=\/wp\/v2\/media\/4850"}],"wp:attachment":[{"href":"https:\/\/www.lyceelecorbusier.eu\/projets\/index.php?rest_route=%2Fwp%2Fv2%2Fmedia&parent=4807"}],"wp:term":[{"taxonomy":"category","embeddable":true,"href":"https:\/\/www.lyceelecorbusier.eu\/projets\/index.php?rest_route=%2Fwp%2Fv2%2Fcategories&post=4807"},{"taxonomy":"post_tag","embeddable":true,"href":"https:\/\/www.lyceelecorbusier.eu\/projets\/index.php?rest_route=%2Fwp%2Fv2%2Ftags&post=4807"}],"curies":[{"name":"wp","href":"https:\/\/api.w.org\/{rel}","templated":true}]}}