{"id":3230,"date":"2016-05-19T16:30:31","date_gmt":"2016-05-19T15:30:31","guid":{"rendered":"http:\/\/www.lyceelecorbusier.eu\/projets\/?p=3230"},"modified":"2016-06-03T15:02:13","modified_gmt":"2016-06-03T14:02:13","slug":"the-voice-du-btp","status":"publish","type":"post","link":"https:\/\/www.lyceelecorbusier.eu\/projets\/?p=3230","title":{"rendered":"&#8220;The Voice du BTP&#8221;"},"content":{"rendered":"<p style=\"text-align: justify\"><strong>Le 13 mai dernier, l<span class=\"_4n-j fsl\">\u2019\u00e9ventail des m\u00e9tiers du BTP \u00e9taient\u00a0 d\u00e9ploy\u00e9s et repr\u00e9sent\u00e9s place Kl\u00e9ber.<\/span><\/strong><\/p>\n<p style=\"text-align: justify\">Sous 25 tentes am\u00e9nag\u00e9es, l<span class=\"_4n-j fsl\">es visiteurs avaient la possibilit\u00e9 d\u2019obtenir les r\u00e9ponses aux questions que toutes ces professions peuvent susciter, questions qui sont le reflet de la diversit\u00e9 et de la richesse de ces secteurs d\u2019activit\u00e9s. Les CFA de la r\u00e9gion, la Chambre de M\u00e9tiers d\u2019Alsace, Alemploi, les Compagnons du Devoir et du Tour de Franc, l&#8217;AFPA et ProBTP ont guid\u00e9 le<span class=\"text_exposed_show\">s jeunes dans leur choix d\u2019orientation professionnelle et les ont donc inform\u00e9s des aides dont ils peuvent b\u00e9n\u00e9ficier pour s&#8217;engager dans cette voie.\u00a0<\/span><\/span><\/p>\n<p><strong>Notre \u00e9tablissement \u00e9tait pr\u00e9sent et a assur\u00e9 un stand pour parler des formations repr\u00e9sent\u00e9es au lyc\u00e9e Le Corbusier.<\/strong><\/p>\n<p style=\"text-align: justify\">Plusieurs lyc\u00e9ens\u00a0 y ont \u00e9galement donn\u00e9 de la voix et assur\u00e9 l&#8217;animation musicale avec talent, emmen\u00e9s par Pascal Freund, proviseur du lyc\u00e9e, qui les a accompagn\u00e9s \u00e0 la batterie, ainsi que par ses comparses musiciens Bruno Rizzo et Philippe Laiss.<\/p>\n<p><a href=\"http:\/\/www.lyceelecorbusier.eu\/projets\/wp-content\/uploads\/sites\/8\/2016\/05\/13173741_10208237197544921_4532126401903969756_n.jpg\"><img loading=\"lazy\" class=\"aligncenter wp-image-3231 size-full\" src=\"http:\/\/www.lyceelecorbusier.eu\/projets\/wp-content\/uploads\/sites\/8\/2016\/05\/13173741_10208237197544921_4532126401903969756_n.jpg\" alt=\"13173741_10208237197544921_4532126401903969756_n\" width=\"526\" height=\"394\" srcset=\"https:\/\/www.lyceelecorbusier.eu\/projets\/wp-content\/uploads\/sites\/8\/2016\/05\/13173741_10208237197544921_4532126401903969756_n.jpg 526w, https:\/\/www.lyceelecorbusier.eu\/projets\/wp-content\/uploads\/sites\/8\/2016\/05\/13173741_10208237197544921_4532126401903969756_n-300x225.jpg 300w\" sizes=\"(max-width: 526px) 100vw, 526px\" \/><\/a><a href=\"http:\/\/www.lyceelecorbusier.eu\/projets\/wp-content\/uploads\/sites\/8\/2016\/05\/13178698_1205535996123514_4502508955515765322_n.jpg\"><img loading=\"lazy\" class=\"wp-image-3232 size-full aligncenter\" src=\"http:\/\/www.lyceelecorbusier.eu\/projets\/wp-content\/uploads\/sites\/8\/2016\/05\/13178698_1205535996123514_4502508955515765322_n.jpg\" alt=\"13178698_1205535996123514_4502508955515765322_n\" width=\"450\" height=\"240\" srcset=\"https:\/\/www.lyceelecorbusier.eu\/projets\/wp-content\/uploads\/sites\/8\/2016\/05\/13178698_1205535996123514_4502508955515765322_n.jpg 450w, https:\/\/www.lyceelecorbusier.eu\/projets\/wp-content\/uploads\/sites\/8\/2016\/05\/13178698_1205535996123514_4502508955515765322_n-300x160.jpg 300w\" sizes=\"(max-width: 450px) 100vw, 450px\" \/><\/a><a href=\"http:\/\/www.lyceelecorbusier.eu\/projets\/wp-content\/uploads\/sites\/8\/2016\/05\/13238874_10154117080422310_1459619045766871171_n.jpg\"><img loading=\"lazy\" class=\"wp-image-3233 size-full aligncenter\" src=\"http:\/\/www.lyceelecorbusier.eu\/projets\/wp-content\/uploads\/sites\/8\/2016\/05\/13238874_10154117080422310_1459619045766871171_n.jpg\" alt=\"13238874_10154117080422310_1459619045766871171_n\" width=\"480\" height=\"360\" srcset=\"https:\/\/www.lyceelecorbusier.eu\/projets\/wp-content\/uploads\/sites\/8\/2016\/05\/13238874_10154117080422310_1459619045766871171_n.jpg 480w, https:\/\/www.lyceelecorbusier.eu\/projets\/wp-content\/uploads\/sites\/8\/2016\/05\/13238874_10154117080422310_1459619045766871171_n-300x225.jpg 300w\" sizes=\"(max-width: 480px) 100vw, 480px\" \/><\/a><a href=\"http:\/\/www.lemoniteur.fr\/article\/le-village-du-btp-s-est-joue-des-nuages-a-strasbourg-32265491?32265496=32265495#32265496\" target=\"_blank\"><strong>Lire aussi : &#8220;Le Village du BTP s&#8217;est jou\u00e9 des nuages \u00e0 Strasbourg&#8221; Le Moniteur 13\/05\/16<\/strong> <\/a><\/p>\n","protected":false},"excerpt":{"rendered":"<p>Animation musicale place Kl\u00e9ber<\/p>\n","protected":false},"author":5,"featured_media":3235,"comment_status":"closed","ping_status":"closed","sticky":false,"template":"","format":"standard","meta":[],"categories":[14,11,6],"tags":[],"_links":{"self":[{"href":"https:\/\/www.lyceelecorbusier.eu\/projets\/index.php?rest_route=\/wp\/v2\/posts\/3230"}],"collection":[{"href":"https:\/\/www.lyceelecorbusier.eu\/projets\/index.php?rest_route=\/wp\/v2\/posts"}],"about":[{"href":"https:\/\/www.lyceelecorbusier.eu\/projets\/index.php?rest_route=\/wp\/v2\/types\/post"}],"author":[{"embeddable":true,"href":"https:\/\/www.lyceelecorbusier.eu\/projets\/index.php?rest_route=\/wp\/v2\/users\/5"}],"replies":[{"embeddable":true,"href":"https:\/\/www.lyceelecorbusier.eu\/projets\/index.php?rest_route=%2Fwp%2Fv2%2Fcomments&post=3230"}],"version-history":[{"count":6,"href":"https:\/\/www.lyceelecorbusier.eu\/projets\/index.php?rest_route=\/wp\/v2\/posts\/3230\/revisions"}],"predecessor-version":[{"id":3240,"href":"https:\/\/www.lyceelecorbusier.eu\/projets\/index.php?rest_route=\/wp\/v2\/posts\/3230\/revisions\/3240"}],"wp:featuredmedia":[{"embeddable":true,"href":"https:\/\/www.lyceelecorbusier.eu\/projets\/index.php?rest_route=\/wp\/v2\/media\/3235"}],"wp:attachment":[{"href":"https:\/\/www.lyceelecorbusier.eu\/projets\/index.php?rest_route=%2Fwp%2Fv2%2Fmedia&parent=3230"}],"wp:term":[{"taxonomy":"category","embeddable":true,"href":"https:\/\/www.lyceelecorbusier.eu\/projets\/index.php?rest_route=%2Fwp%2Fv2%2Fcategories&post=3230"},{"taxonomy":"post_tag","embeddable":true,"href":"https:\/\/www.lyceelecorbusier.eu\/projets\/index.php?rest_route=%2Fwp%2Fv2%2Ftags&post=3230"}],"curies":[{"name":"wp","href":"https:\/\/api.w.org\/{rel}","templated":true}]}}