{"id":3016,"date":"2016-04-25T11:01:31","date_gmt":"2016-04-25T10:01:31","guid":{"rendered":"http:\/\/www.lyceelecorbusier.eu\/projets\/?p=3016"},"modified":"2016-04-29T08:57:14","modified_gmt":"2016-04-29T07:57:14","slug":"mois-de-lautre-2016","status":"publish","type":"post","link":"https:\/\/www.lyceelecorbusier.eu\/projets\/?p=3016","title":{"rendered":"Mois de l&#8217;autre 2016"},"content":{"rendered":"<p style=\"text-align: justify\"><strong>Cette ann\u00e9e encore, dans le cadre du Mois de l\u2019Autre, le lyc\u00e9e a accueilli 7 actions citoyennes propos\u00e9es par la R\u00e9gion Alsace.<\/strong><\/p>\n<p style=\"text-align: justify\">Ces actions ont permis \u00e0 quelques 200 \u00e9l\u00e8ves de d\u00e9battre de sujets de soci\u00e9t\u00e9 tels que le r\u00f4le et la responsabilit\u00e9 du journaliste dans la transmission de l\u2019information, les clich\u00e9s et st\u00e9r\u00e9otypes sociaux, mais aussi de comprendre la la\u00efcit\u00e9 et de conna\u00eetre la l\u00e9gislation concernant la prostitution par exemple. Par ailleurs certains se sont exerc\u00e9s au slam et d\u2019autres \u00e0 la confection de carnets de voyage.<\/p>\n<p style=\"text-align: justify\">Les intervenants \u00e9taient choisis par la R\u00e9gion Alsace et les \u00e9l\u00e8ves se sont montr\u00e9s enthousiastes et int\u00e9ress\u00e9s par ces discussions qui leur ont permis de rencontrer des personnes tr\u00e8s impliqu\u00e9es dans des domaines tr\u00e8s vari\u00e9s et d\u2019\u00eatre ainsi mieux inform\u00e9s.<b> <\/b><\/p>\n<p style=\"text-align: right\"><em>Nicole Kneib, professeure documentaliste et coordinatrice de l&#8217;op\u00e9ration<\/em><\/p>\n<p style=\"text-align: center\">\n\t\t<!-- MasterSlider -->\n\t\t<div id=\"P_MS69f316b6a7712\" class=\"master-slider-parent msl ms-parent-id-77\" style=\"max-width:1000px;\">\n\n\t\t\t\n\t\t\t<!-- MasterSlider Main -->\n\t\t\t<div id=\"MS69f316b6a7712\" class=\"master-slider ms-skin-light-3\" >\n\t\t\t\t \t\t\t\t \n\t\t\t\t<div  class=\"ms-slide\" data-delay=\"3\" data-fill-mode=\"fill\"  >\n\t\t\t\t\t<img src=\"https:\/\/www.lyceelecorbusier.eu\/projets\/wp-content\/plugins\/master-slider\/public\/assets\/css\/blank.gif\" alt=\"\" title=\"\" data-src=\"https:\/\/www.lyceelecorbusier.eu\/projets\/wp-content\/uploads\/sites\/8\/2016\/04\/001.jpg\" \/>\n\n\n\t<div class=\"ms-thumb\" ><div class=\"ms-tab-context\"><div class=&quot;ms-tab-context&quot;><\/div><\/div>\n<\/div>\n\t\t\t\t<\/div>\n\t\t\t\t<div  class=\"ms-slide\" data-delay=\"3\" data-fill-mode=\"fill\"  >\n\t\t\t\t\t<img src=\"https:\/\/www.lyceelecorbusier.eu\/projets\/wp-content\/plugins\/master-slider\/public\/assets\/css\/blank.gif\" alt=\"\" title=\"\" data-src=\"https:\/\/www.lyceelecorbusier.eu\/projets\/wp-content\/uploads\/sites\/8\/2016\/04\/003.jpg\" \/>\n\n\n\t<div class=\"ms-thumb\" ><div class=\"ms-tab-context\"><div class=&quot;ms-tab-context&quot;><\/div><\/div>\n<\/div>\n\t\t\t\t<\/div>\n\t\t\t\t<div  class=\"ms-slide\" data-delay=\"3\" data-fill-mode=\"fill\"  >\n\t\t\t\t\t<img src=\"https:\/\/www.lyceelecorbusier.eu\/projets\/wp-content\/plugins\/master-slider\/public\/assets\/css\/blank.gif\" alt=\"\" title=\"\" data-src=\"https:\/\/www.lyceelecorbusier.eu\/projets\/wp-content\/uploads\/sites\/8\/2016\/04\/BP1000694.jpg\" \/>\n\n\n\t<div class=\"ms-thumb\" ><div class=\"ms-tab-context\"><div class=&quot;ms-tab-context&quot;><\/div><\/div>\n<\/div>\n\t\t\t\t<\/div>\n\t\t\t\t<div  class=\"ms-slide\" data-delay=\"3\" data-fill-mode=\"fill\"  >\n\t\t\t\t\t<img src=\"https:\/\/www.lyceelecorbusier.eu\/projets\/wp-content\/plugins\/master-slider\/public\/assets\/css\/blank.gif\" alt=\"\" title=\"\" data-src=\"https:\/\/www.lyceelecorbusier.eu\/projets\/wp-content\/uploads\/sites\/8\/2016\/04\/P1000696.jpg\" \/>\n\n\n\t<div class=\"ms-thumb\" ><div class=\"ms-tab-context\"><div class=&quot;ms-tab-context&quot;><\/div><\/div>\n<\/div>\n\t\t\t\t<\/div>\n\t\t\t\t<div  class=\"ms-slide\" data-delay=\"3\" data-fill-mode=\"fill\"  >\n\t\t\t\t\t<img src=\"https:\/\/www.lyceelecorbusier.eu\/projets\/wp-content\/plugins\/master-slider\/public\/assets\/css\/blank.gif\" alt=\"\" title=\"\" data-src=\"https:\/\/www.lyceelecorbusier.eu\/projets\/wp-content\/uploads\/sites\/8\/2016\/04\/P1000702.jpg\" \/>\n\n\n\t<div class=\"ms-thumb\" ><div class=\"ms-tab-context\"><div class=&quot;ms-tab-context&quot;><\/div><\/div>\n<\/div>\n\t\t\t\t<\/div>\n\t\t\t\t<div  class=\"ms-slide\" data-delay=\"3\" data-fill-mode=\"fill\"  >\n\t\t\t\t\t<img src=\"https:\/\/www.lyceelecorbusier.eu\/projets\/wp-content\/plugins\/master-slider\/public\/assets\/css\/blank.gif\" alt=\"\" title=\"\" data-src=\"https:\/\/www.lyceelecorbusier.eu\/projets\/wp-content\/uploads\/sites\/8\/2016\/04\/P1000705.jpg\" \/>\n\n\n\t<div class=\"ms-thumb\" ><div class=\"ms-tab-context\"><div class=&quot;ms-tab-context&quot;><\/div><\/div>\n<\/div>\n\t\t\t\t<\/div>\n\n\t\t\t<\/div>\n\t\t\t<!-- END MasterSlider Main -->\n\n\t\t\t \n\t\t<\/div>\n\t\t<!-- END MasterSlider -->\n\n\t\t<script>\n\t\t(function ( $ ) {\n\t\t\t\"use strict\";\n\n\t\t\t$(function () {\n\t\t\t\tvar masterslider_7712 = new MasterSlider();\n\n\t\t\t\t\/\/ slider controls\n\t\t\t\tmasterslider_7712.control('arrows'     ,{ autohide:false, overVideo:true  });\n\t\t\t\t\/\/ slider setup\n\t\t\t\tmasterslider_7712.setup(\"MS69f316b6a7712\", {\n\t\t\t\t\t\twidth           : 1000,\n\t\t\t\t\t\theight          : 500,\n\t\t\t\t\t\tminHeight       : 0,\n\t\t\t\t\t\tspace           : 0,\n\t\t\t\t\t\tstart           : 1,\n\t\t\t\t\t\tgrabCursor      : true,\n\t\t\t\t\t\tswipe           : true,\n\t\t\t\t\t\tmouse           : true,\n\t\t\t\t\t\tlayout          : \"boxed\",\n\t\t\t\t\t\twheel           : false,\n\t\t\t\t\t\tautoplay        : true,\n\t\t\t\t\t\tinstantStartLayers:false,\n\t\t\t\t\t\tloop            : true,\n\t\t\t\t\t\tshuffle         : false,\n\t\t\t\t\t\tpreload         : 0,\n\t\t\t\t\t\theightLimit     : true,\n\t\t\t\t\t\tautoHeight      : true,\n\t\t\t\t\t\tsmoothHeight    : true,\n\t\t\t\t\t\tendPause        : false,\n\t\t\t\t\t\toverPause       : true,\n\t\t\t\t\t\tfillMode        : \"fill\",\n\t\t\t\t\t\tcenterControls  : true,\n\t\t\t\t\t\tstartOnAppear   : false,\n\t\t\t\t\t\tlayersMode      : \"center\",\n\t\t\t\t\t\thideLayers      : false,\n\t\t\t\t\t\tfullscreenMargin: 0,\n\t\t\t\t\t\tspeed           : 20,\n\t\t\t\t\t\tdir             : \"h\",\n\t\t\t\t\t\tparallaxMode    : 'swipe',\n\t\t\t\t\t\tview            : \"basic\"\n\t\t\t\t});\n\n\t\t\t\t\n\t\t\t\twindow.masterslider_instances = window.masterslider_instances || [];\n\t\t\t\twindow.masterslider_instances.push( masterslider_7712 );\n\t\t\t });\n\n\t\t})(jQuery);\n\t\t<\/script>\n\n\n<p style=\"text-align: justify\">Le jeudi 28 avril 2016, les \u00e9l\u00e8ves de la classe de 2PIBM se sont rendus au Conseil de l&#8217;Europe pour la journ\u00e9e de cl\u00f4ture des actions du &#8220;Mois de l&#8217;Autre&#8221;. Un grand moment de partage et \u00a0de dialogue autour du th\u00e8me de la la\u00efcit\u00e9. Les \u00e9l\u00e8ves ont pu d\u00e9couvrir \u00e0 cette occasion l&#8217;h\u00e9micycle des d\u00e9put\u00e9s avec leurs professeures Mmes M\u00e9ry et Remy.<\/p>\n<p style=\"text-align: center\">\n\t\t<!-- MasterSlider -->\n\t\t<div id=\"P_MS69f316b6ae665\" class=\"master-slider-parent msl ms-parent-id-78\" style=\"max-width:1000px;\">\n\n\t\t\t\n\t\t\t<!-- MasterSlider Main -->\n\t\t\t<div id=\"MS69f316b6ae665\" class=\"master-slider ms-skin-light-3\" >\n\t\t\t\t \t\t\t\t \n\t\t\t\t<div  class=\"ms-slide\" data-delay=\"3\" data-fill-mode=\"fill\"  >\n\t\t\t\t\t<img src=\"https:\/\/www.lyceelecorbusier.eu\/projets\/wp-content\/plugins\/master-slider\/public\/assets\/css\/blank.gif\" alt=\"\" title=\"\" data-src=\"https:\/\/www.lyceelecorbusier.eu\/projets\/wp-content\/uploads\/sites\/8\/2016\/04\/20160428_1506580.jpg\" \/>\n\n\n\t<div class=\"ms-thumb\" ><div class=\"ms-tab-context\"><div class=&quot;ms-tab-context&quot;><\/div><\/div>\n<\/div>\n\t\t\t\t<\/div>\n\t\t\t\t<div  class=\"ms-slide\" data-delay=\"3\" data-fill-mode=\"fill\"  >\n\t\t\t\t\t<img src=\"https:\/\/www.lyceelecorbusier.eu\/projets\/wp-content\/plugins\/master-slider\/public\/assets\/css\/blank.gif\" alt=\"\" title=\"\" data-src=\"https:\/\/www.lyceelecorbusier.eu\/projets\/wp-content\/uploads\/sites\/8\/2016\/04\/DSCN4290.jpg\" \/>\n\n\n\t<div class=\"ms-thumb\" ><div class=\"ms-tab-context\"><div class=&quot;ms-tab-context&quot;><\/div><\/div>\n<\/div>\n\t\t\t\t<\/div>\n\t\t\t\t<div  class=\"ms-slide\" data-delay=\"3\" data-fill-mode=\"fill\"  >\n\t\t\t\t\t<img src=\"https:\/\/www.lyceelecorbusier.eu\/projets\/wp-content\/plugins\/master-slider\/public\/assets\/css\/blank.gif\" alt=\"\" title=\"\" data-src=\"https:\/\/www.lyceelecorbusier.eu\/projets\/wp-content\/uploads\/sites\/8\/2016\/04\/DSCN4309.jpg\" \/>\n\n\n\t<div class=\"ms-thumb\" ><div class=\"ms-tab-context\"><div class=&quot;ms-tab-context&quot;><\/div><\/div>\n<\/div>\n\t\t\t\t<\/div>\n\t\t\t\t<div  class=\"ms-slide\" data-delay=\"3\" data-fill-mode=\"fill\"  >\n\t\t\t\t\t<img src=\"https:\/\/www.lyceelecorbusier.eu\/projets\/wp-content\/plugins\/master-slider\/public\/assets\/css\/blank.gif\" alt=\"\" title=\"\" data-src=\"https:\/\/www.lyceelecorbusier.eu\/projets\/wp-content\/uploads\/sites\/8\/2016\/04\/DSCN4313.jpg\" \/>\n\n\n\t<div class=\"ms-thumb\" ><div class=\"ms-tab-context\"><div class=&quot;ms-tab-context&quot;><\/div><\/div>\n<\/div>\n\t\t\t\t<\/div>\n\t\t\t\t<div  class=\"ms-slide\" data-delay=\"3\" data-fill-mode=\"fill\"  >\n\t\t\t\t\t<img src=\"https:\/\/www.lyceelecorbusier.eu\/projets\/wp-content\/plugins\/master-slider\/public\/assets\/css\/blank.gif\" alt=\"\" title=\"\" data-src=\"https:\/\/www.lyceelecorbusier.eu\/projets\/wp-content\/uploads\/sites\/8\/2016\/04\/DSCN4330.jpg\" \/>\n\n\n\t<div class=\"ms-thumb\" ><div class=\"ms-tab-context\"><div class=&quot;ms-tab-context&quot;><\/div><\/div>\n<\/div>\n\t\t\t\t<\/div>\n\t\t\t\t<div  class=\"ms-slide\" data-delay=\"3\" data-fill-mode=\"fill\"  >\n\t\t\t\t\t<img src=\"https:\/\/www.lyceelecorbusier.eu\/projets\/wp-content\/plugins\/master-slider\/public\/assets\/css\/blank.gif\" alt=\"\" title=\"\" data-src=\"https:\/\/www.lyceelecorbusier.eu\/projets\/wp-content\/uploads\/sites\/8\/2016\/04\/DSCN4333.jpg\" \/>\n\n\n\t<div class=\"ms-thumb\" ><div class=\"ms-tab-context\"><div class=&quot;ms-tab-context&quot;><\/div><\/div>\n<\/div>\n\t\t\t\t<\/div>\n\n\t\t\t<\/div>\n\t\t\t<!-- END MasterSlider Main -->\n\n\t\t\t \n\t\t<\/div>\n\t\t<!-- END MasterSlider -->\n\n\t\t<script>\n\t\t(function ( $ ) {\n\t\t\t\"use strict\";\n\n\t\t\t$(function () {\n\t\t\t\tvar masterslider_e665 = new MasterSlider();\n\n\t\t\t\t\/\/ slider controls\n\t\t\t\tmasterslider_e665.control('arrows'     ,{ autohide:false, overVideo:true  });\n\t\t\t\t\/\/ slider setup\n\t\t\t\tmasterslider_e665.setup(\"MS69f316b6ae665\", {\n\t\t\t\t\t\twidth           : 1000,\n\t\t\t\t\t\theight          : 500,\n\t\t\t\t\t\tminHeight       : 0,\n\t\t\t\t\t\tspace           : 0,\n\t\t\t\t\t\tstart           : 1,\n\t\t\t\t\t\tgrabCursor      : true,\n\t\t\t\t\t\tswipe           : true,\n\t\t\t\t\t\tmouse           : true,\n\t\t\t\t\t\tlayout          : \"boxed\",\n\t\t\t\t\t\twheel           : false,\n\t\t\t\t\t\tautoplay        : true,\n\t\t\t\t\t\tinstantStartLayers:false,\n\t\t\t\t\t\tloop            : true,\n\t\t\t\t\t\tshuffle         : false,\n\t\t\t\t\t\tpreload         : 0,\n\t\t\t\t\t\theightLimit     : true,\n\t\t\t\t\t\tautoHeight      : true,\n\t\t\t\t\t\tsmoothHeight    : true,\n\t\t\t\t\t\tendPause        : false,\n\t\t\t\t\t\toverPause       : true,\n\t\t\t\t\t\tfillMode        : \"fill\",\n\t\t\t\t\t\tcenterControls  : true,\n\t\t\t\t\t\tstartOnAppear   : false,\n\t\t\t\t\t\tlayersMode      : \"center\",\n\t\t\t\t\t\thideLayers      : false,\n\t\t\t\t\t\tfullscreenMargin: 0,\n\t\t\t\t\t\tspeed           : 20,\n\t\t\t\t\t\tdir             : \"h\",\n\t\t\t\t\t\tparallaxMode    : 'swipe',\n\t\t\t\t\t\tview            : \"basic\"\n\t\t\t\t});\n\n\t\t\t\t\n\t\t\t\twindow.masterslider_instances = window.masterslider_instances || [];\n\t\t\t\twindow.masterslider_instances.push( masterslider_e665 );\n\t\t\t });\n\n\t\t})(jQuery);\n\t\t<\/script>\n\n\n<p style=\"text-align: justify\">\n","protected":false},"excerpt":{"rendered":"<p>Propos\u00e9 par la R\u00e9gion Alsace<\/p>\n","protected":false},"author":5,"featured_media":3025,"comment_status":"closed","ping_status":"closed","sticky":false,"template":"","format":"standard","meta":[],"categories":[14,11,4,6],"tags":[],"_links":{"self":[{"href":"https:\/\/www.lyceelecorbusier.eu\/projets\/index.php?rest_route=\/wp\/v2\/posts\/3016"}],"collection":[{"href":"https:\/\/www.lyceelecorbusier.eu\/projets\/index.php?rest_route=\/wp\/v2\/posts"}],"about":[{"href":"https:\/\/www.lyceelecorbusier.eu\/projets\/index.php?rest_route=\/wp\/v2\/types\/post"}],"author":[{"embeddable":true,"href":"https:\/\/www.lyceelecorbusier.eu\/projets\/index.php?rest_route=\/wp\/v2\/users\/5"}],"replies":[{"embeddable":true,"href":"https:\/\/www.lyceelecorbusier.eu\/projets\/index.php?rest_route=%2Fwp%2Fv2%2Fcomments&post=3016"}],"version-history":[{"count":6,"href":"https:\/\/www.lyceelecorbusier.eu\/projets\/index.php?rest_route=\/wp\/v2\/posts\/3016\/revisions"}],"predecessor-version":[{"id":3047,"href":"https:\/\/www.lyceelecorbusier.eu\/projets\/index.php?rest_route=\/wp\/v2\/posts\/3016\/revisions\/3047"}],"wp:featuredmedia":[{"embeddable":true,"href":"https:\/\/www.lyceelecorbusier.eu\/projets\/index.php?rest_route=\/wp\/v2\/media\/3025"}],"wp:attachment":[{"href":"https:\/\/www.lyceelecorbusier.eu\/projets\/index.php?rest_route=%2Fwp%2Fv2%2Fmedia&parent=3016"}],"wp:term":[{"taxonomy":"category","embeddable":true,"href":"https:\/\/www.lyceelecorbusier.eu\/projets\/index.php?rest_route=%2Fwp%2Fv2%2Fcategories&post=3016"},{"taxonomy":"post_tag","embeddable":true,"href":"https:\/\/www.lyceelecorbusier.eu\/projets\/index.php?rest_route=%2Fwp%2Fv2%2Ftags&post=3016"}],"curies":[{"name":"wp","href":"https:\/\/api.w.org\/{rel}","templated":true}]}}