{"id":2997,"date":"2016-04-25T09:48:30","date_gmt":"2016-04-25T08:48:30","guid":{"rendered":"http:\/\/www.lyceelecorbusier.eu\/projets\/?p=2997"},"modified":"2016-04-25T11:59:28","modified_gmt":"2016-04-25T10:59:28","slug":"poursuite-detudes-et-professionnalisation-en-allemagne","status":"publish","type":"post","link":"https:\/\/www.lyceelecorbusier.eu\/projets\/?p=2997","title":{"rendered":"DSAA : Poursuite d\u2019\u00e9tudes et professionnalisation"},"content":{"rendered":"<p><strong><a href=\"http:\/\/www.lyceelecorbusier.eu\/projets\/wp-content\/uploads\/sites\/8\/2016\/04\/DSC09499.jpg\"><img loading=\"lazy\" class=\"alignleft wp-image-3010 size-medium\" src=\"http:\/\/www.lyceelecorbusier.eu\/projets\/wp-content\/uploads\/sites\/8\/2016\/04\/DSC09499-225x300.jpg\" alt=\"DSC09499\" width=\"225\" height=\"300\" srcset=\"https:\/\/www.lyceelecorbusier.eu\/projets\/wp-content\/uploads\/sites\/8\/2016\/04\/DSC09499-225x300.jpg 225w, https:\/\/www.lyceelecorbusier.eu\/projets\/wp-content\/uploads\/sites\/8\/2016\/04\/DSC09499.jpg 480w\" sizes=\"(max-width: 225px) 100vw, 225px\" \/><\/a>Poursuite d&#8217;\u00e9tudes et professionnalisation en Allemagne<\/strong><\/p>\n<p align=\"JUSTIFY\"><strong>Mardi le 19 avril 2016, un petit groupe d\u2019\u00e9tudiants de DSAA a pu d\u00e9couvrir l\u2019universit\u00e9 du Design de Karlsruhe (HFG \u2013 Hochschule f\u00fcr Gestaltung) ainsi que l\u2019\u00e9cole de bijouterie et d\u2019horlogerie de Pforzheim (Goldschmiede mit Uhrmacherschule).<\/strong><\/p>\n<p align=\"JUSTIFY\">La journ\u00e9e a commenc\u00e9 \u00e0 Karlsruhe \u00e0 l\u2019universit\u00e9 de design attenante au mus\u00e9e du ZKM (Zentrum f\u00fcr Kunst und Medien). Nous avons \u00e9t\u00e9 accueillis par Mmes Katharina Wahl et Suzanne Schmitt, toutes les deux professeures \u00e0 l\u2019universit\u00e9. Une visite guid\u00e9e des diff\u00e9rents ateliers nous a permis de d\u00e9couvrir les formations th\u00e9oriques et pratiques offertes par cette \u00e9cole qui sont le design de communication, la sc\u00e9nographie et le design d\u2019exposition, le design de produits, la recherche artistique et la philosophie des m\u00e9dias.<\/p>\n<p align=\"JUSTIFY\">Dans l\u2019apr\u00e8s-midi, nous avions rendez-vous \u00e0 la Goldschmiedeschule und Uhrmacherschule de Pforzheim \u00e0 30 km de Karlsruhe. M. Brecht, directeur adjoint de l\u2019\u00e9cole, nous a re\u00e7us tr\u00e8s chaleureusement et M. G\u00fcndra, professeur \u00e0 la Fachschule de bijouterie, fut notre guide au cours d\u2019une visite des diff\u00e9rents ateliers. Cette \u00e9cole propose des formations dans les domaines de la bijouterie tels que l\u2019horlogerie, la joaillerie et l\u2019orf\u00e8vrerie.<\/p>\n<p style=\"text-align: justify;\" align=\"JUSTIFY\">Une ancienne \u00e9l\u00e8ve de DSAA du lyc\u00e9e Le Corbusier, Mathilde Hacquard, nous a rejoints pour nous pr\u00e9senter sa formation au sein du \u00ab\u00a0Berufskolleg f\u00fcr Schmuck und Ger\u00e4te\u00a0\u00bb, une formation cibl\u00e9e sur la bijouterie. Nous sommes ravis d\u2019entendre de la part de ses professeurs que Mathilde fait partie des meilleurs \u00e9l\u00e8ves de sa promotion. Certes l\u2019apprentissage de la langue fut difficile les trois premiers mois, mais \u00e0 pr\u00e9sent Mathilde est bien int\u00e9gr\u00e9e et ma\u00eetrise l\u2019allemand \u00e0 la perfection.<\/p>\n<p style=\"text-align: center;\" align=\"JUSTIFY\">\n\t\t<!-- MasterSlider -->\n\t\t<div id=\"P_MS69ef9bb048865\" class=\"master-slider-parent msl ms-parent-id-76\" style=\"max-width:1000px;\">\n\n\t\t\t\n\t\t\t<!-- MasterSlider Main -->\n\t\t\t<div id=\"MS69ef9bb048865\" class=\"master-slider ms-skin-light-3\" >\n\t\t\t\t \t\t\t\t \n\t\t\t\t<div  class=\"ms-slide\" data-delay=\"3\" data-fill-mode=\"fill\"  >\n\t\t\t\t\t<img src=\"https:\/\/www.lyceelecorbusier.eu\/projets\/wp-content\/plugins\/master-slider\/public\/assets\/css\/blank.gif\" alt=\"\" title=\"\" data-src=\"https:\/\/www.lyceelecorbusier.eu\/projets\/wp-content\/uploads\/sites\/8\/2016\/04\/DSC09502.jpg\" \/>\n\n\n\t<div class=\"ms-thumb\" ><div class=\"ms-tab-context\"><div class=&quot;ms-tab-context&quot;><\/div><\/div>\n<\/div>\n\t\t\t\t<\/div>\n\t\t\t\t<div  class=\"ms-slide\" data-delay=\"3\" data-fill-mode=\"fill\"  >\n\t\t\t\t\t<img src=\"https:\/\/www.lyceelecorbusier.eu\/projets\/wp-content\/plugins\/master-slider\/public\/assets\/css\/blank.gif\" alt=\"\" title=\"\" data-src=\"https:\/\/www.lyceelecorbusier.eu\/projets\/wp-content\/uploads\/sites\/8\/2016\/04\/DSC09527-1.jpg\" \/>\n\n\n\t<div class=\"ms-thumb\" ><div class=\"ms-tab-context\"><div class=&quot;ms-tab-context&quot;><\/div><\/div>\n<\/div>\n\t\t\t\t<\/div>\n\t\t\t\t<div  class=\"ms-slide\" data-delay=\"3\" data-fill-mode=\"fill\"  >\n\t\t\t\t\t<img src=\"https:\/\/www.lyceelecorbusier.eu\/projets\/wp-content\/plugins\/master-slider\/public\/assets\/css\/blank.gif\" alt=\"\" title=\"\" data-src=\"https:\/\/www.lyceelecorbusier.eu\/projets\/wp-content\/uploads\/sites\/8\/2016\/04\/DSC09531.jpg\" \/>\n\n\n\t<div class=\"ms-thumb\" ><div class=\"ms-tab-context\"><div class=&quot;ms-tab-context&quot;><\/div><\/div>\n<\/div>\n\t\t\t\t<\/div>\n\t\t\t\t<div  class=\"ms-slide\" data-delay=\"3\" data-fill-mode=\"fill\"  >\n\t\t\t\t\t<img src=\"https:\/\/www.lyceelecorbusier.eu\/projets\/wp-content\/plugins\/master-slider\/public\/assets\/css\/blank.gif\" alt=\"\" title=\"\" data-src=\"https:\/\/www.lyceelecorbusier.eu\/projets\/wp-content\/uploads\/sites\/8\/2016\/04\/DSC09538.jpg\" \/>\n\n\n\t<div class=\"ms-thumb\" ><div class=\"ms-tab-context\"><div class=&quot;ms-tab-context&quot;><\/div><\/div>\n<\/div>\n\t\t\t\t<\/div>\n\t\t\t\t<div  class=\"ms-slide\" data-delay=\"3\" data-fill-mode=\"fill\"  >\n\t\t\t\t\t<img src=\"https:\/\/www.lyceelecorbusier.eu\/projets\/wp-content\/plugins\/master-slider\/public\/assets\/css\/blank.gif\" alt=\"\" title=\"\" data-src=\"https:\/\/www.lyceelecorbusier.eu\/projets\/wp-content\/uploads\/sites\/8\/2016\/04\/DSC09551.jpg\" \/>\n\n\n\t<div class=\"ms-thumb\" ><div class=\"ms-tab-context\"><div class=&quot;ms-tab-context&quot;><\/div><\/div>\n<\/div>\n\t\t\t\t<\/div>\n\t\t\t\t<div  class=\"ms-slide\" data-delay=\"3\" data-fill-mode=\"fill\"  >\n\t\t\t\t\t<img src=\"https:\/\/www.lyceelecorbusier.eu\/projets\/wp-content\/plugins\/master-slider\/public\/assets\/css\/blank.gif\" alt=\"\" title=\"\" data-src=\"https:\/\/www.lyceelecorbusier.eu\/projets\/wp-content\/uploads\/sites\/8\/2016\/04\/DSC09555.jpg\" \/>\n\n\n\t<div class=\"ms-thumb\" ><div class=\"ms-tab-context\"><div class=&quot;ms-tab-context&quot;><\/div><\/div>\n<\/div>\n\t\t\t\t<\/div>\n\t\t\t\t<div  class=\"ms-slide\" data-delay=\"3\" data-fill-mode=\"fill\"  >\n\t\t\t\t\t<img src=\"https:\/\/www.lyceelecorbusier.eu\/projets\/wp-content\/plugins\/master-slider\/public\/assets\/css\/blank.gif\" alt=\"\" title=\"\" data-src=\"https:\/\/www.lyceelecorbusier.eu\/projets\/wp-content\/uploads\/sites\/8\/2016\/04\/DSC09556.jpg\" \/>\n\n\n\t<div class=\"ms-thumb\" ><div class=\"ms-tab-context\"><div class=&quot;ms-tab-context&quot;><\/div><\/div>\n<\/div>\n\t\t\t\t<\/div>\n\n\t\t\t<\/div>\n\t\t\t<!-- END MasterSlider Main -->\n\n\t\t\t \n\t\t<\/div>\n\t\t<!-- END MasterSlider -->\n\n\t\t<script>\n\t\t(function ( $ ) {\n\t\t\t\"use strict\";\n\n\t\t\t$(function () {\n\t\t\t\tvar masterslider_8865 = new MasterSlider();\n\n\t\t\t\t\/\/ slider controls\n\t\t\t\tmasterslider_8865.control('arrows'     ,{ autohide:false, overVideo:true  });\n\t\t\t\t\/\/ slider setup\n\t\t\t\tmasterslider_8865.setup(\"MS69ef9bb048865\", {\n\t\t\t\t\t\twidth           : 1000,\n\t\t\t\t\t\theight          : 500,\n\t\t\t\t\t\tminHeight       : 0,\n\t\t\t\t\t\tspace           : 0,\n\t\t\t\t\t\tstart           : 1,\n\t\t\t\t\t\tgrabCursor      : true,\n\t\t\t\t\t\tswipe           : true,\n\t\t\t\t\t\tmouse           : true,\n\t\t\t\t\t\tlayout          : \"boxed\",\n\t\t\t\t\t\twheel           : false,\n\t\t\t\t\t\tautoplay        : true,\n\t\t\t\t\t\tinstantStartLayers:false,\n\t\t\t\t\t\tloop            : true,\n\t\t\t\t\t\tshuffle         : false,\n\t\t\t\t\t\tpreload         : 0,\n\t\t\t\t\t\theightLimit     : true,\n\t\t\t\t\t\tautoHeight      : true,\n\t\t\t\t\t\tsmoothHeight    : true,\n\t\t\t\t\t\tendPause        : false,\n\t\t\t\t\t\toverPause       : true,\n\t\t\t\t\t\tfillMode        : \"fill\",\n\t\t\t\t\t\tcenterControls  : true,\n\t\t\t\t\t\tstartOnAppear   : false,\n\t\t\t\t\t\tlayersMode      : \"center\",\n\t\t\t\t\t\thideLayers      : false,\n\t\t\t\t\t\tfullscreenMargin: 0,\n\t\t\t\t\t\tspeed           : 20,\n\t\t\t\t\t\tdir             : \"h\",\n\t\t\t\t\t\tparallaxMode    : 'swipe',\n\t\t\t\t\t\tview            : \"basic\"\n\t\t\t\t});\n\n\t\t\t\t\n\t\t\t\twindow.masterslider_instances = window.masterslider_instances || [];\n\t\t\t\twindow.masterslider_instances.push( masterslider_8865 );\n\t\t\t });\n\n\t\t})(jQuery);\n\t\t<\/script>\n\n\n<p style=\"text-align: justify;\" align=\"JUSTIFY\">Apr\u00e8s deux heures de visite et un verre de l\u2019amiti\u00e9 offert par l\u2019\u00e9cole de bijouterie, c\u2019est la t\u00eate pleine d\u2019images et impressions positives que le petit groupe s\u2019en est retourn\u00e9 \u00e0 Illkirch.<\/p>\n<p style=\"text-align: justify;\" align=\"JUSTIFY\">Les \u00e9tudiants int\u00e9ress\u00e9s par un stage Erasmus sont les bienvenus \u00e0 la HFG de Karlsruhe. L\u2019\u00e9cole d\u2019horlogerie et de bijouterie recrute \u00e9galement des candidats ayant une forte motivation et un bon niveau d\u2019allemand. Les dossiers d\u2019inscriptions sont disponibles en ligne sur les sites internet des \u00e9coles et les professeurs impliqu\u00e9s dans la cellule internationale du lyc\u00e9e peuvent aider les int\u00e9ress\u00e9s \u00e0 compl\u00e9ter leurs dossiers.<\/p>\n<p style=\"text-align: justify;\" align=\"JUSTIFY\"><a href=\"https:\/\/www.hfg-karlsruhe.de\/\">https:\/\/www.hfg-karlsruhe.de\/<\/a><a href=\"http:\/\/www.lyceelecorbusier.eu\/projets\/wp-content\/uploads\/sites\/8\/2016\/04\/DSC09521.jpg\"><img loading=\"lazy\" width=\"225\" height=\"300\" class=\"alignright size-medium wp-image-3011\" src=\"http:\/\/www.lyceelecorbusier.eu\/projets\/wp-content\/uploads\/sites\/8\/2016\/04\/DSC09521-225x300.jpg\" alt=\"DSC09521\" srcset=\"https:\/\/www.lyceelecorbusier.eu\/projets\/wp-content\/uploads\/sites\/8\/2016\/04\/DSC09521-225x300.jpg 225w, https:\/\/www.lyceelecorbusier.eu\/projets\/wp-content\/uploads\/sites\/8\/2016\/04\/DSC09521.jpg 480w\" sizes=\"(max-width: 225px) 100vw, 225px\" \/><\/a><a href=\"http:\/\/www.lyceelecorbusier.eu\/projets\/wp-content\/uploads\/sites\/8\/2016\/04\/DSC09549.jpg\"><img loading=\"lazy\" width=\"225\" height=\"300\" class=\"alignright size-medium wp-image-3012\" src=\"http:\/\/www.lyceelecorbusier.eu\/projets\/wp-content\/uploads\/sites\/8\/2016\/04\/DSC09549-225x300.jpg\" alt=\"DSC09549\" srcset=\"https:\/\/www.lyceelecorbusier.eu\/projets\/wp-content\/uploads\/sites\/8\/2016\/04\/DSC09549-225x300.jpg 225w, https:\/\/www.lyceelecorbusier.eu\/projets\/wp-content\/uploads\/sites\/8\/2016\/04\/DSC09549.jpg 480w\" sizes=\"(max-width: 225px) 100vw, 225px\" \/><\/a><\/p>\n<p style=\"text-align: justify;\" align=\"JUSTIFY\"><a href=\"http:\/\/www.goldschmiedeschule.de\/\">http:\/\/www.goldschmiedeschule.de\/<\/a><\/p>\n<p style=\"text-align: justify;\" align=\"JUSTIFY\">Ces visites et les pr\u00e9c\u00e9dentes nous confortent dans le maintien de l\u2019apprentissage de la langue allemande au sein du DSAA d\u2019une mani\u00e8re plus soutenue et int\u00e9gr\u00e9e dans la pratique du projet.<\/p>\n<p style=\"text-align: right;\" align=\"JUSTIFY\"><em>Carmen Princelle, Professeure d\u2019Arts Appliqu\u00e9s In Situ Lab, Laurence Rapp, Professeure d\u2019Allemand<\/em><\/p>\n","protected":false},"excerpt":{"rendered":"<p>Sortie des DSAA en Allemagne<\/p>\n","protected":false},"author":5,"featured_media":3038,"comment_status":"closed","ping_status":"closed","sticky":false,"template":"","format":"standard","meta":[],"categories":[14,11,6],"tags":[],"_links":{"self":[{"href":"https:\/\/www.lyceelecorbusier.eu\/projets\/index.php?rest_route=\/wp\/v2\/posts\/2997"}],"collection":[{"href":"https:\/\/www.lyceelecorbusier.eu\/projets\/index.php?rest_route=\/wp\/v2\/posts"}],"about":[{"href":"https:\/\/www.lyceelecorbusier.eu\/projets\/index.php?rest_route=\/wp\/v2\/types\/post"}],"author":[{"embeddable":true,"href":"https:\/\/www.lyceelecorbusier.eu\/projets\/index.php?rest_route=\/wp\/v2\/users\/5"}],"replies":[{"embeddable":true,"href":"https:\/\/www.lyceelecorbusier.eu\/projets\/index.php?rest_route=%2Fwp%2Fv2%2Fcomments&post=2997"}],"version-history":[{"count":10,"href":"https:\/\/www.lyceelecorbusier.eu\/projets\/index.php?rest_route=\/wp\/v2\/posts\/2997\/revisions"}],"predecessor-version":[{"id":3037,"href":"https:\/\/www.lyceelecorbusier.eu\/projets\/index.php?rest_route=\/wp\/v2\/posts\/2997\/revisions\/3037"}],"wp:featuredmedia":[{"embeddable":true,"href":"https:\/\/www.lyceelecorbusier.eu\/projets\/index.php?rest_route=\/wp\/v2\/media\/3038"}],"wp:attachment":[{"href":"https:\/\/www.lyceelecorbusier.eu\/projets\/index.php?rest_route=%2Fwp%2Fv2%2Fmedia&parent=2997"}],"wp:term":[{"taxonomy":"category","embeddable":true,"href":"https:\/\/www.lyceelecorbusier.eu\/projets\/index.php?rest_route=%2Fwp%2Fv2%2Fcategories&post=2997"},{"taxonomy":"post_tag","embeddable":true,"href":"https:\/\/www.lyceelecorbusier.eu\/projets\/index.php?rest_route=%2Fwp%2Fv2%2Ftags&post=2997"}],"curies":[{"name":"wp","href":"https:\/\/api.w.org\/{rel}","templated":true}]}}