{"id":1941,"date":"2015-04-13T19:23:59","date_gmt":"2015-04-13T18:23:59","guid":{"rendered":"http:\/\/www.lyceelecorbusier.eu\/projets\/?p=1941"},"modified":"2019-02-03T19:29:37","modified_gmt":"2019-02-03T18:29:37","slug":"projet-theatre-en-coulisses","status":"publish","type":"post","link":"https:\/\/www.lyceelecorbusier.eu\/projets\/?p=1941","title":{"rendered":"Projet \u00ab\u00a0Th\u00e9\u00e2tre en coulisses\u00a0\u00bb"},"content":{"rendered":"<p style=\"text-align: justify\"><span style=\"color: #000000\"><span style=\"font-family: Arial,sans-serif\"><a href=\"http:\/\/www.lyceelecorbusier.eu\/projets\/wp-content\/uploads\/sites\/8\/2015\/04\/logo-2015-bleu-LD.png\"><img loading=\"lazy\" width=\"197\" height=\"208\" class=\"alignleft size-full wp-image-1942\" src=\"http:\/\/www.lyceelecorbusier.eu\/projets\/wp-content\/uploads\/sites\/8\/2015\/04\/logo-2015-bleu-LD.png\" alt=\"logo 2015 bleu LD\" \/><\/a>L&#8217;O.N.U. a d\u00e9cid\u00e9 de faire de l&#8217;ann\u00e9e 2015 \u00ab\u00a0L&#8217;ann\u00e9e internationale de la lumi\u00e8re et des techniques utilisant la lumi\u00e8re\u00a0\u00bb. La France participe \u00e0 cette action et le 8 janvier dernier \u00e0 la Sorbonne, \u00e0 Paris, s&#8217;est ouverte \u00ab<\/span><\/span><span style=\"color: #000000\"><span style=\"font-family: Arial,sans-serif\"><span style=\"font-size: medium\">\u00a02015, Ann\u00e9e de la lumi\u00e8re en France\u00a0\u00bb sous le haut patronage de Monsieur Fran\u00e7ois Hollande. <\/span><\/span><\/span><\/p>\n<p style=\"text-align: justify\"><strong><span style=\"color: #000000\"><span style=\"font-family: Arial,sans-serif\"><span style=\"font-size: medium\"><i><b>\u00ab\u00a02015,\u00a0Ann\u00e9e\u00a0de\u00a0la\u00a0Lumi\u00e8re\u00a0en\u00a0France<\/b><\/i><\/span><\/span><\/span><\/strong><span style=\"color: #000000\"><span style=\"font-family: Arial,sans-serif\"><span style=\"font-size: medium\"><i> doit <\/i><\/span><\/span><\/span><span style=\"color: #000000\"><span style=\"font-family: Arial,sans-serif\"><span style=\"font-size: medium\"><i>mettre en valeur les capacit\u00e9s de la lumi\u00e8re \u00e0 apporter des solutions aux grands d\u00e9fis contemporains que sont l\u2019\u00e9nergie, l\u2019\u00e9ducation, la communication, l\u2019agriculture, l\u2019industrie, la culture et la sant\u00e9 tout en s\u2019int\u00e9grant dans une d\u00e9marche de d\u00e9veloppement durable\u00a0\u00bb<\/i><\/span><\/span><\/span><span style=\"color: #000000\"><span style=\"font-family: Arial,sans-serif\"><span style=\"font-size: medium\">.<\/span><\/span><\/span> <span style=\"color: #000000\"><span style=\"font-family: Arial,sans-serif\">Dans ce cadre, le Comit\u00e9 National, pr\u00e9sid\u00e9 par les prix Nobel de physique Claude Cohen-Tannoudji et Serge Haroche nous a inform\u00e9 que le label \u00ab\u00a0Ann\u00e9e de la lumi\u00e8re en France 2015\u00a0\u00bb, th\u00e8me \u00ab\u00a0\u00e9ducation\/jeunesse\u00a0\u00bb, avait \u00e9t\u00e9 accord\u00e9 \u00e0 la seconde partie de ce projet du lyc\u00e9e Le Corbusier <span style=\"color: #ff0000\"><strong>&gt;&gt;&gt; cf <\/strong><\/span><\/span><\/span><span style=\"color: #ff0000\"><strong><span lang=\"zxx\"><span style=\"text-decoration: underline\"><a style=\"color: #ff0000;text-decoration: underline\" href=\"http:\/\/www.lumiere2015.fr\/\" target=\"_blank\" rel=\"noopener\"><span style=\"font-family: Arial,sans-serif\"><span style=\"font-size: small\">www.lumiere2015.fr<\/span><\/span><\/a><\/span><\/span><\/strong><\/span><span style=\"color: #000000\"><span style=\"font-family: Arial,sans-serif\"><span style=\"color: #ff0000\"><strong>\u00a0, dans &#8220;<a href=\"http:\/\/www.lumiere2015.fr\/evenement\/dans-lombre-de-la-lumiere-2\/\" target=\"_blank\" rel=\"noopener\">calendrier des \u00e9v\u00e9nements&#8221;<\/a> et dans <a style=\"color: #ff0000\" href=\"http:\/\/www.lumiere2015.fr\/ressources\/dans-lombre-de-la-lumiere\/\" target=\"_blank\" rel=\"noopener\">&#8220;Ressources&#8221;<\/a><a style=\"color: #ff0000\" href=\"http:\/\/www.lumiere2015.fr\/ressources\/dans-lombre-de-la-lumiere\/\" target=\"_blank\" rel=\"noopener\"><img loading=\"lazy\" width=\"300\" height=\"136\" class=\"alignleft size-medium wp-image-2151\" src=\"http:\/\/www.lyceelecorbusier.eu\/projets\/wp-content\/uploads\/sites\/8\/2015\/04\/Presse-papiers-13-300x136.jpg\" alt=\"Presse-papiers-1\" srcset=\"https:\/\/www.lyceelecorbusier.eu\/projets\/wp-content\/uploads\/sites\/8\/2015\/04\/Presse-papiers-13-300x136.jpg 300w, https:\/\/www.lyceelecorbusier.eu\/projets\/wp-content\/uploads\/sites\/8\/2015\/04\/Presse-papiers-13-1024x464.jpg 1024w, https:\/\/www.lyceelecorbusier.eu\/projets\/wp-content\/uploads\/sites\/8\/2015\/04\/Presse-papiers-13-960x435.jpg 960w, https:\/\/www.lyceelecorbusier.eu\/projets\/wp-content\/uploads\/sites\/8\/2015\/04\/Presse-papiers-13.jpg 1261w\" sizes=\"(max-width: 300px) 100vw, 300px\" \/><\/a><\/strong><\/span><br \/>\n<\/span><\/span><\/p>\n<p style=\"text-align: justify\"><span style=\"color: #000000\"><span style=\"font-family: Arial,sans-serif\">La premi\u00e8re partie du projet avait permis, au mois de d\u00e9cembre dernier, aux \u00e9l\u00e8ves des classes de 2GT3 et de 2PELC de rencontrer les artistes de la compagnie \u00ab\u00a0F\u00e9ria Musica\u00a0\u00bb qui leur avaient fait r\u00e9aliser quelques exercices acrobatiques. En soir\u00e9e, ils avaient assist\u00e9 au spectacle \u00ab\u00a0Daral Shaga\u00a0\u00bb qui se jouait au Maillon de Strasbourg. <\/span><\/span><\/p>\n<p style=\"text-align: justify\"><span style=\"color: #000000\"><span style=\"font-family: Arial,sans-serif\">La seconde partie du projet s&#8217;est d\u00e9roul\u00e9e le jeudi 2 avril. Les participants ont \u00e9t\u00e9 invit\u00e9s \u00e0 se rendre dans les locaux du th\u00e9\u00e2tre pour visiter les coulisses de ce lieu de spectacles strasbourgeois, pour y rencontrer les techniciens et pour se familiariser avec les appareils utilis\u00e9s lors des repr\u00e9sentations. L&#8217;objectif \u00e9tait de montrer aux \u00e9l\u00e8ves ce qui se passe dans les coulisses avant et pendant un spectacle\u00a0: comment se pr\u00e9pare la repr\u00e9sentation, comment s&#8217;installe le mat\u00e9riel puis comment se font les manipulations d&#8217;appareils pour obtenir les \u00e9clairages appropri\u00e9s pendant le spectacle&#8230; <\/span><\/span><\/p>\n<p style=\"text-align: justify\"><span style=\"color: #000000\"><span style=\"font-family: Arial,sans-serif\">Ils ont d&#8217;abord \u00e9t\u00e9 accueillis par Madame Cogny qui coordonne ce projet avec nous depuis plusieurs ann\u00e9es. Puis ils ont particip\u00e9 \u00e0 des ateliers. Au cours de l&#8217;apr\u00e8s-midi, avec Antonio, directeur technique du Maillon, ils ont approfondi leurs connaissances techniques \u00e0 partir du plan de sc\u00e8ne du spectacle \u00ab\u00a0Daral Shaga\u00a0\u00bb vu au mois de d\u00e9cembre et que le th\u00e9\u00e2tre du Maillon avait transmis pour une \u00e9tude pr\u00e9alable en classe. A partir de ce document, ils ont pu se rendre compte concr\u00e8tement de ce qu&#8217;il \u00e9tait possible de faire ou non au th\u00e9\u00e2tre du Maillon pour accueillir le spectacle\u00a0: crit\u00e8res de faisabilit\u00e9 (dimensions de la sc\u00e8ne, hauteur, ouvertures&#8230;), mat\u00e9riel n\u00e9cessaire (disponible au th\u00e9\u00e2tre ou apport\u00e9 par la compagnie), conditions de travail des artistes et techniciens de la compagnie, coordination entre ces derniers et ceux du th\u00e9\u00e2tre du Maillon\u2026 Avec Manu, un de ces techniciens, ils ont visit\u00e9 le th\u00e9\u00e2tre et ses locaux techniques. Ils se sont familiaris\u00e9s avec les termes de langage utilis\u00e9s, avec le mat\u00e9riel (c\u00e2bles, lampes, spots&#8230;) qu&#8217;ils ont pu manipuler et utiliser. Ils ont \u00e9galement vu comment la salle \u00e9tait pr\u00e9par\u00e9e avant un spectacle, comment et o\u00f9 s&#8217;accrochaient les appareils \u00e9lectriques&#8230; La visite s&#8217;est achev\u00e9e par une d\u00e9monstration dans la r\u00e9gie \u00ab\u00a0son et lumi\u00e8re\u00a0\u00bb.<\/span><\/span><\/p>\n<p style=\"text-align: justify\"><span style=\"color: #000000\"><span style=\"font-family: Arial,sans-serif\"><span style=\"font-size: medium\">Nos remerciements vont aux \u00e9l\u00e8ves qui ont eu un comportement exemplaire, qui ont suivi avec int\u00e9r\u00eat les explications qui leur \u00e9taient donn\u00e9es et qui n&#8217;ont pas manqu\u00e9 de poser des questions pertinentes. Nous remercions aussi Madame Cogny et les techniciens du Maillon qui se sont rendus disponibles pour permettre \u00e0 nos \u00e9l\u00e8ves de s&#8217;int\u00e9resser et d&#8217;acqu\u00e9rir des connaissances particuli\u00e8res au monde du spectacle et qui ne sont pas enseign\u00e9es habituellement dans le cadre de la formation au lyc\u00e9e. <\/span><\/span><\/span><\/p>\n<p style=\"text-align: justify\"><span style=\"color: #000000\"><span style=\"font-family: Arial,sans-serif\"><span style=\"font-size: medium\">Nos remerciements vont aussi \u00e0 la direction du lyc\u00e9e qui nous encourage depuis plusieurs ann\u00e9es et nous donne les moyens de r\u00e9aliser ce type de sorties avec les classes. Enfin, nous remercions Madame Brigitte Fournier, Inspectrice d\u2019acad\u00e9mie, Inspectrice p\u00e9dagogique r\u00e9gionale, Correspondante acad\u00e9mique pour les sciences et la technologie (CAST), qui nous a aimablement conseill\u00e9 et aid\u00e9 pour obtenir le label \u00ab\u00a02015, Ann\u00e9e de la lumi\u00e8re en France\u00a0\u00bb.<\/span><\/span><\/span><\/p>\n<p style=\"text-align: justify\">\n\t\t<!-- MasterSlider -->\n\t\t<div id=\"P_MS69efdbc297b16\" class=\"master-slider-parent msl ms-parent-id-39\" style=\"max-width:1000px;\">\n\n\t\t\t\n\t\t\t<!-- MasterSlider Main -->\n\t\t\t<div id=\"MS69efdbc297b16\" class=\"master-slider ms-skin-light-3\" >\n\t\t\t\t \t\t\t\t \n\t\t\t\t<div  class=\"ms-slide\" data-delay=\"3\" data-fill-mode=\"fill\"  >\n\t\t\t\t\t<img src=\"https:\/\/www.lyceelecorbusier.eu\/projets\/wp-content\/plugins\/master-slider\/public\/assets\/css\/blank.gif\" alt=\"\" title=\"\" data-src=\"https:\/\/www.lyceelecorbusier.eu\/projets\/wp-content\/uploads\/sites\/8\/2015\/04\/1-Accueil-au-Maillon.jpg\" \/>\n\n\n\t<div class=\"ms-thumb\" ><div class=\"ms-tab-context\"><div class=&quot;ms-tab-context&quot;><\/div><\/div>\n<\/div>\n\t\t\t\t<\/div>\n\t\t\t\t<div  class=\"ms-slide\" data-delay=\"3\" data-fill-mode=\"fill\"  >\n\t\t\t\t\t<img src=\"https:\/\/www.lyceelecorbusier.eu\/projets\/wp-content\/plugins\/master-slider\/public\/assets\/css\/blank.gif\" alt=\"\" title=\"\" data-src=\"https:\/\/www.lyceelecorbusier.eu\/projets\/wp-content\/uploads\/sites\/8\/2015\/04\/2-Etude-dun-plan.jpg\" \/>\n\n\n\t<div class=\"ms-thumb\" ><div class=\"ms-tab-context\"><div class=&quot;ms-tab-context&quot;><\/div><\/div>\n<\/div>\n\t\t\t\t<\/div>\n\t\t\t\t<div  class=\"ms-slide\" data-delay=\"3\" data-fill-mode=\"fill\"  >\n\t\t\t\t\t<img src=\"https:\/\/www.lyceelecorbusier.eu\/projets\/wp-content\/plugins\/master-slider\/public\/assets\/css\/blank.gif\" alt=\"\" title=\"\" data-src=\"https:\/\/www.lyceelecorbusier.eu\/projets\/wp-content\/uploads\/sites\/8\/2015\/04\/3-Visite-du-theatre.jpg\" \/>\n\n\n\t<div class=\"ms-thumb\" ><div class=\"ms-tab-context\"><div class=&quot;ms-tab-context&quot;><\/div><\/div>\n<\/div>\n\t\t\t\t<\/div>\n\t\t\t\t<div  class=\"ms-slide\" data-delay=\"3\" data-fill-mode=\"fill\"  >\n\t\t\t\t\t<img src=\"https:\/\/www.lyceelecorbusier.eu\/projets\/wp-content\/plugins\/master-slider\/public\/assets\/css\/blank.gif\" alt=\"\" title=\"\" data-src=\"https:\/\/www.lyceelecorbusier.eu\/projets\/wp-content\/uploads\/sites\/8\/2015\/04\/4-Visite-du-theatre.jpg\" \/>\n\n\n\t<div class=\"ms-thumb\" ><div class=\"ms-tab-context\"><div class=&quot;ms-tab-context&quot;><\/div><\/div>\n<\/div>\n\t\t\t\t<\/div>\n\t\t\t\t<div  class=\"ms-slide\" data-delay=\"3\" data-fill-mode=\"fill\"  >\n\t\t\t\t\t<img src=\"https:\/\/www.lyceelecorbusier.eu\/projets\/wp-content\/plugins\/master-slider\/public\/assets\/css\/blank.gif\" alt=\"\" title=\"\" data-src=\"https:\/\/www.lyceelecorbusier.eu\/projets\/wp-content\/uploads\/sites\/8\/2015\/04\/5-Moment-de-detente.jpg\" \/>\n\n\n\t<div class=\"ms-thumb\" ><div class=\"ms-tab-context\"><div class=&quot;ms-tab-context&quot;><\/div><\/div>\n<\/div>\n\t\t\t\t<\/div>\n\t\t\t\t<div  class=\"ms-slide\" data-delay=\"3\" data-fill-mode=\"fill\"  >\n\t\t\t\t\t<img src=\"https:\/\/www.lyceelecorbusier.eu\/projets\/wp-content\/plugins\/master-slider\/public\/assets\/css\/blank.gif\" alt=\"\" title=\"\" data-src=\"https:\/\/www.lyceelecorbusier.eu\/projets\/wp-content\/uploads\/sites\/8\/2015\/04\/6-Preparation-des-eclairages.jpg\" \/>\n\n\n\t<div class=\"ms-thumb\" ><div class=\"ms-tab-context\"><div class=&quot;ms-tab-context&quot;><\/div><\/div>\n<\/div>\n\t\t\t\t<\/div>\n\t\t\t\t<div  class=\"ms-slide\" data-delay=\"3\" data-fill-mode=\"fill\"  >\n\t\t\t\t\t<img src=\"https:\/\/www.lyceelecorbusier.eu\/projets\/wp-content\/plugins\/master-slider\/public\/assets\/css\/blank.gif\" alt=\"\" title=\"\" data-src=\"https:\/\/www.lyceelecorbusier.eu\/projets\/wp-content\/uploads\/sites\/8\/2015\/04\/7-Mise-en-place-des-eclairage.jpg\" \/>\n\n\n\t<div class=\"ms-thumb\" ><div class=\"ms-tab-context\"><div class=&quot;ms-tab-context&quot;><\/div><\/div>\n<\/div>\n\t\t\t\t<\/div>\n\t\t\t\t<div  class=\"ms-slide\" data-delay=\"3\" data-fill-mode=\"fill\"  >\n\t\t\t\t\t<img src=\"https:\/\/www.lyceelecorbusier.eu\/projets\/wp-content\/plugins\/master-slider\/public\/assets\/css\/blank.gif\" alt=\"\" title=\"\" data-src=\"https:\/\/www.lyceelecorbusier.eu\/projets\/wp-content\/uploads\/sites\/8\/2015\/04\/8-Local-dustencils-declairage.jpg\" \/>\n\n\n\t<div class=\"ms-thumb\" ><div class=\"ms-tab-context\"><div class=&quot;ms-tab-context&quot;><\/div><\/div>\n<\/div>\n\t\t\t\t<\/div>\n\t\t\t\t<div  class=\"ms-slide\" data-delay=\"3\" data-fill-mode=\"fill\"  >\n\t\t\t\t\t<img src=\"https:\/\/www.lyceelecorbusier.eu\/projets\/wp-content\/plugins\/master-slider\/public\/assets\/css\/blank.gif\" alt=\"\" title=\"\" data-src=\"https:\/\/www.lyceelecorbusier.eu\/projets\/wp-content\/uploads\/sites\/8\/2015\/04\/9-Spots-declairage.jpg\" \/>\n\n\n\t<div class=\"ms-thumb\" ><div class=\"ms-tab-context\"><div class=&quot;ms-tab-context&quot;><\/div><\/div>\n<\/div>\n\t\t\t\t<\/div>\n\t\t\t\t<div  class=\"ms-slide\" data-delay=\"3\" data-fill-mode=\"fill\"  >\n\t\t\t\t\t<img src=\"https:\/\/www.lyceelecorbusier.eu\/projets\/wp-content\/plugins\/master-slider\/public\/assets\/css\/blank.gif\" alt=\"\" title=\"\" data-src=\"https:\/\/www.lyceelecorbusier.eu\/projets\/wp-content\/uploads\/sites\/8\/2015\/04\/10-La-regie.jpg\" \/>\n\n\n\t<div class=\"ms-thumb\" ><div class=\"ms-tab-context\"><div class=&quot;ms-tab-context&quot;><\/div><\/div>\n<\/div>\n\t\t\t\t<\/div>\n\t\t\t\t<div  class=\"ms-slide\" data-delay=\"3\" data-fill-mode=\"fill\"  >\n\t\t\t\t\t<img src=\"https:\/\/www.lyceelecorbusier.eu\/projets\/wp-content\/plugins\/master-slider\/public\/assets\/css\/blank.gif\" alt=\"\" title=\"\" data-src=\"https:\/\/www.lyceelecorbusier.eu\/projets\/wp-content\/uploads\/sites\/8\/2015\/04\/11-La-regie.jpg\" \/>\n\n\n\t<div class=\"ms-thumb\" ><div class=\"ms-tab-context\"><div class=&quot;ms-tab-context&quot;><\/div><\/div>\n<\/div>\n\t\t\t\t<\/div>\n\t\t\t\t<div  class=\"ms-slide\" data-delay=\"3\" data-fill-mode=\"fill\"  >\n\t\t\t\t\t<img src=\"https:\/\/www.lyceelecorbusier.eu\/projets\/wp-content\/plugins\/master-slider\/public\/assets\/css\/blank.gif\" alt=\"\" title=\"\" data-src=\"https:\/\/www.lyceelecorbusier.eu\/projets\/wp-content\/uploads\/sites\/8\/2015\/04\/12-La-scene-vue-de-la-regie.jpg\" \/>\n\n\n\t<div class=\"ms-thumb\" ><div class=\"ms-tab-context\"><div class=&quot;ms-tab-context&quot;><\/div><\/div>\n<\/div>\n\t\t\t\t<\/div>\n\n\t\t\t<\/div>\n\t\t\t<!-- END MasterSlider Main -->\n\n\t\t\t \n\t\t<\/div>\n\t\t<!-- END MasterSlider -->\n\n\t\t<script>\n\t\t(function ( $ ) {\n\t\t\t\"use strict\";\n\n\t\t\t$(function () {\n\t\t\t\tvar masterslider_7b16 = new MasterSlider();\n\n\t\t\t\t\/\/ slider controls\n\t\t\t\tmasterslider_7b16.control('arrows'     ,{ autohide:false, overVideo:true  });\n\t\t\t\t\/\/ slider setup\n\t\t\t\tmasterslider_7b16.setup(\"MS69efdbc297b16\", {\n\t\t\t\t\t\twidth           : 1000,\n\t\t\t\t\t\theight          : 500,\n\t\t\t\t\t\tminHeight       : 0,\n\t\t\t\t\t\tspace           : 0,\n\t\t\t\t\t\tstart           : 1,\n\t\t\t\t\t\tgrabCursor      : true,\n\t\t\t\t\t\tswipe           : true,\n\t\t\t\t\t\tmouse           : true,\n\t\t\t\t\t\tlayout          : \"boxed\",\n\t\t\t\t\t\twheel           : false,\n\t\t\t\t\t\tautoplay        : true,\n\t\t\t\t\t\tinstantStartLayers:false,\n\t\t\t\t\t\tloop            : true,\n\t\t\t\t\t\tshuffle         : false,\n\t\t\t\t\t\tpreload         : 0,\n\t\t\t\t\t\theightLimit     : true,\n\t\t\t\t\t\tautoHeight      : true,\n\t\t\t\t\t\tsmoothHeight    : true,\n\t\t\t\t\t\tendPause        : false,\n\t\t\t\t\t\toverPause       : true,\n\t\t\t\t\t\tfillMode        : \"fill\",\n\t\t\t\t\t\tcenterControls  : true,\n\t\t\t\t\t\tstartOnAppear   : false,\n\t\t\t\t\t\tlayersMode      : \"center\",\n\t\t\t\t\t\thideLayers      : false,\n\t\t\t\t\t\tfullscreenMargin: 0,\n\t\t\t\t\t\tspeed           : 20,\n\t\t\t\t\t\tdir             : \"h\",\n\t\t\t\t\t\tparallaxMode    : 'swipe',\n\t\t\t\t\t\tview            : \"basic\"\n\t\t\t\t});\n\n\t\t\t\t\n\t\t\t\twindow.masterslider_instances = window.masterslider_instances || [];\n\t\t\t\twindow.masterslider_instances.push( masterslider_7b16 );\n\t\t\t });\n\n\t\t})(jQuery);\n\t\t<\/script>\n\n\n","protected":false},"excerpt":{"rendered":"<p>Ann\u00e9e de la Lumi\u00e8re <\/p>\n","protected":false},"author":5,"featured_media":1956,"comment_status":"closed","ping_status":"closed","sticky":false,"template":"","format":"standard","meta":[],"categories":[13,11,6],"tags":[],"_links":{"self":[{"href":"https:\/\/www.lyceelecorbusier.eu\/projets\/index.php?rest_route=\/wp\/v2\/posts\/1941"}],"collection":[{"href":"https:\/\/www.lyceelecorbusier.eu\/projets\/index.php?rest_route=\/wp\/v2\/posts"}],"about":[{"href":"https:\/\/www.lyceelecorbusier.eu\/projets\/index.php?rest_route=\/wp\/v2\/types\/post"}],"author":[{"embeddable":true,"href":"https:\/\/www.lyceelecorbusier.eu\/projets\/index.php?rest_route=\/wp\/v2\/users\/5"}],"replies":[{"embeddable":true,"href":"https:\/\/www.lyceelecorbusier.eu\/projets\/index.php?rest_route=%2Fwp%2Fv2%2Fcomments&post=1941"}],"version-history":[{"count":5,"href":"https:\/\/www.lyceelecorbusier.eu\/projets\/index.php?rest_route=\/wp\/v2\/posts\/1941\/revisions"}],"predecessor-version":[{"id":5541,"href":"https:\/\/www.lyceelecorbusier.eu\/projets\/index.php?rest_route=\/wp\/v2\/posts\/1941\/revisions\/5541"}],"wp:featuredmedia":[{"embeddable":true,"href":"https:\/\/www.lyceelecorbusier.eu\/projets\/index.php?rest_route=\/wp\/v2\/media\/1956"}],"wp:attachment":[{"href":"https:\/\/www.lyceelecorbusier.eu\/projets\/index.php?rest_route=%2Fwp%2Fv2%2Fmedia&parent=1941"}],"wp:term":[{"taxonomy":"category","embeddable":true,"href":"https:\/\/www.lyceelecorbusier.eu\/projets\/index.php?rest_route=%2Fwp%2Fv2%2Fcategories&post=1941"},{"taxonomy":"post_tag","embeddable":true,"href":"https:\/\/www.lyceelecorbusier.eu\/projets\/index.php?rest_route=%2Fwp%2Fv2%2Ftags&post=1941"}],"curies":[{"name":"wp","href":"https:\/\/api.w.org\/{rel}","templated":true}]}}