{"id":1765,"date":"2015-03-24T15:44:45","date_gmt":"2015-03-24T14:44:45","guid":{"rendered":"http:\/\/www.lyceelecorbusier.eu\/projets\/?p=1765"},"modified":"2015-04-04T23:49:21","modified_gmt":"2015-04-04T22:49:21","slug":"concours-national-de-la-resistance","status":"publish","type":"post","link":"https:\/\/www.lyceelecorbusier.eu\/projets\/?p=1765","title":{"rendered":"Concours national de la R\u00e9sistance"},"content":{"rendered":"<div style=\"text-align: justify\"><a href=\"http:\/\/www.lyceelecorbusier.eu\/projets\/wp-content\/uploads\/sites\/8\/2015\/03\/DSCN3963.jpg\"><img loading=\"lazy\" width=\"300\" height=\"225\" class=\"alignleft size-medium wp-image-1767\" src=\"http:\/\/www.lyceelecorbusier.eu\/projets\/wp-content\/uploads\/sites\/8\/2015\/03\/DSCN3963-300x225.jpg\" alt=\"La classe devant l'entr\u00e9e du camp du Struthof\" srcset=\"https:\/\/www.lyceelecorbusier.eu\/projets\/wp-content\/uploads\/sites\/8\/2015\/03\/DSCN3963-300x225.jpg 300w, https:\/\/www.lyceelecorbusier.eu\/projets\/wp-content\/uploads\/sites\/8\/2015\/03\/DSCN3963-960x720.jpg 960w, https:\/\/www.lyceelecorbusier.eu\/projets\/wp-content\/uploads\/sites\/8\/2015\/03\/DSCN3963.jpg 980w\" sizes=\"(max-width: 300px) 100vw, 300px\" \/><\/a><br \/>\nLes \u00e9l\u00e8ves de la classe de 1PBAA ont particip\u00e9, ce vendredi 20 mars \u00e0 l&#8217;\u00e9preuve \u00e9crite du <strong><a href=\"http:\/\/eduscol.education.fr\/cid45607\/concours-national-de-la-resistance-et-de-la-deportation.html\" target=\"_blank\">Concours National de la R\u00e9sistance et de la D\u00e9portation 2015<\/a>.\u00a0<\/strong><\/div>\n<div style=\"text-align: justify\">Ils avaient\u00a0b\u00e9n\u00e9fici\u00e9 d&#8217;une journ\u00e9e de soutien \u00e0 la pr\u00e9paration du concours, au M\u00e9morial d&#8217;Alsace Moselle et au Centre Europ\u00e9en du R\u00e9sistant D\u00e9port\u00e9 du Struthof. Ils ont rencontr\u00e9 \u00e0 cette occasion Ester Senot &#8220;d\u00e9port\u00e9e par mesure de pers\u00e9cution&#8221;, Albert Montal et Pierre Molinet &#8220;r\u00e9sistants d\u00e9port\u00e9s&#8221;. Ces rencontres ont donn\u00e9 lieu \u00e0 un travail en classe autour de la d\u00e9portation, des discriminations, de la lib\u00e9ration des camps et de la vie des rescap\u00e9s apr\u00e8s l&#8217;enfer.<\/div>\n<div style=\"text-align: justify\">Le travail de m\u00e9moire a permis de rencontrer des survivants, de recueillir leur t\u00e9moignage\u00a0et de s&#8217;interroger sur l&#8217;insupportable r\u00e9alit\u00e9 des horreurs des camps d&#8217;extermination.<a href=\"http:\/\/www.lyceelecorbusier.eu\/projets\/wp-content\/uploads\/sites\/8\/2015\/03\/DSCN3918.jpg\"><img loading=\"lazy\" width=\"300\" height=\"225\" class=\"alignleft size-medium wp-image-1768\" src=\"http:\/\/www.lyceelecorbusier.eu\/projets\/wp-content\/uploads\/sites\/8\/2015\/03\/DSCN3918-300x225.jpg\" alt=\"DSCN3918\" srcset=\"https:\/\/www.lyceelecorbusier.eu\/projets\/wp-content\/uploads\/sites\/8\/2015\/03\/DSCN3918-300x225.jpg 300w, https:\/\/www.lyceelecorbusier.eu\/projets\/wp-content\/uploads\/sites\/8\/2015\/03\/DSCN3918-960x720.jpg 960w, https:\/\/www.lyceelecorbusier.eu\/projets\/wp-content\/uploads\/sites\/8\/2015\/03\/DSCN3918.jpg 980w\" sizes=\"(max-width: 300px) 100vw, 300px\" \/><\/a><\/div>\n<div style=\"text-align: justify\"><\/div>\n<div style=\"text-align: justify\"><\/div>\n<p style=\"text-align: right\"><em>Marie-Sophie R\u00e9my, professeur de Lettres-Histoire<\/em><\/p>\n","protected":false},"excerpt":{"rendered":"<p>Participation des 1PBAA<\/p>\n","protected":false},"author":5,"featured_media":1888,"comment_status":"closed","ping_status":"closed","sticky":false,"template":"","format":"standard","meta":[],"categories":[13,11,6],"tags":[],"_links":{"self":[{"href":"https:\/\/www.lyceelecorbusier.eu\/projets\/index.php?rest_route=\/wp\/v2\/posts\/1765"}],"collection":[{"href":"https:\/\/www.lyceelecorbusier.eu\/projets\/index.php?rest_route=\/wp\/v2\/posts"}],"about":[{"href":"https:\/\/www.lyceelecorbusier.eu\/projets\/index.php?rest_route=\/wp\/v2\/types\/post"}],"author":[{"embeddable":true,"href":"https:\/\/www.lyceelecorbusier.eu\/projets\/index.php?rest_route=\/wp\/v2\/users\/5"}],"replies":[{"embeddable":true,"href":"https:\/\/www.lyceelecorbusier.eu\/projets\/index.php?rest_route=%2Fwp%2Fv2%2Fcomments&post=1765"}],"version-history":[{"count":6,"href":"https:\/\/www.lyceelecorbusier.eu\/projets\/index.php?rest_route=\/wp\/v2\/posts\/1765\/revisions"}],"predecessor-version":[{"id":1890,"href":"https:\/\/www.lyceelecorbusier.eu\/projets\/index.php?rest_route=\/wp\/v2\/posts\/1765\/revisions\/1890"}],"wp:featuredmedia":[{"embeddable":true,"href":"https:\/\/www.lyceelecorbusier.eu\/projets\/index.php?rest_route=\/wp\/v2\/media\/1888"}],"wp:attachment":[{"href":"https:\/\/www.lyceelecorbusier.eu\/projets\/index.php?rest_route=%2Fwp%2Fv2%2Fmedia&parent=1765"}],"wp:term":[{"taxonomy":"category","embeddable":true,"href":"https:\/\/www.lyceelecorbusier.eu\/projets\/index.php?rest_route=%2Fwp%2Fv2%2Fcategories&post=1765"},{"taxonomy":"post_tag","embeddable":true,"href":"https:\/\/www.lyceelecorbusier.eu\/projets\/index.php?rest_route=%2Fwp%2Fv2%2Ftags&post=1765"}],"curies":[{"name":"wp","href":"https:\/\/api.w.org\/{rel}","templated":true}]}}