{"id":445,"date":"2016-09-28T13:24:28","date_gmt":"2016-09-28T11:24:28","guid":{"rendered":"http:\/\/www.lyceelecorbusier.eu\/perspectivessonores\/?p=445"},"modified":"2016-09-28T13:24:28","modified_gmt":"2016-09-28T11:24:28","slug":"sons-de-cloches-balance-2","status":"publish","type":"post","link":"https:\/\/www.lyceelecorbusier.eu\/perspectivessonores\/?p=445","title":{"rendered":"<b>Sons de cloches<\/b> | Balance #2"},"content":{"rendered":"<p>Jeudi dernier, nous sommes all\u00e9s \u00e0 la rencontre des passants autour de la Presqu&#8217;\u00eele afin de les questionner sur l&#8217;\u00e9coute de la musique dans l&#8217;espace public. Pour cela, nous avons confectionn\u00e9 un outil de sondage sur lequel sont expos\u00e9es 9 mises en situations. Nous souhaitions \u00e9valuer le niveau de g\u00eane de chacun par rapport aux situations expos\u00e9es. Pour nous r\u00e9pondre, il leur suffisait de tourner des boutons gradu\u00e9s de 0 \u00e0 7. 0 repr\u00e9sentant un degr\u00e9 de g\u00eane nul et 7 un degr\u00e9 de g\u00eane \u00e9lev\u00e9. 30 personnes se sont pr\u00eat\u00e9es au jeu et se sont montr\u00e9s plut\u00f4t tol\u00e9rantes, voire enthousiaste, \u00e0 l&#8217;\u00e9coute de la musique dans l&#8217;espace public. Cependant, la musique venant de chez le voisin ou d&#8217;un t\u00e9l\u00e9phone portable en haut parleur a \u00e9t\u00e9 fortement d\u00e9pr\u00e9ci\u00e9e\u00a0!<\/p>\n<p>&nbsp;<\/p>\n\n\t\t<!-- MasterSlider -->\n\t\t<div id=\"P_MS69ed9f69ce0c7\" class=\"master-slider-parent msl ms-parent-id-8\" style=\"max-width:780px;\">\n\n\t\t\t\n\t\t\t<!-- MasterSlider Main -->\n\t\t\t<div id=\"MS69ed9f69ce0c7\" class=\"master-slider ms-skin-light-3\" >\n\t\t\t\t \t\t\t\t \n\t\t\t\t<div  class=\"ms-slide\" data-delay=\"3\" data-fill-mode=\"fill\"  >\n\t\t\t\t\t<img src=\"https:\/\/www.lyceelecorbusier.eu\/perspectivessonores\/wp-content\/plugins\/master-slider\/public\/assets\/css\/blank.gif\" alt=\"\" title=\"\" data-src=\"https:\/\/www.lyceelecorbusier.eu\/perspectivessonores\/wp-content\/uploads\/sites\/26\/2016\/09\/30-Isabelle_Olivia-780x585.jpg\" \/>\n\n\n\t<div class=\"ms-thumb\" ><div class=\"ms-tab-context\"><div class=&quot;ms-tab-context&quot;><\/div><\/div>\n<\/div>\n\t\t\t\t<\/div>\n\t\t\t\t<div  class=\"ms-slide\" data-delay=\"3\" data-fill-mode=\"fill\"  >\n\t\t\t\t\t<img src=\"https:\/\/www.lyceelecorbusier.eu\/perspectivessonores\/wp-content\/plugins\/master-slider\/public\/assets\/css\/blank.gif\" alt=\"\" title=\"\" data-src=\"https:\/\/www.lyceelecorbusier.eu\/perspectivessonores\/wp-content\/uploads\/sites\/26\/2016\/09\/25-Julie-780x585.jpg\" \/>\n\n\n\t<div class=\"ms-thumb\" ><div class=\"ms-tab-context\"><div class=&quot;ms-tab-context&quot;><\/div><\/div>\n<\/div>\n\t\t\t\t<\/div>\n\t\t\t\t<div  class=\"ms-slide\" data-delay=\"3\" data-fill-mode=\"fill\"  >\n\t\t\t\t\t<img src=\"https:\/\/www.lyceelecorbusier.eu\/perspectivessonores\/wp-content\/plugins\/master-slider\/public\/assets\/css\/blank.gif\" alt=\"\" title=\"\" data-src=\"https:\/\/www.lyceelecorbusier.eu\/perspectivessonores\/wp-content\/uploads\/sites\/26\/2016\/09\/14-Luca-780x585.jpg\" \/>\n\n\n\t<div class=\"ms-thumb\" ><div class=\"ms-tab-context\"><div class=&quot;ms-tab-context&quot;><\/div><\/div>\n<\/div>\n\t\t\t\t<\/div>\n\t\t\t\t<div  class=\"ms-slide\" data-delay=\"3\" data-fill-mode=\"fill\"  >\n\t\t\t\t\t<img src=\"https:\/\/www.lyceelecorbusier.eu\/perspectivessonores\/wp-content\/plugins\/master-slider\/public\/assets\/css\/blank.gif\" alt=\"\" title=\"\" data-src=\"https:\/\/www.lyceelecorbusier.eu\/perspectivessonores\/wp-content\/uploads\/sites\/26\/2016\/09\/13-Steve-780x585.jpg\" \/>\n\n\n\t<div class=\"ms-thumb\" ><div class=\"ms-tab-context\"><div class=&quot;ms-tab-context&quot;><\/div><\/div>\n<\/div>\n\t\t\t\t<\/div>\n\t\t\t\t<div  class=\"ms-slide\" data-delay=\"3\" data-fill-mode=\"fill\"  >\n\t\t\t\t\t<img src=\"https:\/\/www.lyceelecorbusier.eu\/perspectivessonores\/wp-content\/plugins\/master-slider\/public\/assets\/css\/blank.gif\" alt=\"\" title=\"\" data-src=\"https:\/\/www.lyceelecorbusier.eu\/perspectivessonores\/wp-content\/uploads\/sites\/26\/2016\/09\/09-Bernard-780x585.jpg\" \/>\n\n\n\t<div class=\"ms-thumb\" ><div class=\"ms-tab-context\"><div class=&quot;ms-tab-context&quot;><\/div><\/div>\n<\/div>\n\t\t\t\t<\/div>\n\t\t\t\t<div  class=\"ms-slide\" data-delay=\"3\" data-fill-mode=\"fill\"  >\n\t\t\t\t\t<img src=\"https:\/\/www.lyceelecorbusier.eu\/perspectivessonores\/wp-content\/plugins\/master-slider\/public\/assets\/css\/blank.gif\" alt=\"\" title=\"\" data-src=\"https:\/\/www.lyceelecorbusier.eu\/perspectivessonores\/wp-content\/uploads\/sites\/26\/2016\/09\/01-Anne-Marie-780x585.jpg\" \/>\n\n\n\t<div class=\"ms-thumb\" ><div class=\"ms-tab-context\"><div class=&quot;ms-tab-context&quot;><\/div><\/div>\n<\/div>\n\t\t\t\t<\/div>\n\t\t\t\t<div  class=\"ms-slide\" data-delay=\"3\" data-fill-mode=\"fill\"  >\n\t\t\t\t\t<img src=\"https:\/\/www.lyceelecorbusier.eu\/perspectivessonores\/wp-content\/plugins\/master-slider\/public\/assets\/css\/blank.gif\" alt=\"\" title=\"\" data-src=\"https:\/\/www.lyceelecorbusier.eu\/perspectivessonores\/wp-content\/uploads\/sites\/26\/2016\/09\/22-Le\u0301naManon-780x585.jpg\" \/>\n\n\n\t<div class=\"ms-thumb\" ><div class=\"ms-tab-context\"><div class=&quot;ms-tab-context&quot;><\/div><\/div>\n<\/div>\n\t\t\t\t<\/div>\n\n\t\t\t<\/div>\n\t\t\t<!-- END MasterSlider Main -->\n\n\t\t\t \n\t\t<\/div>\n\t\t<!-- END MasterSlider -->\n\n\t\t<script>\n\t\t(function ( $ ) {\n\t\t\t\"use strict\";\n\n\t\t\t$(function () {\n\t\t\t\tvar masterslider_e0c7 = new MasterSlider();\n\n\t\t\t\t\/\/ slider controls\n\t\t\t\tmasterslider_e0c7.control('arrows'     ,{ autohide:false, overVideo:true  });\n\t\t\t\t\/\/ slider setup\n\t\t\t\tmasterslider_e0c7.setup(\"MS69ed9f69ce0c7\", {\n\t\t\t\t\t\twidth           : 780,\n\t\t\t\t\t\theight          : 585,\n\t\t\t\t\t\tminHeight       : 0,\n\t\t\t\t\t\tspace           : 0,\n\t\t\t\t\t\tstart           : 1,\n\t\t\t\t\t\tgrabCursor      : true,\n\t\t\t\t\t\tswipe           : true,\n\t\t\t\t\t\tmouse           : true,\n\t\t\t\t\t\tlayout          : \"boxed\",\n\t\t\t\t\t\twheel           : true,\n\t\t\t\t\t\tautoplay        : true,\n\t\t\t\t\t\tinstantStartLayers:false,\n\t\t\t\t\t\tloop            : false,\n\t\t\t\t\t\tshuffle         : false,\n\t\t\t\t\t\tpreload         : 0,\n\t\t\t\t\t\theightLimit     : true,\n\t\t\t\t\t\tautoHeight      : false,\n\t\t\t\t\t\tsmoothHeight    : true,\n\t\t\t\t\t\tendPause        : false,\n\t\t\t\t\t\toverPause       : true,\n\t\t\t\t\t\tfillMode        : \"fill\",\n\t\t\t\t\t\tcenterControls  : true,\n\t\t\t\t\t\tstartOnAppear   : false,\n\t\t\t\t\t\tlayersMode      : \"center\",\n\t\t\t\t\t\thideLayers      : false,\n\t\t\t\t\t\tfullscreenMargin: 0,\n\t\t\t\t\t\tspeed           : 20,\n\t\t\t\t\t\tdir             : \"h\",\n\t\t\t\t\t\tparallaxMode    : 'swipe',\n\t\t\t\t\t\tview            : \"basic\"\n\t\t\t\t});\n\n\t\t\t\t\n\t\t\t\twindow.masterslider_instances = window.masterslider_instances || [];\n\t\t\t\twindow.masterslider_instances.push( masterslider_e0c7 );\n\t\t\t });\n\n\t\t})(jQuery);\n\t\t<\/script>\n\n\n","protected":false},"excerpt":{"rendered":"<p>Jeudi dernier, nous sommes all\u00e9s \u00e0 la rencontre des passants autour de la Presqu&#8217;\u00eele afin de les questionner sur l&#8217;\u00e9coute de la musique dans l&#8217;espace public. Pour cela, nous avons confectionn\u00e9 un outil de sondage sur lequel sont&#8230; <a class=\"read-more\" href=\"https:\/\/www.lyceelecorbusier.eu\/perspectivessonores\/?p=445\">Lire la suite&#8230;<\/a><\/p>\n","protected":false},"author":1,"featured_media":454,"comment_status":"closed","ping_status":"closed","sticky":false,"template":"","format":"standard","meta":[],"categories":[7,12,3],"tags":[],"_links":{"self":[{"href":"https:\/\/www.lyceelecorbusier.eu\/perspectivessonores\/index.php?rest_route=\/wp\/v2\/posts\/445"}],"collection":[{"href":"https:\/\/www.lyceelecorbusier.eu\/perspectivessonores\/index.php?rest_route=\/wp\/v2\/posts"}],"about":[{"href":"https:\/\/www.lyceelecorbusier.eu\/perspectivessonores\/index.php?rest_route=\/wp\/v2\/types\/post"}],"author":[{"embeddable":true,"href":"https:\/\/www.lyceelecorbusier.eu\/perspectivessonores\/index.php?rest_route=\/wp\/v2\/users\/1"}],"replies":[{"embeddable":true,"href":"https:\/\/www.lyceelecorbusier.eu\/perspectivessonores\/index.php?rest_route=%2Fwp%2Fv2%2Fcomments&post=445"}],"version-history":[{"count":4,"href":"https:\/\/www.lyceelecorbusier.eu\/perspectivessonores\/index.php?rest_route=\/wp\/v2\/posts\/445\/revisions"}],"predecessor-version":[{"id":456,"href":"https:\/\/www.lyceelecorbusier.eu\/perspectivessonores\/index.php?rest_route=\/wp\/v2\/posts\/445\/revisions\/456"}],"wp:featuredmedia":[{"embeddable":true,"href":"https:\/\/www.lyceelecorbusier.eu\/perspectivessonores\/index.php?rest_route=\/wp\/v2\/media\/454"}],"wp:attachment":[{"href":"https:\/\/www.lyceelecorbusier.eu\/perspectivessonores\/index.php?rest_route=%2Fwp%2Fv2%2Fmedia&parent=445"}],"wp:term":[{"taxonomy":"category","embeddable":true,"href":"https:\/\/www.lyceelecorbusier.eu\/perspectivessonores\/index.php?rest_route=%2Fwp%2Fv2%2Fcategories&post=445"},{"taxonomy":"post_tag","embeddable":true,"href":"https:\/\/www.lyceelecorbusier.eu\/perspectivessonores\/index.php?rest_route=%2Fwp%2Fv2%2Ftags&post=445"}],"curies":[{"name":"wp","href":"https:\/\/api.w.org\/{rel}","templated":true}]}}