{"id":399,"date":"2016-09-26T11:20:01","date_gmt":"2016-09-26T09:20:01","guid":{"rendered":"http:\/\/www.lyceelecorbusier.eu\/perspectivessonores\/?p=399"},"modified":"2016-10-03T11:11:39","modified_gmt":"2016-10-03T09:11:39","slug":"somnambule-le-defouloir","status":"publish","type":"post","link":"https:\/\/www.lyceelecorbusier.eu\/perspectivessonores\/?p=399","title":{"rendered":"so(m)nambule \/\/ le d\u00e9fouloir"},"content":{"rendered":"<p>Install\u00e9 sur le parvis de la m\u00e9diath\u00e8que Malraux, nous avons install\u00e9 une piste de danse. Nous proposions de venir danser un peu sur des titres de la m\u00e9diath\u00e8que afin de permettre aux gens de pouvoir se d\u00e9fouler \u00e0 la sortie du travail, entre deux bouquins ou m\u00eame deux r\u00e9visions&#8230;<\/p>\n<p>L&#8217;atelier reste un \u00e9chec, quelques curieux timides qui ne s&#8217;approchent pas mais se dandinent au loin. L\u2019invitation \u00e0 venir danser ne prend pas et le d\u00e9fouloir musical reste vide.<\/p>\n","protected":false},"excerpt":{"rendered":"<p>Install\u00e9 sur le parvis de la m\u00e9diath\u00e8que Malraux, nous avons install\u00e9 une piste de danse. Nous proposions de venir danser un peu sur des titres de la m\u00e9diath\u00e8que afin de permettre aux gens de pouvoir se d\u00e9fouler \u00e0&#8230; <a class=\"read-more\" href=\"https:\/\/www.lyceelecorbusier.eu\/perspectivessonores\/?p=399\">Lire la suite&#8230;<\/a><\/p>\n","protected":false},"author":1,"featured_media":412,"comment_status":"closed","ping_status":"closed","sticky":false,"template":"","format":"standard","meta":[],"categories":[6,1],"tags":[],"_links":{"self":[{"href":"https:\/\/www.lyceelecorbusier.eu\/perspectivessonores\/index.php?rest_route=\/wp\/v2\/posts\/399"}],"collection":[{"href":"https:\/\/www.lyceelecorbusier.eu\/perspectivessonores\/index.php?rest_route=\/wp\/v2\/posts"}],"about":[{"href":"https:\/\/www.lyceelecorbusier.eu\/perspectivessonores\/index.php?rest_route=\/wp\/v2\/types\/post"}],"author":[{"embeddable":true,"href":"https:\/\/www.lyceelecorbusier.eu\/perspectivessonores\/index.php?rest_route=\/wp\/v2\/users\/1"}],"replies":[{"embeddable":true,"href":"https:\/\/www.lyceelecorbusier.eu\/perspectivessonores\/index.php?rest_route=%2Fwp%2Fv2%2Fcomments&post=399"}],"version-history":[{"count":1,"href":"https:\/\/www.lyceelecorbusier.eu\/perspectivessonores\/index.php?rest_route=\/wp\/v2\/posts\/399\/revisions"}],"predecessor-version":[{"id":400,"href":"https:\/\/www.lyceelecorbusier.eu\/perspectivessonores\/index.php?rest_route=\/wp\/v2\/posts\/399\/revisions\/400"}],"wp:featuredmedia":[{"embeddable":true,"href":"https:\/\/www.lyceelecorbusier.eu\/perspectivessonores\/index.php?rest_route=\/wp\/v2\/media\/412"}],"wp:attachment":[{"href":"https:\/\/www.lyceelecorbusier.eu\/perspectivessonores\/index.php?rest_route=%2Fwp%2Fv2%2Fmedia&parent=399"}],"wp:term":[{"taxonomy":"category","embeddable":true,"href":"https:\/\/www.lyceelecorbusier.eu\/perspectivessonores\/index.php?rest_route=%2Fwp%2Fv2%2Fcategories&post=399"},{"taxonomy":"post_tag","embeddable":true,"href":"https:\/\/www.lyceelecorbusier.eu\/perspectivessonores\/index.php?rest_route=%2Fwp%2Fv2%2Ftags&post=399"}],"curies":[{"name":"wp","href":"https:\/\/api.w.org\/{rel}","templated":true}]}}