{"id":373,"date":"2016-10-17T11:10:31","date_gmt":"2016-10-17T09:10:31","guid":{"rendered":"http:\/\/www.lyceelecorbusier.eu\/perspectivessonores\/?p=373"},"modified":"2016-10-17T11:13:04","modified_gmt":"2016-10-17T09:13:04","slug":"sons-de-cloches-balance-1","status":"publish","type":"post","link":"https:\/\/www.lyceelecorbusier.eu\/perspectivessonores\/?p=373","title":{"rendered":"<b>Sons de cloches<\/b> | Balance #1"},"content":{"rendered":"<p>\u00c9chantillon des questions que les sons de cloches se posent :<\/p>\n<p>Quelles sont les formes de musique d\u00e9j\u00e0 existantes dans l&#8217;espace public ? Prenez-vous plaisir \u00e0 \u00e9couter de la musique dans l&#8217;espace public et de quelle fa\u00e7on ? Pourquoi dit-on que la musique jou\u00e9e sur un t\u00e9l\u00e9phone d\u00e9range quand celle des centres commerciaux, aussi impos\u00e9e, ne semble pas g\u00eaner ? Finalement, dans quels contextes acceptons-nous ou non que la musique soit audible de tous ?<\/p>\n<p>\/\/ <strong>Nous avons test\u00e9 le v\u00e9lo NTM !<\/strong><\/p>\n<p>Ayant rapidement constat\u00e9 que le v\u00e9lo \u00e9tait le moyen de transport de pr\u00e9dilection des strasbourgeois, celui-ci s&#8217;est impos\u00e9 comme une \u00e9vidence. \u00c9douard et C\u00e9cilia ont donc enfourch\u00e9 le v\u00e9lo NTM pour la premi\u00e8re fois et les r\u00e9actions ont \u00e9t\u00e9 nombreuses. Tandis qu&#8217;\u00c9douard roule tranquillement sur le son des <em>Bee Gees<\/em>, il r\u00e9colte bon nombre de sourires, une personne retire son casque pour l&#8217;\u00e9couter passer et d&#8217;autres s&#8217;arr\u00eatent pour engager la discussion. Mais peut-on en dire autant lorsque C\u00e9cilia prend le relais et balance <em>NTM &amp; Cut Killer | Nique la police<\/em> ? Eh bien non ! Beaucoup la d\u00e9visagent et semblent s&#8217;\u00e9carter d&#8217;elle. Est-ce un d\u00e9calage entre son look et la musique qui cr\u00e9er les r\u00e9actions d&#8217;\u00e9tonnements et d&#8217;agacements ? Elle diff\u00e8re certainement de st\u00e9r\u00e9otypes. Amus\u00e9s par cet essai, nous d\u00e9cidons de pousser l&#8217;id\u00e9e et de customiser le V\u00e9lo NTM (cf <em><a href=\"http:\/\/www.lyceelecorbusier.eu\/perspectivessonores\/?p=357\">Sons de cloches | Le v\u00e9lo NTM<\/a><\/em>)<\/p>\n","protected":false},"excerpt":{"rendered":"<p>\u00c9chantillon des questions que les sons de cloches se posent : Quelles sont les formes de musique d\u00e9j\u00e0 existantes dans l&#8217;espace public ? Prenez-vous plaisir \u00e0 \u00e9couter de la musique dans l&#8217;espace public et de quelle fa\u00e7on ?&#8230; <a class=\"read-more\" href=\"https:\/\/www.lyceelecorbusier.eu\/perspectivessonores\/?p=373\">Lire la suite&#8230;<\/a><\/p>\n","protected":false},"author":1,"featured_media":0,"comment_status":"closed","ping_status":"closed","sticky":false,"template":"","format":"standard","meta":[],"categories":[7,3],"tags":[],"_links":{"self":[{"href":"https:\/\/www.lyceelecorbusier.eu\/perspectivessonores\/index.php?rest_route=\/wp\/v2\/posts\/373"}],"collection":[{"href":"https:\/\/www.lyceelecorbusier.eu\/perspectivessonores\/index.php?rest_route=\/wp\/v2\/posts"}],"about":[{"href":"https:\/\/www.lyceelecorbusier.eu\/perspectivessonores\/index.php?rest_route=\/wp\/v2\/types\/post"}],"author":[{"embeddable":true,"href":"https:\/\/www.lyceelecorbusier.eu\/perspectivessonores\/index.php?rest_route=\/wp\/v2\/users\/1"}],"replies":[{"embeddable":true,"href":"https:\/\/www.lyceelecorbusier.eu\/perspectivessonores\/index.php?rest_route=%2Fwp%2Fv2%2Fcomments&post=373"}],"version-history":[{"count":1,"href":"https:\/\/www.lyceelecorbusier.eu\/perspectivessonores\/index.php?rest_route=\/wp\/v2\/posts\/373\/revisions"}],"predecessor-version":[{"id":378,"href":"https:\/\/www.lyceelecorbusier.eu\/perspectivessonores\/index.php?rest_route=\/wp\/v2\/posts\/373\/revisions\/378"}],"wp:attachment":[{"href":"https:\/\/www.lyceelecorbusier.eu\/perspectivessonores\/index.php?rest_route=%2Fwp%2Fv2%2Fmedia&parent=373"}],"wp:term":[{"taxonomy":"category","embeddable":true,"href":"https:\/\/www.lyceelecorbusier.eu\/perspectivessonores\/index.php?rest_route=%2Fwp%2Fv2%2Fcategories&post=373"},{"taxonomy":"post_tag","embeddable":true,"href":"https:\/\/www.lyceelecorbusier.eu\/perspectivessonores\/index.php?rest_route=%2Fwp%2Fv2%2Ftags&post=373"}],"curies":[{"name":"wp","href":"https:\/\/api.w.org\/{rel}","templated":true}]}}