{"id":309,"date":"2016-09-19T10:43:04","date_gmt":"2016-09-19T08:43:04","guid":{"rendered":"http:\/\/www.lyceelecorbusier.eu\/perspectivessonores\/?p=309"},"modified":"2016-10-03T11:11:40","modified_gmt":"2016-10-03T09:11:40","slug":"somn-am-bule-premieres-intentions","status":"publish","type":"post","link":"https:\/\/www.lyceelecorbusier.eu\/perspectivessonores\/?p=309","title":{"rendered":"SO(M)N.AM.BULE \/\/ PREMI\u00c8RES INTENTIONS"},"content":{"rendered":"<p><img loading=\"lazy\" class=\"aligncenter wp-image-313 size-full\" src=\"http:\/\/www.lyceelecorbusier.eu\/perspectivessonores\/wp-content\/uploads\/sites\/26\/2016\/09\/14379809_10210212795015955_277703718399156025_o.jpg\" alt=\"14379809_10210212795015955_277703718399156025_o\" width=\"1935\" height=\"949\" srcset=\"https:\/\/www.lyceelecorbusier.eu\/perspectivessonores\/wp-content\/uploads\/sites\/26\/2016\/09\/14379809_10210212795015955_277703718399156025_o.jpg 1935w, https:\/\/www.lyceelecorbusier.eu\/perspectivessonores\/wp-content\/uploads\/sites\/26\/2016\/09\/14379809_10210212795015955_277703718399156025_o-300x147.jpg 300w, https:\/\/www.lyceelecorbusier.eu\/perspectivessonores\/wp-content\/uploads\/sites\/26\/2016\/09\/14379809_10210212795015955_277703718399156025_o-768x377.jpg 768w, https:\/\/www.lyceelecorbusier.eu\/perspectivessonores\/wp-content\/uploads\/sites\/26\/2016\/09\/14379809_10210212795015955_277703718399156025_o-1024x502.jpg 1024w, https:\/\/www.lyceelecorbusier.eu\/perspectivessonores\/wp-content\/uploads\/sites\/26\/2016\/09\/14379809_10210212795015955_277703718399156025_o-1800x883.jpg 1800w, https:\/\/www.lyceelecorbusier.eu\/perspectivessonores\/wp-content\/uploads\/sites\/26\/2016\/09\/14379809_10210212795015955_277703718399156025_o-960x471.jpg 960w\" sizes=\"(max-width: 1935px) 100vw, 1935px\" \/><\/p>\n<p>Avant de te parler un peu plus de notre projet nous voulons \u00e9clairer ta lanterne concernant notre nom SO(M)N.AM.BULE. Notre intention est de te faire d\u00e9couvrir les collections musicales mais aussi les films et les s\u00e9ries de la M\u00e9diath\u00e8que Malraux, qui pourront occuper tes jours et tes nuits. La musique te transporte et cr\u00e9e une bulle autour de toi et de ceux avec qui tu la partages et les films sont tes amis lors d\u2019insomnies. Ce m\u00e9lange nous am\u00e8ne au jeu de mots SO(M)N.AM.BULE.<\/p>\n<p>Tu l\u2019as sans doute compris, la M\u00e9diath\u00e8que Malraux regorge de s\u00e9ries, films et musiques en tous genres et nous sommes l\u00e0 pour t\u2019aider \u00e0 mieux conna\u00eetre ses diff\u00e9rentes collections.<\/p>\n<p>Pour l\u2019instant nous voulons apprendre \u00e0 mieux conna\u00eetre tes habitudes, tes besoins et tes souhaits vis-\u00e0-vis de la m\u00e9diath\u00e8que et pour cela nous allons former diff\u00e9rents ateliers. C\u2019est le moment de venir tester un d\u00e9fouloir dansant, ou de nous communiquer tes habitudes de fr\u00e9quentation du service multim\u00e9dia, laisse-nous aussi tes impressions et tes id\u00e9es ! Tu pourras \u00e9galement venir meumeumer avec nous pour envisager de retrouver ce titre qui te trotte dans la t\u00eate depuis 2 jours ! Et si tu es un adepte des balades du dimanche, tu pourrais te pr\u00eater \u00e0 une d\u00e9couverte des sons de la m\u00e9diath\u00e8que dans l&#8217;espace urbain<\/p>\n<p><span style=\"font-weight: 400;color: #000000;font-family: helvetica, arial, sans-serif;font-size: 12pt\">\u00a0<\/span><\/p>\n","protected":false},"excerpt":{"rendered":"<p>Avant de te parler un peu plus de notre projet nous voulons \u00e9clairer ta lanterne concernant notre nom SO(M)N.AM.BULE. Notre intention est de te faire d\u00e9couvrir les collections musicales mais aussi les films et les s\u00e9ries de la&#8230; <a class=\"read-more\" href=\"https:\/\/www.lyceelecorbusier.eu\/perspectivessonores\/?p=309\">Lire la suite&#8230;<\/a><\/p>\n","protected":false},"author":1,"featured_media":0,"comment_status":"closed","ping_status":"closed","sticky":false,"template":"","format":"image","meta":[],"categories":[6,1],"tags":[],"_links":{"self":[{"href":"https:\/\/www.lyceelecorbusier.eu\/perspectivessonores\/index.php?rest_route=\/wp\/v2\/posts\/309"}],"collection":[{"href":"https:\/\/www.lyceelecorbusier.eu\/perspectivessonores\/index.php?rest_route=\/wp\/v2\/posts"}],"about":[{"href":"https:\/\/www.lyceelecorbusier.eu\/perspectivessonores\/index.php?rest_route=\/wp\/v2\/types\/post"}],"author":[{"embeddable":true,"href":"https:\/\/www.lyceelecorbusier.eu\/perspectivessonores\/index.php?rest_route=\/wp\/v2\/users\/1"}],"replies":[{"embeddable":true,"href":"https:\/\/www.lyceelecorbusier.eu\/perspectivessonores\/index.php?rest_route=%2Fwp%2Fv2%2Fcomments&post=309"}],"version-history":[{"count":4,"href":"https:\/\/www.lyceelecorbusier.eu\/perspectivessonores\/index.php?rest_route=\/wp\/v2\/posts\/309\/revisions"}],"predecessor-version":[{"id":316,"href":"https:\/\/www.lyceelecorbusier.eu\/perspectivessonores\/index.php?rest_route=\/wp\/v2\/posts\/309\/revisions\/316"}],"wp:attachment":[{"href":"https:\/\/www.lyceelecorbusier.eu\/perspectivessonores\/index.php?rest_route=%2Fwp%2Fv2%2Fmedia&parent=309"}],"wp:term":[{"taxonomy":"category","embeddable":true,"href":"https:\/\/www.lyceelecorbusier.eu\/perspectivessonores\/index.php?rest_route=%2Fwp%2Fv2%2Fcategories&post=309"},{"taxonomy":"post_tag","embeddable":true,"href":"https:\/\/www.lyceelecorbusier.eu\/perspectivessonores\/index.php?rest_route=%2Fwp%2Fv2%2Ftags&post=309"}],"curies":[{"name":"wp","href":"https:\/\/api.w.org\/{rel}","templated":true}]}}