{"id":300,"date":"2016-09-19T10:17:02","date_gmt":"2016-09-19T08:17:02","guid":{"rendered":"http:\/\/www.lyceelecorbusier.eu\/perspectivessonores\/?p=300"},"modified":"2016-09-22T00:33:25","modified_gmt":"2016-09-21T22:33:25","slug":"triolet-experiences-sensorielles","status":"publish","type":"post","link":"https:\/\/www.lyceelecorbusier.eu\/perspectivessonores\/?p=300","title":{"rendered":"<b>Triolet<\/b> | Exp\u00e9riences sensorielles"},"content":{"rendered":"<p><span style=\"color: #263680\">Au milieu de la cohue urbaine, nous apercevons la passerelle. Au del\u00e0, d&#8217;immenses volumes occupent l&#8217;espace de toute leur prestance. Une fois engag\u00e9s sur le pont de m\u00e9tal, le brouhaha de la ville s&#8217;\u00e9teint peu \u00e0 peu pour laisser place \u00e0 un lieu serein, \u00e0 part. Ici, seuls quelques grondements \u00e9touff\u00e9s de la circulation nous parviennent accompagn\u00e9s des bruits de pas press\u00e9s des passants et de la vie animale qui r\u00e8gne sur le canal. L\u2019identit\u00e9 industrielle qui demeure dans l&#8217;architecture du lieu contraste \u00e9l\u00e9gamment avec la vis\u00e9e culturelle de chacune des structures. Lorsque nous passons le sas de la biblioth\u00e8que, son int\u00e9rieur est \u00e0 la hauteur de sa fa\u00e7ade. Impressionnant. Grandiose. L&#8217;espace d&#8217;entr\u00e9e offre un panorama sur les \u00e9tages sup\u00e9rieurs \u00e0 nous en donner le vertige et malgr\u00e9 la population dense qui semble c\u00f4toyer ce milieu, le paysage sonore n&#8217;y est pas moins agr\u00e9able et reposant. Baign\u00e9 de rouge, de ciment, de verre, de blanc et de citations litt\u00e9raires, la m\u00e9diath\u00e8que appara\u00eet comme un chef-d\u2019\u0153uvre du design contemporain. Chaque \u00e9tage semble poss\u00e9der son identit\u00e9 propre tel un ensemble de mondes empil\u00e9s par strates sur de larges piliers. L&#8217;escalier de fer, telle la colonne vert\u00e9brale de la m\u00e9diath\u00e8que, dessert chaque \u00e9tage permettant \u00e0 ses usagers de voyager ais\u00e9ment entre les diff\u00e9rents univers. L&#8217;espace jeux vid\u00e9os respire la jeunesse et l&#8217;oisivet\u00e9 tandis que le service Musique et Cin\u00e9ma se voit beaucoup plus calme, un lieu o\u00f9 chaque sonorit\u00e9s se cachent au creux de chaque bo\u00eetier&#8230;<\/span><\/p>\n<p><span style=\"color: #263680\">Les heures passent et les rencontres avec les diff\u00e9rents partenaires du projet s&#8217;encha\u00eenent. Quand treize heures s&#8217;affichent \u00e0 nos montres, il est temps d&#8217;assister aux exp\u00e9riences sonores. Pour la premi\u00e8re la designer Pauline nous a fait part de son exp\u00e9rience en nous incitant \u00e0 la perception du paysage sonore pr\u00e9sent tout autour de nous ainsi que les trajectoires du son lorsque celui-ci \u00e9volue dans un espace. Entendre le son ricocher entre plusieurs volumes est une exp\u00e9rience assez d\u00e9stabilisante. Vraiment. Celles o\u00f9 nous testions le micro binaural l&#8217;est encore plus. Le son para\u00eet s&#8217;\u00e9manciper des \u00e9couteurs audio comme s&#8217;il appartenait \u00e0 notre avait lieu juste derri\u00e8re nous. L&#8217;artiste sonore Martial a quant \u00e0 lui cr\u00e9er un v\u00e9ritable laboratoire de sonorit\u00e9s dans lequel il exp\u00e9rimente l&#8217;objet sonore dans sa large d\u00e9finition. Nous nous sommes ainsi rendu compte que notre v\u00e9cu, notre exp\u00e9rience, notre r\u00e9f\u00e9rentiel du sensible acquis au cours du temps d\u00e9chiffrent les vibrations physiques du son en \u00e9motions diverses. D\u00e8s lors, une m\u00eame musique peut para\u00eetre stressante ou apaisante selon le choix des instruments, du rythme de lecture&#8230;<\/span><\/p>\n<p><span style=\"color: #263680\">Finalement, ces ateliers riches en d\u00e9couvertes nous ont donn\u00e9 les clefs afin d&#8217;appr\u00e9hender au mieux notre probl\u00e9matique pour se lancer sans crainte sur la voie des perspectives sonores.<\/span><\/p>\n","protected":false},"excerpt":{"rendered":"<p>Au milieu de la cohue urbaine, nous apercevons la passerelle. Au del\u00e0, d&#8217;immenses volumes occupent l&#8217;espace de toute leur prestance. Une fois engag\u00e9s sur le pont de m\u00e9tal, le brouhaha de la ville s&#8217;\u00e9teint peu \u00e0 peu pour&#8230; <a class=\"read-more\" href=\"https:\/\/www.lyceelecorbusier.eu\/perspectivessonores\/?p=300\">Lire la suite&#8230;<\/a><\/p>\n","protected":false},"author":1,"featured_media":387,"comment_status":"closed","ping_status":"closed","sticky":false,"template":"","format":"standard","meta":[],"categories":[4],"tags":[],"_links":{"self":[{"href":"https:\/\/www.lyceelecorbusier.eu\/perspectivessonores\/index.php?rest_route=\/wp\/v2\/posts\/300"}],"collection":[{"href":"https:\/\/www.lyceelecorbusier.eu\/perspectivessonores\/index.php?rest_route=\/wp\/v2\/posts"}],"about":[{"href":"https:\/\/www.lyceelecorbusier.eu\/perspectivessonores\/index.php?rest_route=\/wp\/v2\/types\/post"}],"author":[{"embeddable":true,"href":"https:\/\/www.lyceelecorbusier.eu\/perspectivessonores\/index.php?rest_route=\/wp\/v2\/users\/1"}],"replies":[{"embeddable":true,"href":"https:\/\/www.lyceelecorbusier.eu\/perspectivessonores\/index.php?rest_route=%2Fwp%2Fv2%2Fcomments&post=300"}],"version-history":[{"count":8,"href":"https:\/\/www.lyceelecorbusier.eu\/perspectivessonores\/index.php?rest_route=\/wp\/v2\/posts\/300\/revisions"}],"predecessor-version":[{"id":304,"href":"https:\/\/www.lyceelecorbusier.eu\/perspectivessonores\/index.php?rest_route=\/wp\/v2\/posts\/300\/revisions\/304"}],"wp:featuredmedia":[{"embeddable":true,"href":"https:\/\/www.lyceelecorbusier.eu\/perspectivessonores\/index.php?rest_route=\/wp\/v2\/media\/387"}],"wp:attachment":[{"href":"https:\/\/www.lyceelecorbusier.eu\/perspectivessonores\/index.php?rest_route=%2Fwp%2Fv2%2Fmedia&parent=300"}],"wp:term":[{"taxonomy":"category","embeddable":true,"href":"https:\/\/www.lyceelecorbusier.eu\/perspectivessonores\/index.php?rest_route=%2Fwp%2Fv2%2Fcategories&post=300"},{"taxonomy":"post_tag","embeddable":true,"href":"https:\/\/www.lyceelecorbusier.eu\/perspectivessonores\/index.php?rest_route=%2Fwp%2Fv2%2Ftags&post=300"}],"curies":[{"name":"wp","href":"https:\/\/api.w.org\/{rel}","templated":true}]}}