{"id":150,"date":"2016-09-12T21:50:02","date_gmt":"2016-09-12T19:50:02","guid":{"rendered":"http:\/\/www.lyceelecorbusier.eu\/perspectivessonores\/?p=150"},"modified":"2016-09-19T10:46:01","modified_gmt":"2016-09-19T08:46:01","slug":"somnambule-ateliers-sonores","status":"publish","type":"post","link":"https:\/\/www.lyceelecorbusier.eu\/perspectivessonores\/?p=150","title":{"rendered":"SO(M)NAMBULE \/\/ Ateliers sonores"},"content":{"rendered":"<p><span style=\"color: #000000\">Au cours de la premi\u00e8re semaine du projet, nous avons pu d\u00e9couvrir la m\u00e9diath\u00e8que et la presqu\u2019\u00eele Malraux \u00e0 travers des ateliers sonores.<\/span><\/p>\n<p><span style=\"color: #000000\">La mesure de l\u2019espace sonore qui nous entoure a \u00e9t\u00e9 la posture port\u00e9e par Pauline Desgrandchamp, designer global. Tout d\u2019abord, lorsque tu \u00e9coutes l\u2019espace alentour \u00e0 la presqu\u2019\u00eele et la m\u00e9diath\u00e8que, ton ou\u00efe s\u00e9lectionne les sons qui vont lui permettre de mod\u00e9liser le lieu.<\/span><\/p>\n<p><span style=\"color: #000000\">Les sons les plus signifiants sont ceux des travaux, des ouvriers, du m\u00e9tal retentissant. Ils sont \u00e0 l\u2019image de la naissance de ce nouveau quartier qu\u2019est Rive Etoile, en \u00e9bullition. A contrario, les vents mouvant les feuilles des arbres, les oiseaux ou encore les passants deviennent passifs dans l\u2019appr\u00e9ciation du territoire.<\/span><\/p>\n<p><span style=\"color: #000000\">Nous nous sommes ensuite int\u00e9ress\u00e9s \u00e0 la r\u00e9verb\u00e9ration des sons et \u00e0 l\u2019\u00e9cho qui entoure ces lieux, et qui en modifient leurs formes ressenties. Le silence de la salle des archives est religieux, sacralis\u00e9, \u00e0 l\u2019image du sol d\u2019or de cette pi\u00e8ce. L\u2019\u00e9coute au micro-binaural a \u00e9t\u00e9 une exp\u00e9rience qui d\u00e9stabilise la conception de l\u2019espace dans lequel tu te trouves.<\/span><\/p>\n<p>&nbsp;<\/p>\n<p><span style=\"color: #000000\">Munis-toi d\u2019\u00e9couteurs ou d\u2019un casque audio et d\u00e9couvre par toi-m\u00eame\u00a0! Pour cela, tape &#8220;chez le coiffeur binaural&#8221; dans ta barre de recherche YouTube, tu en trouveras \u00e0 foison !<\/span><\/p>\n<p>&nbsp;<\/p>\n<p><span style=\"color: #000000\">Au cours de l\u2019atelier sonore pr\u00e9sent\u00e9 par Martial Daunis, artiste explorateur sonore, les diff\u00e9rences de perception des sons et musiques \u00e9taient \u00e0 l\u2019honneur. Selon, la personnalit\u00e9, le moment, le type de diffusion des sons, un m\u00eame son peut te para\u00eetre enti\u00e8rement \u00e9tranger et en bousculer ton appr\u00e9ciation premi\u00e8re. Il existe donc une infinie pluralit\u00e9 d\u2019approche des sons, bruits et musiques. Leur plasticit\u00e9 est personnelle et immense.<\/span><\/p>\n","protected":false},"excerpt":{"rendered":"<p>Au cours de la premi\u00e8re semaine du projet, nous avons pu d\u00e9couvrir la m\u00e9diath\u00e8que et la presqu\u2019\u00eele Malraux \u00e0 travers des ateliers sonores. La mesure de l\u2019espace sonore qui nous entoure a \u00e9t\u00e9 la posture port\u00e9e par Pauline&#8230; <a class=\"read-more\" href=\"https:\/\/www.lyceelecorbusier.eu\/perspectivessonores\/?p=150\">Lire la suite&#8230;<\/a><\/p>\n","protected":false},"author":1,"featured_media":320,"comment_status":"closed","ping_status":"closed","sticky":false,"template":"","format":"standard","meta":[],"categories":[6],"tags":[20,14,15],"_links":{"self":[{"href":"https:\/\/www.lyceelecorbusier.eu\/perspectivessonores\/index.php?rest_route=\/wp\/v2\/posts\/150"}],"collection":[{"href":"https:\/\/www.lyceelecorbusier.eu\/perspectivessonores\/index.php?rest_route=\/wp\/v2\/posts"}],"about":[{"href":"https:\/\/www.lyceelecorbusier.eu\/perspectivessonores\/index.php?rest_route=\/wp\/v2\/types\/post"}],"author":[{"embeddable":true,"href":"https:\/\/www.lyceelecorbusier.eu\/perspectivessonores\/index.php?rest_route=\/wp\/v2\/users\/1"}],"replies":[{"embeddable":true,"href":"https:\/\/www.lyceelecorbusier.eu\/perspectivessonores\/index.php?rest_route=%2Fwp%2Fv2%2Fcomments&post=150"}],"version-history":[{"count":7,"href":"https:\/\/www.lyceelecorbusier.eu\/perspectivessonores\/index.php?rest_route=\/wp\/v2\/posts\/150\/revisions"}],"predecessor-version":[{"id":321,"href":"https:\/\/www.lyceelecorbusier.eu\/perspectivessonores\/index.php?rest_route=\/wp\/v2\/posts\/150\/revisions\/321"}],"wp:featuredmedia":[{"embeddable":true,"href":"https:\/\/www.lyceelecorbusier.eu\/perspectivessonores\/index.php?rest_route=\/wp\/v2\/media\/320"}],"wp:attachment":[{"href":"https:\/\/www.lyceelecorbusier.eu\/perspectivessonores\/index.php?rest_route=%2Fwp%2Fv2%2Fmedia&parent=150"}],"wp:term":[{"taxonomy":"category","embeddable":true,"href":"https:\/\/www.lyceelecorbusier.eu\/perspectivessonores\/index.php?rest_route=%2Fwp%2Fv2%2Fcategories&post=150"},{"taxonomy":"post_tag","embeddable":true,"href":"https:\/\/www.lyceelecorbusier.eu\/perspectivessonores\/index.php?rest_route=%2Fwp%2Fv2%2Ftags&post=150"}],"curies":[{"name":"wp","href":"https:\/\/api.w.org\/{rel}","templated":true}]}}